{"id":46913,"date":"2026-09-03T19:47:42","date_gmt":"2026-09-03T22:47:42","guid":{"rendered":"https:\/\/www.almargenweb.com.ar\/web\/?p=46913"},"modified":"2026-09-03T19:47:42","modified_gmt":"2026-09-03T22:47:42","slug":"fondo-joven-de-accion-climatica-mas-de-140-personas-participaron-del-primer-taller-de-cocreacion","status":"publish","type":"post","link":"https:\/\/www.almargenweb.com.ar\/web\/fondo-joven-de-accion-climatica-mas-de-140-personas-participaron-del-primer-taller-de-cocreacion\/","title":{"rendered":"Fondo Joven de Acci\u00f3n Clim\u00e1tica: m\u00e1s de 140 personas participaron del primer taller de cocreaci\u00f3n"},"content":{"rendered":"\n<h2 class=\"wp-block-heading\">\u201cEs fundamental que los j\u00f3venes sean protagonistas en la construcci\u00f3n de soluciones a futuro\u201d, dijo el intendente.<\/h2>\n\n\n\n<p>En el marco del Fondo Joven de Acci\u00f3n Clim\u00e1tica, la Municipalidad de Esperanza, a trav\u00e9s de la Secretar\u00eda de Planeamiento y Proyectos, llev\u00f3 adelante el primer taller de cocreaci\u00f3n que cont\u00f3 con la participaci\u00f3n de m\u00e1s de 140 personas entre j\u00f3venes, docentes, directivos de escuelas y miembros de clubes e instituciones de la ciudad.<\/p>\n\n\n\n<p>La actividad estuvo encabezada por el intendente de Esperanza, Rodrigo M\u00fcller; y la secretaria de Planeamiento y Proyectos, Evangelina Pirola.<\/p>\n\n\n\n<figure class=\"wp-block-image size-large\"><img loading=\"lazy\" decoding=\"async\" width=\"1024\" height=\"576\" src=\"https:\/\/www.almargenweb.com.ar\/web\/wp-content\/uploads\/2026\/09\/fondojoven2-1536x864-1-1024x576.jpg\" alt=\"\" class=\"wp-image-46915\" srcset=\"https:\/\/www.almargenweb.com.ar\/web\/wp-content\/uploads\/2026\/09\/fondojoven2-1536x864-1-1024x576.jpg 1024w, https:\/\/www.almargenweb.com.ar\/web\/wp-content\/uploads\/2026\/09\/fondojoven2-1536x864-1-300x169.jpg 300w, https:\/\/www.almargenweb.com.ar\/web\/wp-content\/uploads\/2026\/09\/fondojoven2-1536x864-1-768x432.jpg 768w, https:\/\/www.almargenweb.com.ar\/web\/wp-content\/uploads\/2026\/09\/fondojoven2-1536x864-1.jpg 1200w\" sizes=\"auto, (max-width: 1024px) 100vw, 1024px\" \/><\/figure>\n\n\n\n<p>Durante el encuentro, M\u00fcller destac\u00f3 la importancia de \u201cgenerar estos espacios para escuchar la voz de los j\u00f3venes, conocer sus ideas y darles herramientas para que puedan transformar sus inquietudes en proyectos concretos. Son ellos quienes van a vivir durante m\u00e1s tiempo los desaf\u00edos que plantea el cambio clim\u00e1tico y, por eso, es fundamental que sean protagonistas en la construcci\u00f3n de las soluciones\u201d.<\/p>\n\n\n\n<p>Evangelina Pirola agradeci\u00f3 \u201ca todos los j\u00f3venes, docentes, directivos e instituciones que se sumaron a esta primera jornada y que hicieron posible este espacio de intercambio y participaci\u00f3n\u201d. En este sentido, record\u00f3 que \u201cla convocatoria contin\u00faa abierta y todav\u00eda hay tiempo para que se incorporen nuevos proyectos e ideas que puedan contribuir a mejorar nuestra ciudad y enfrentar los desaf\u00edos ambientales\u201d.<\/p>\n\n\n\n<p>La jornada incluy\u00f3 dos horas de trabajo en equipos donde se abordaron las tem\u00e1ticas de Creatividad, Innovaci\u00f3n social y Ambiente de manera din\u00e1mica y participativa, a cargo de Karina Aracha Minella y Andr\u00e9s Wursten, especialistas en comunicaci\u00f3n social y mediaci\u00f3n cultural, con amplia trayectoria en proyectos de investigaci\u00f3n, innovaci\u00f3n y desarrollo ligados a la interacci\u00f3n entre ciencia y comunidad.<\/p>\n\n\n\n<p>Al finalizar el encuentro se presentaron 20 ideas proyectos para abordar diferentes problem\u00e1ticas ambientales de la ciudad: recolecci\u00f3n y reutilizaci\u00f3n de botellas pl\u00e1sticas, generaci\u00f3n de eco ladrillos a partir de residuos textiles, fomento a la movilidad peatonal, tratamiento de los residuos de la construcci\u00f3n, fomento al cultivo hidrop\u00f3nico, generaci\u00f3n de macetas a partir de yerba, prevenci\u00f3n y monitoreo del dengue, revalorizaci\u00f3n del arbolado nativo, generaci\u00f3n de biodigestores, mejora de los espacios p\u00fablicos, mejoramiento del sistema de recolecci\u00f3n de aceites vegetales usados, indicadores org\u00e1nicos para medir el estado de los alimentos, construcci\u00f3n de briquetas de carb\u00f3n a partir de residuos textiles, fomento al cultivo de semillas no alteradas y reutilizaci\u00f3n de los residuos de aparatos el\u00e9ctricos y electr\u00f3nicos.<a href=\"https:\/\/esperanza.gob.ar\/#facebook\" target=\"_blank\" rel=\"noreferrer noopener\"><\/a><\/p>\n\n\n\n<figure class=\"wp-block-image size-large\"><img loading=\"lazy\" decoding=\"async\" width=\"1024\" height=\"576\" src=\"https:\/\/www.almargenweb.com.ar\/web\/wp-content\/uploads\/2026\/09\/IMG_1704-1536x864-1-1024x576.jpg\" alt=\"\" class=\"wp-image-46916\" srcset=\"https:\/\/www.almargenweb.com.ar\/web\/wp-content\/uploads\/2026\/09\/IMG_1704-1536x864-1-1024x576.jpg 1024w, https:\/\/www.almargenweb.com.ar\/web\/wp-content\/uploads\/2026\/09\/IMG_1704-1536x864-1-300x169.jpg 300w, https:\/\/www.almargenweb.com.ar\/web\/wp-content\/uploads\/2026\/09\/IMG_1704-1536x864-1-768x432.jpg 768w, https:\/\/www.almargenweb.com.ar\/web\/wp-content\/uploads\/2026\/09\/IMG_1704-1536x864-1.jpg 1200w\" sizes=\"auto, (max-width: 1024px) 100vw, 1024px\" \/><\/figure>\n\n\n\n<p>De la actividad tambi\u00e9n participaron la diputada provincial Jimena Senn y la secretaria de Ambiente y Servicios P\u00fablicos, Lorena Domig, y la coordinadora del Observatorio de Pol\u00edticas Municipales, Paula Pinter.<\/p>\n\n\n\n<p><strong>CONVOCATORIA ABIERTA<br><\/strong>La convocatoria para presentar proyectos contin\u00faa abierta hasta el pr\u00f3ximo 21 de septiembre. Los interesados pueden inscribirse completando el&nbsp;<a href=\"https:\/\/docs.google.com\/forms\/d\/e\/1FAIpQLSeyhw8QrBm4GGTjVX5DVaQimutmXDOMwIeAwfgpIkK5aahPrA\/viewform\">formulario de inscripci\u00f3n<\/a>.<\/p>\n\n\n\n<p>Para m\u00e1s informaci\u00f3n, se puede consultar la web de la&nbsp;<a href=\"https:\/\/esperanza.gob.ar\/fondo-joven-de-accion-climatica\/\">Municipalidad<\/a><\/p>\n\n\n\n<figure class=\"wp-block-image size-large\"><img loading=\"lazy\" decoding=\"async\" width=\"1024\" height=\"576\" src=\"https:\/\/www.almargenweb.com.ar\/web\/wp-content\/uploads\/2026\/09\/fondojoven4-1536x864-1-1024x576.jpg\" alt=\"\" class=\"wp-image-46917\" srcset=\"https:\/\/www.almargenweb.com.ar\/web\/wp-content\/uploads\/2026\/09\/fondojoven4-1536x864-1-1024x576.jpg 1024w, https:\/\/www.almargenweb.com.ar\/web\/wp-content\/uploads\/2026\/09\/fondojoven4-1536x864-1-300x169.jpg 300w, https:\/\/www.almargenweb.com.ar\/web\/wp-content\/uploads\/2026\/09\/fondojoven4-1536x864-1-768x432.jpg 768w, https:\/\/www.almargenweb.com.ar\/web\/wp-content\/uploads\/2026\/09\/fondojoven4-1536x864-1.jpg 1200w\" sizes=\"auto, (max-width: 1024px) 100vw, 1024px\" \/><\/figure>\n<!-- AddThis Advanced Settings generic via filter on the_content --><!-- AddThis Share Buttons generic via filter on the_content -->","protected":false},"excerpt":{"rendered":"<p>\u201cEs fundamental que los j\u00f3venes sean protagonistas en la construcci\u00f3n de soluciones a futuro\u201d, dijo el [&hellip;]<!-- AddThis Advanced Settings generic via filter on get_the_excerpt --><!-- AddThis Share Buttons generic via filter on get_the_excerpt --><\/p>\n","protected":false},"author":17,"featured_media":46914,"comment_status":"closed","ping_status":"open","sticky":false,"template":"","format":"standard","meta":{"_seopress_titles_title":"","_seopress_titles_desc":"","_seopress_robots_index":"","_seopress_robots_follow":"","_seopress_robots_imageindex":"","_seopress_robots_snippet":"","_seopress_robots_primary_cat":"","_seopress_robots_breadcrumbs":"","_seopress_robots_freeze_modified_date":"","_seopress_robots_custom_modified_date":"","_seopress_robots_canonical":"","_seopress_social_fb_title":"","_seopress_social_fb_desc":"","_seopress_social_fb_img":"","_seopress_social_fb_img_attachment_id":0,"_seopress_social_fb_img_width":0,"_seopress_social_fb_img_height":0,"_seopress_social_twitter_title":"","_seopress_social_twitter_desc":"","_seopress_social_twitter_img":"","_seopress_social_twitter_img_attachment_id":0,"_seopress_social_twitter_img_width":0,"_seopress_social_twitter_img_height":0,"_seopress_redirections_value":"","_seopress_redirections_enabled":"","_seopress_redirections_enabled_regex":"","_seopress_redirections_logged_status":"","_seopress_redirections_param":"","_seopress_redirections_type":0,"_seopress_analysis_target_kw":"","_themeisle_gutenberg_block_has_review":false,"footnotes":""},"categories":[164,47],"tags":[],"class_list":["post-46913","post","type-post","status-publish","format-standard","has-post-thumbnail","hentry","category-ambiente","category-locales"],"_links":{"self":[{"href":"https:\/\/www.almargenweb.com.ar\/web\/wp-json\/wp\/v2\/posts\/46913","targetHints":{"allow":["GET"]}}],"collection":[{"href":"https:\/\/www.almargenweb.com.ar\/web\/wp-json\/wp\/v2\/posts"}],"about":[{"href":"https:\/\/www.almargenweb.com.ar\/web\/wp-json\/wp\/v2\/types\/post"}],"author":[{"embeddable":true,"href":"https:\/\/www.almargenweb.com.ar\/web\/wp-json\/wp\/v2\/users\/17"}],"replies":[{"embeddable":true,"href":"https:\/\/www.almargenweb.com.ar\/web\/wp-json\/wp\/v2\/comments?post=46913"}],"version-history":[{"count":1,"href":"https:\/\/www.almargenweb.com.ar\/web\/wp-json\/wp\/v2\/posts\/46913\/revisions"}],"predecessor-version":[{"id":46918,"href":"https:\/\/www.almargenweb.com.ar\/web\/wp-json\/wp\/v2\/posts\/46913\/revisions\/46918"}],"wp:featuredmedia":[{"embeddable":true,"href":"https:\/\/www.almargenweb.com.ar\/web\/wp-json\/wp\/v2\/media\/46914"}],"wp:attachment":[{"href":"https:\/\/www.almargenweb.com.ar\/web\/wp-json\/wp\/v2\/media?parent=46913"}],"wp:term":[{"taxonomy":"category","embeddable":true,"href":"https:\/\/www.almargenweb.com.ar\/web\/wp-json\/wp\/v2\/categories?post=46913"},{"taxonomy":"post_tag","embeddable":true,"href":"https:\/\/www.almargenweb.com.ar\/web\/wp-json\/wp\/v2\/tags?post=46913"}],"curies":[{"name":"wp","href":"https:\/\/api.w.org\/{rel}","templated":true}]}}