{"id":46907,"date":"2026-09-03T19:44:22","date_gmt":"2026-09-03T22:44:22","guid":{"rendered":"https:\/\/www.almargenweb.com.ar\/web\/?p=46907"},"modified":"2026-09-03T19:44:22","modified_gmt":"2026-09-03T22:44:22","slug":"pullaro-inauguro-la-unidad-penitenciaria-de-recreo-y-convoco-a-terminar-con-el-garantismo-bobo","status":"publish","type":"post","link":"https:\/\/www.almargenweb.com.ar\/web\/pullaro-inauguro-la-unidad-penitenciaria-de-recreo-y-convoco-a-terminar-con-el-garantismo-bobo\/","title":{"rendered":"Pullaro inaugur\u00f3 la Unidad Penitenciaria de Recreo y convoc\u00f3 a \u201cterminar con el garantismo bobo\u201d"},"content":{"rendered":"\n<h2 class=\"wp-block-heading\">\u201cEs la c\u00e1rcel m\u00e1s moderna que hay en Argentina\u201d, dijo el gobernador y asegur\u00f3 que \u201ca los delincuentes los vamos a buscar a sus casas, los detenemos y los ponemos tras las rejas\u201d. Contar\u00e1 con 891 plazas carcelarias.<\/h2>\n\n\n\n<p>El gobernador Maximiliano Pullaro inaugur\u00f3 este jueves la Unidad Penitenciaria N\u00b0 9 en Recreo, en el departamento La Capital. El edificio contar\u00e1 con 891 plazas carcelarias y tendr\u00e1 uno de sus pabellones destinado a mujeres. El nuevo complejo permitir\u00e1 descomprimir las comisar\u00edas de la regi\u00f3n. Entre la construcci\u00f3n y la tecnolog\u00eda dispuesta, la inversi\u00f3n alcanza los 80 millones de d\u00f3lares.&nbsp;<\/p>\n\n\n\n<p>En ese contexto, Pullaro reconoci\u00f3 que \u201clos santafesinos est\u00e1bamos hartos que desde las c\u00e1rceles controlen la calle y que a esta provincia la hayan hecho arrodillar y la hayan llamado la provincia del narcotr\u00e1fico\u201d, por lo cual asegur\u00f3 que \u201ccuando el Estado quiere puede poner l\u00edmites y cuando hay determinaci\u00f3n y decisi\u00f3n, podemos dar los debates ideol\u00f3gicos que demanda la sociedad para poder vivir mejor\u201d.<\/p>\n\n\n\n<p>En ese sentido, el gobernador manifest\u00f3 \u201cno sentir verg\u00fcenza\u201d de dar el debate necesario para \u201cterminar con ese garantismo bobo que le hizo da\u00f1o al pa\u00eds y que ubicaba a los delincuentes en lugar de v\u00edctimas y a la sociedad en lugar de victimarios\u201d, convocando a \u201ccombatir ideol\u00f3gicamente y con datos concretos, a ese garantismo bobo que pretende debatir en Santa Fe la pol\u00edtica p\u00fablica de seguridad\u201d.<\/p>\n\n\n\n<figure class=\"wp-block-image size-large\"><img loading=\"lazy\" decoding=\"async\" width=\"1024\" height=\"684\" src=\"https:\/\/www.almargenweb.com.ar\/web\/wp-content\/uploads\/2026\/09\/2026-09-03NID_287200O_2-1024x684.jpeg\" alt=\"\" class=\"wp-image-46909\" srcset=\"https:\/\/www.almargenweb.com.ar\/web\/wp-content\/uploads\/2026\/09\/2026-09-03NID_287200O_2-1024x684.jpeg 1024w, https:\/\/www.almargenweb.com.ar\/web\/wp-content\/uploads\/2026\/09\/2026-09-03NID_287200O_2-300x200.jpeg 300w, https:\/\/www.almargenweb.com.ar\/web\/wp-content\/uploads\/2026\/09\/2026-09-03NID_287200O_2-768x513.jpeg 768w, https:\/\/www.almargenweb.com.ar\/web\/wp-content\/uploads\/2026\/09\/2026-09-03NID_287200O_2.jpeg 1200w\" sizes=\"auto, (max-width: 1024px) 100vw, 1024px\" \/><\/figure>\n\n\n\n<p><strong>Un Estado que pone a los delincuentes tras las rejas<\/strong><\/p>\n\n\n\n<p>El mandatario provincial asegur\u00f3 que el Estado \u201ccuando se organiza con determinaci\u00f3n, decisi\u00f3n y no pacta con los delincuentes, es m\u00e1s fuerte que cualquier organizaci\u00f3n criminal\u201d, por lo que sentenci\u00f3: \u201cQue no vengan a hablar de pacto aquellos que fracasaron y nos llevaron a los \u00edndices m\u00e1s altos de violencia y de delito en la provincia, porque aqu\u00ed el Estado, a los delincuentes, los va a buscar a sus casas y con el marco que determina la ley, les rompe la puerta, los detiene y los pone en pabellones de alto perfil\u201d.&nbsp;<\/p>\n\n\n\n<p>Adem\u00e1s, Pullaro destac\u00f3 que la unidad penitenciaria inaugurada \u201ces la c\u00e1rcel m\u00e1s moderna que hay en Argentina, con los muros, las rejas, el personal y la tecnolog\u00eda necesarias para permitirnos tener mejores niveles de seguridad\u201d, y se\u00f1al\u00f3 que su plan de seguridad \u201cno llega hasta ac\u00e1\u201d sino que \u201cnuestro objetivo es que Santa Fe sea la provincia m\u00e1s segura del pa\u00eds\u201d, dijo.&nbsp;<\/p>\n\n\n\n<p>Y en relaci\u00f3n a esto, record\u00f3 que \u201cel kirchnerismo hablaba de seguridad p\u00fablica y nos corr\u00eda todo el tiempo con eso, pero hoy no hablan m\u00e1s. Corrieron de la agenda pol\u00edtica y p\u00fablica la seguridad\u201d, remarc\u00f3 y sentenci\u00f3 que desde su gesti\u00f3n \u201cno corremos a la seguridad de la agenda p\u00fablica porque si la sociedad siente que est\u00e1 mucho mejor, nosotros le decimos que vamos a estar mucho mejor de lo que estamos hoy\u201d.&nbsp;<\/p>\n\n\n\n<p><strong>Plan de infraestructura carcelaria<\/strong><\/p>\n\n\n\n<p>Esta nueva Unidad Penitenciaria forma parte del Plan de Infraestructura Carcelaria, que ejecuta la Provincia y prev\u00e9 m\u00e1s de 7.000 plazas carcelarias nuevas durante la gesti\u00f3n de Pullaro, m\u00e1s de las que se construyeron en toda la historia de Santa Fe.&nbsp;<\/p>\n\n\n\n<figure class=\"wp-block-image size-large\"><img loading=\"lazy\" decoding=\"async\" width=\"1024\" height=\"684\" src=\"https:\/\/www.almargenweb.com.ar\/web\/wp-content\/uploads\/2026\/09\/2026-09-03NID_287200O_3-1024x684.jpeg\" alt=\"\" class=\"wp-image-46910\" srcset=\"https:\/\/www.almargenweb.com.ar\/web\/wp-content\/uploads\/2026\/09\/2026-09-03NID_287200O_3-1024x684.jpeg 1024w, https:\/\/www.almargenweb.com.ar\/web\/wp-content\/uploads\/2026\/09\/2026-09-03NID_287200O_3-300x200.jpeg 300w, https:\/\/www.almargenweb.com.ar\/web\/wp-content\/uploads\/2026\/09\/2026-09-03NID_287200O_3-768x513.jpeg 768w, https:\/\/www.almargenweb.com.ar\/web\/wp-content\/uploads\/2026\/09\/2026-09-03NID_287200O_3.jpeg 1200w\" sizes=\"auto, (max-width: 1024px) 100vw, 1024px\" \/><\/figure>\n\n\n\n<p>De esta manera, las obras ejecutadas, en ejecuci\u00f3n y proyectadas permitir\u00e1n ampliar a m\u00e1s de 14.000 la capacidad de detenci\u00f3n, lo que repercutir\u00e1 en mayor control de la poblaci\u00f3n penal, mejor organizaci\u00f3n de los perfiles criminales y una descompresi\u00f3n de los detenidos en comisar\u00eda; permitiendo que los polic\u00edas est\u00e9n en calle previniendo el delito y patrullando.<\/p>\n\n\n\n<p>La UP 9 cuenta con tres subunidades penitenciarias completas, emplazadas en el predio conocido como Colonia Penal de Recreo, sobre calle Alberdi, entre Sol\u00eds y la Ruta Nacional 11, con 475 celdas y capacidad total de 891 internos: 251 mujeres y 640 hombres.<\/p>\n\n\n\n<p><strong>Presentes<\/strong><\/p>\n\n\n\n<p>Del acto participaron la ex vicegobernadora y actual diputada nacional, Gisela Scaglia; el ministro de Justicia y Seguridad, Pablo Cococcioni; la secretaria de Asuntos Penales, Luc\u00eda Masneri; el secretario de la Unidad Ejecutora de infraestructura, Diego Leone; el senador por el departamento La Capital, Paco Garibaldi; el intendente de Recreo, Omar Colombo; la presidenta de la C\u00e1mara de Diputados y Diputadas de la provincia, Clara Garc\u00eda; el diputado provincial, Antonio Bonfatti; la subdirectora general del Servicio Penitenciario, Gabriela Tarnovsky; el director de la Escuela Penitenciaria N.\u00ba 9, Ignacio Sola; legisladores provinciales y nacionales; autoridades provinciales y municipales.<\/p>\n\n\n\n<figure class=\"wp-block-image size-large\"><img loading=\"lazy\" decoding=\"async\" width=\"1024\" height=\"575\" src=\"https:\/\/www.almargenweb.com.ar\/web\/wp-content\/uploads\/2026\/09\/2026-09-03NID_287200O_1-1024x575.jpeg\" alt=\"\" class=\"wp-image-46911\" srcset=\"https:\/\/www.almargenweb.com.ar\/web\/wp-content\/uploads\/2026\/09\/2026-09-03NID_287200O_1-1024x575.jpeg 1024w, https:\/\/www.almargenweb.com.ar\/web\/wp-content\/uploads\/2026\/09\/2026-09-03NID_287200O_1-300x168.jpeg 300w, https:\/\/www.almargenweb.com.ar\/web\/wp-content\/uploads\/2026\/09\/2026-09-03NID_287200O_1-768x431.jpeg 768w, https:\/\/www.almargenweb.com.ar\/web\/wp-content\/uploads\/2026\/09\/2026-09-03NID_287200O_1.jpeg 1140w\" sizes=\"auto, (max-width: 1024px) 100vw, 1024px\" \/><\/figure>\n<!-- AddThis Advanced Settings generic via filter on the_content --><!-- AddThis Share Buttons generic via filter on the_content -->","protected":false},"excerpt":{"rendered":"<p>\u201cEs la c\u00e1rcel m\u00e1s moderna que hay en Argentina\u201d, dijo el gobernador y asegur\u00f3 que \u201ca [&hellip;]<!-- AddThis Advanced Settings generic via filter on get_the_excerpt --><!-- AddThis Share Buttons generic via filter on get_the_excerpt --><\/p>\n","protected":false},"author":17,"featured_media":46908,"comment_status":"closed","ping_status":"open","sticky":false,"template":"","format":"standard","meta":{"_seopress_titles_title":"","_seopress_titles_desc":"","_seopress_robots_index":"","_seopress_robots_follow":"","_seopress_robots_imageindex":"","_seopress_robots_snippet":"","_seopress_robots_primary_cat":"","_seopress_robots_breadcrumbs":"","_seopress_robots_freeze_modified_date":"","_seopress_robots_custom_modified_date":"","_seopress_robots_canonical":"","_seopress_social_fb_title":"","_seopress_social_fb_desc":"","_seopress_social_fb_img":"","_seopress_social_fb_img_attachment_id":0,"_seopress_social_fb_img_width":0,"_seopress_social_fb_img_height":0,"_seopress_social_twitter_title":"","_seopress_social_twitter_desc":"","_seopress_social_twitter_img":"","_seopress_social_twitter_img_attachment_id":0,"_seopress_social_twitter_img_width":0,"_seopress_social_twitter_img_height":0,"_seopress_redirections_value":"","_seopress_redirections_enabled":"","_seopress_redirections_enabled_regex":"","_seopress_redirections_logged_status":"","_seopress_redirections_param":"","_seopress_redirections_type":0,"_seopress_analysis_target_kw":"","_themeisle_gutenberg_block_has_review":false,"footnotes":""},"categories":[709],"tags":[],"class_list":["post-46907","post","type-post","status-publish","format-standard","has-post-thumbnail","hentry","category-seguridad"],"_links":{"self":[{"href":"https:\/\/www.almargenweb.com.ar\/web\/wp-json\/wp\/v2\/posts\/46907","targetHints":{"allow":["GET"]}}],"collection":[{"href":"https:\/\/www.almargenweb.com.ar\/web\/wp-json\/wp\/v2\/posts"}],"about":[{"href":"https:\/\/www.almargenweb.com.ar\/web\/wp-json\/wp\/v2\/types\/post"}],"author":[{"embeddable":true,"href":"https:\/\/www.almargenweb.com.ar\/web\/wp-json\/wp\/v2\/users\/17"}],"replies":[{"embeddable":true,"href":"https:\/\/www.almargenweb.com.ar\/web\/wp-json\/wp\/v2\/comments?post=46907"}],"version-history":[{"count":1,"href":"https:\/\/www.almargenweb.com.ar\/web\/wp-json\/wp\/v2\/posts\/46907\/revisions"}],"predecessor-version":[{"id":46912,"href":"https:\/\/www.almargenweb.com.ar\/web\/wp-json\/wp\/v2\/posts\/46907\/revisions\/46912"}],"wp:featuredmedia":[{"embeddable":true,"href":"https:\/\/www.almargenweb.com.ar\/web\/wp-json\/wp\/v2\/media\/46908"}],"wp:attachment":[{"href":"https:\/\/www.almargenweb.com.ar\/web\/wp-json\/wp\/v2\/media?parent=46907"}],"wp:term":[{"taxonomy":"category","embeddable":true,"href":"https:\/\/www.almargenweb.com.ar\/web\/wp-json\/wp\/v2\/categories?post=46907"},{"taxonomy":"post_tag","embeddable":true,"href":"https:\/\/www.almargenweb.com.ar\/web\/wp-json\/wp\/v2\/tags?post=46907"}],"curies":[{"name":"wp","href":"https:\/\/api.w.org\/{rel}","templated":true}]}}