{"id":46899,"date":"2026-09-03T19:30:49","date_gmt":"2026-09-03T22:30:49","guid":{"rendered":"https:\/\/www.almargenweb.com.ar\/web\/?p=46899"},"modified":"2026-09-03T19:30:50","modified_gmt":"2026-09-03T22:30:50","slug":"se-realizara-la-sexta-edicion-de-la-expo-vocacional","status":"publish","type":"post","link":"https:\/\/www.almargenweb.com.ar\/web\/se-realizara-la-sexta-edicion-de-la-expo-vocacional\/","title":{"rendered":"Se realizar\u00e1 la sexta edici\u00f3n de la Expo Vocacional"},"content":{"rendered":"\n<h2 class=\"wp-block-heading\">Ser\u00e1 este domingo 6 de septiembre en la Bas\u00edlica Natividad de la Sant\u00edsima Virgen. Presentar\u00e1n actividades, proyectos y servicios, invitando especialmente a j\u00f3venes y familias a participar para conocer las actividades.<\/h2>\n\n\n\n<p><a href=\"https:\/\/www.esperanzadiaxdia.com.ar\/galeria\/fotos\/2026\/09\/03\/o_1788467551.jpg\" target=\"_blank\" rel=\"noreferrer noopener\"><\/a>Este domingo 6 de septiembre se llevar\u00e1 a cabo la sexta edici\u00f3n de la Expo Vocacional, una propuesta que busca generar un espacio de encuentro, participaci\u00f3n y conocimiento, donde distintos grupos, movimientos e instituciones puedan dar a conocer el trabajo que realizan tanto dentro de la Iglesia como en la sociedad.<\/p>\n\n\n\n<p>La Expo tendr\u00e1 lugar frente a la Bas\u00edlica de la Natividad de la Sant\u00edsima Virgen, sobre calle Aar\u00f3n Castellanos, y estar\u00e1 abierta a toda la comunidad. Durante la jornada, los participantes presentar\u00e1n sus actividades, proyectos y servicios, invitando especialmente a j\u00f3venes y familias a acercarse, conocer las diferentes propuestas y descubrir los distintos caminos de participaci\u00f3n y servicio que existen.<\/p>\n\n\n\n<p>La iniciativa tiene como objetivo visibilizar la diversidad de carismas, vocaciones y espacios de compromiso, mostrando que cada persona puede encontrar un lugar desde donde aportar sus talentos y ponerse al servicio de los dem\u00e1s.<\/p>\n\n\n\n<p><strong>Cronograma<\/strong><\/p>\n\n\n\n<p>15:00 hs. \u2014 Inicio de la VI Expo Vocacional<\/p>\n\n\n\n<p>17:30 hs. \u2014 Visita guiada por el templo<\/p>\n\n\n\n<p>20:00 hs. \u2014 Misa de clausura<\/p>\n\n\n\n<p>La jornada culminar\u00e1 con la celebraci\u00f3n de la Misa de clausura a las 20 hs., invitando a toda la comunidad a compartir este momento de encuentro y oraci\u00f3n.<\/p>\n\n\n\n<p>Bajo el lema \u201cSeamos todos uno\u201d, la sexta edici\u00f3n de la Expo Vocacional propone nuevamente encontrarnos, conocer, compartir experiencias y descubrir que son muchas las maneras de construir comunidad y servir a los dem\u00e1s.<\/p>\n\n\n\n<p>La invitaci\u00f3n est\u00e1 abierta a toda la comunidad.<\/p>\n<!-- AddThis Advanced Settings generic via filter on the_content --><!-- AddThis Share Buttons generic via filter on the_content -->","protected":false},"excerpt":{"rendered":"<p>Ser\u00e1 este domingo 6 de septiembre en la Bas\u00edlica Natividad de la Sant\u00edsima Virgen. Presentar\u00e1n actividades, [&hellip;]<!-- AddThis Advanced Settings generic via filter on get_the_excerpt --><!-- AddThis Share Buttons generic via filter on get_the_excerpt --><\/p>\n","protected":false},"author":17,"featured_media":46900,"comment_status":"closed","ping_status":"open","sticky":false,"template":"","format":"standard","meta":{"_seopress_titles_title":"","_seopress_titles_desc":"","_seopress_robots_index":"","_seopress_robots_follow":"","_seopress_robots_imageindex":"","_seopress_robots_snippet":"","_seopress_robots_primary_cat":"","_seopress_robots_breadcrumbs":"","_seopress_robots_freeze_modified_date":"","_seopress_robots_custom_modified_date":"","_seopress_robots_canonical":"","_seopress_social_fb_title":"","_seopress_social_fb_desc":"","_seopress_social_fb_img":"","_seopress_social_fb_img_attachment_id":0,"_seopress_social_fb_img_width":0,"_seopress_social_fb_img_height":0,"_seopress_social_twitter_title":"","_seopress_social_twitter_desc":"","_seopress_social_twitter_img":"","_seopress_social_twitter_img_attachment_id":0,"_seopress_social_twitter_img_width":0,"_seopress_social_twitter_img_height":0,"_seopress_redirections_value":"","_seopress_redirections_enabled":"","_seopress_redirections_enabled_regex":"","_seopress_redirections_logged_status":"","_seopress_redirections_param":"","_seopress_redirections_type":0,"_seopress_analysis_target_kw":"","_themeisle_gutenberg_block_has_review":false,"footnotes":""},"categories":[3,47],"tags":[],"class_list":["post-46899","post","type-post","status-publish","format-standard","has-post-thumbnail","hentry","category-cultura","category-locales"],"_links":{"self":[{"href":"https:\/\/www.almargenweb.com.ar\/web\/wp-json\/wp\/v2\/posts\/46899","targetHints":{"allow":["GET"]}}],"collection":[{"href":"https:\/\/www.almargenweb.com.ar\/web\/wp-json\/wp\/v2\/posts"}],"about":[{"href":"https:\/\/www.almargenweb.com.ar\/web\/wp-json\/wp\/v2\/types\/post"}],"author":[{"embeddable":true,"href":"https:\/\/www.almargenweb.com.ar\/web\/wp-json\/wp\/v2\/users\/17"}],"replies":[{"embeddable":true,"href":"https:\/\/www.almargenweb.com.ar\/web\/wp-json\/wp\/v2\/comments?post=46899"}],"version-history":[{"count":1,"href":"https:\/\/www.almargenweb.com.ar\/web\/wp-json\/wp\/v2\/posts\/46899\/revisions"}],"predecessor-version":[{"id":46901,"href":"https:\/\/www.almargenweb.com.ar\/web\/wp-json\/wp\/v2\/posts\/46899\/revisions\/46901"}],"wp:featuredmedia":[{"embeddable":true,"href":"https:\/\/www.almargenweb.com.ar\/web\/wp-json\/wp\/v2\/media\/46900"}],"wp:attachment":[{"href":"https:\/\/www.almargenweb.com.ar\/web\/wp-json\/wp\/v2\/media?parent=46899"}],"wp:term":[{"taxonomy":"category","embeddable":true,"href":"https:\/\/www.almargenweb.com.ar\/web\/wp-json\/wp\/v2\/categories?post=46899"},{"taxonomy":"post_tag","embeddable":true,"href":"https:\/\/www.almargenweb.com.ar\/web\/wp-json\/wp\/v2\/tags?post=46899"}],"curies":[{"name":"wp","href":"https:\/\/api.w.org\/{rel}","templated":true}]}}