{"id":46892,"date":"2026-08-31T18:27:48","date_gmt":"2026-08-31T21:27:48","guid":{"rendered":"https:\/\/www.almargenweb.com.ar\/web\/?p=46892"},"modified":"2026-08-31T18:27:48","modified_gmt":"2026-08-31T21:27:48","slug":"lionel-messi-anuncio-oficialmente-su-retiro-de-la-seleccion-argentina","status":"publish","type":"post","link":"https:\/\/www.almargenweb.com.ar\/web\/lionel-messi-anuncio-oficialmente-su-retiro-de-la-seleccion-argentina\/","title":{"rendered":"Lionel Messi anunci\u00f3 oficialmente su retiro de la Selecci\u00f3n Argentina"},"content":{"rendered":"\n<h2 class=\"wp-block-heading\">El rosarino confirm\u00f3 una decisi\u00f3n que marca el cierre de dos d\u00e9cadas de trayectoria y explic\u00f3 los motivos que lo llevaron a dar un paso al costado, mientras agradeci\u00f3 a quienes lo acompa\u00f1aron durante su carrera.<\/h2>\n\n\n\n<p><strong>Lionel Messi<\/strong>\u00a0anunci\u00f3 que deja la\u00a0<strong>Selecci\u00f3n argentina<\/strong>\u00a0y puso fin a una hist\u00f3rica etapa de\u00a0<strong>dos d\u00e9cadas<\/strong>\u00a0defendiendo la camiseta albiceleste. El capit\u00e1n comunic\u00f3 su decisi\u00f3n a trav\u00e9s de un emotivo mensaje publicado en sus redes sociales, donde agradeci\u00f3 a compa\u00f1eros, entrenadores y a los hinchas que lo acompa\u00f1aron durante su carrera.<\/p>\n\n\n\n<p>El&nbsp;<strong>rosarino<\/strong>&nbsp;explic\u00f3 que la determinaci\u00f3n comenz\u00f3 a tomar forma despu\u00e9s de la&nbsp;<strong>reciente final<\/strong>&nbsp;y termin\u00f3 de consolidarse tras el&nbsp;<strong>fallecimiento de su padre<\/strong>. En su despedida, dej\u00f3 en claro que seguir\u00e1 acompa\u00f1ando al equipo desde otro lugar y que considera que lleg\u00f3 el momento de darle paso a las nuevas generaciones.<\/p>\n\n\n\n<h2 class=\"wp-block-heading\"><strong>El emotivo mensaje de despedida<\/strong><\/h2>\n\n\n\n<p>\u201cDespu\u00e9s de este tiempo que pas\u00f3 desde la final, pens\u00e1ndolo mucho, quiero comunicarles a todos que me retiro de&nbsp;<strong>la Selecci\u00f3n<\/strong>\u2026\u201d, comenz\u00f3 escribiendo&nbsp;<strong>Messi<\/strong>&nbsp;en la publicaci\u00f3n.<\/p>\n\n\n\n<p>Luego reconoci\u00f3 el profundo dolor que le gener\u00f3 tomar la decisi\u00f3n: \u201cFue una decisi\u00f3n que doli\u00f3 y duele en el alma pero entiendo que es el momento. Les juro que siempre dej\u00e9 todo\u201d.<\/p>\n\n\n\n<figure class=\"wp-block-gallery has-nested-images columns-default is-cropped wp-block-gallery-1 is-layout-flex wp-block-gallery-is-layout-flex\">\n<figure class=\"wp-block-image size-large\"><img loading=\"lazy\" decoding=\"async\" width=\"465\" height=\"638\" data-id=\"46895\" src=\"https:\/\/www.almargenweb.com.ar\/web\/wp-content\/uploads\/2026\/08\/mesia1.jpg\" alt=\"\" class=\"wp-image-46895\" srcset=\"https:\/\/www.almargenweb.com.ar\/web\/wp-content\/uploads\/2026\/08\/mesia1.jpg 465w, https:\/\/www.almargenweb.com.ar\/web\/wp-content\/uploads\/2026\/08\/mesia1-219x300.jpg 219w\" sizes=\"auto, (max-width: 465px) 100vw, 465px\" \/><\/figure>\n\n\n\n<figure class=\"wp-block-image size-large\"><img loading=\"lazy\" decoding=\"async\" width=\"467\" height=\"616\" data-id=\"46896\" src=\"https:\/\/www.almargenweb.com.ar\/web\/wp-content\/uploads\/2026\/08\/mesia-1.jpg\" alt=\"\" class=\"wp-image-46896\" srcset=\"https:\/\/www.almargenweb.com.ar\/web\/wp-content\/uploads\/2026\/08\/mesia-1.jpg 467w, https:\/\/www.almargenweb.com.ar\/web\/wp-content\/uploads\/2026\/08\/mesia-1-227x300.jpg 227w\" sizes=\"auto, (max-width: 467px) 100vw, 467px\" \/><\/figure>\n<\/figure>\n\n\n\n<p>En ese sentido, repas\u00f3 su extenso recorrido con la camiseta argentina y remarc\u00f3: \u201cSiempre pele\u00e9 y me dej\u00e9 todo por esta camiseta, por darles alegr\u00edas y hacer que se sientan orgullosos de ser argentinos a trav\u00e9s del f\u00fatbol\u201d.<\/p>\n\n\n\n<p>\u201cQueda poco y se van cerrando etapas y esta es una que me duele mucho. Amo, am\u00e9 y amar\u00e9 siempre estar en la Selecci\u00f3n. Me vaci\u00e9, ya no tengo m\u00e1s para dar y aparte vienen chicos muy grandes atr\u00e1s que merecen estar\u201d, expres\u00f3.<\/p>\n\n\n\n<h2 class=\"wp-block-heading\"><strong>El agradecimiento a los hinchas<\/strong><\/h2>\n\n\n\n<p>El capit\u00e1n tambi\u00e9n se dirigi\u00f3 especialmente a los hinchas: \u201cGracias por todo el cari\u00f1o de estos&nbsp;<strong>20 a\u00f1os<\/strong>. Voy a extra\u00f1ar mucho escucharlos desde adentro. Ahora voy a ser uno m\u00e1s de ustedes, alentando y bancando siempre desde afuera\u201d.<\/p>\n\n\n\n<p>Adem\u00e1s, agradeci\u00f3 a su familia y a todas las personas que lo acompa\u00f1aron durante su camino en la Albiceleste. \u201cMe llevo recuerdos y momentos inolvidables vividos. Me voy con la tranquilidad y el orgullo de haberles regalado, juntos con mis compa\u00f1eros, momentos so\u00f1ados\u201d, sostuvo.<\/p>\n\n\n\n<figure class=\"wp-block-image size-full\"><img loading=\"lazy\" decoding=\"async\" width=\"732\" height=\"567\" src=\"https:\/\/www.almargenweb.com.ar\/web\/wp-content\/uploads\/2026\/08\/mesia2.jpg\" alt=\"\" class=\"wp-image-46897\" srcset=\"https:\/\/www.almargenweb.com.ar\/web\/wp-content\/uploads\/2026\/08\/mesia2.jpg 732w, https:\/\/www.almargenweb.com.ar\/web\/wp-content\/uploads\/2026\/08\/mesia2-300x232.jpg 300w\" sizes=\"auto, (max-width: 732px) 100vw, 732px\" \/><\/figure>\n\n\n\n<hr class=\"wp-block-separator has-alpha-channel-opacity\"\/>\n\n\n\n<p>Finalmente, cerr\u00f3 con una frase cargada de emoci\u00f3n y sentimiento: \u201cGracias Dios por hacerme argentino. \u00a1Vamos Argentina!\u201d.<\/p>\n\n\n\n<h2 class=\"wp-block-heading\"><strong>La muerte de su padre reafirm\u00f3 su decisi\u00f3n<\/strong><\/h2>\n\n\n\n<p>En una aclaraci\u00f3n al final de la publicaci\u00f3n, Messi revel\u00f3 que hab\u00eda escrito estas palabras el 21 de julio, dos d\u00edas despu\u00e9s de la final. Sin embargo, explic\u00f3 que la muerte de su padre termin\u00f3 de reafirmar su decisi\u00f3n.<\/p>\n\n\n\n<p>\u201cEstas palabras las escrib\u00ed el 21 de julio, dos d\u00edas despu\u00e9s de la final. Hoy despu\u00e9s de lo de mi pap\u00e1, estoy m\u00e1s convencido que antes\u201d, concluy\u00f3.<\/p>\n\n\n\n<p><\/p>\n\n\n\n<p><strong>*Fuente: <\/strong>El Litoral<\/p>\n<!-- AddThis Advanced Settings generic via filter on the_content --><!-- AddThis Share Buttons generic via filter on the_content -->","protected":false},"excerpt":{"rendered":"<p>El rosarino confirm\u00f3 una decisi\u00f3n que marca el cierre de dos d\u00e9cadas de trayectoria y explic\u00f3 [&hellip;]<!-- AddThis Advanced Settings generic via filter on get_the_excerpt --><!-- AddThis Share Buttons generic via filter on get_the_excerpt --><\/p>\n","protected":false},"author":17,"featured_media":46893,"comment_status":"closed","ping_status":"open","sticky":false,"template":"","format":"standard","meta":{"_seopress_titles_title":"","_seopress_titles_desc":"","_seopress_robots_index":"","_seopress_robots_follow":"","_seopress_robots_imageindex":"","_seopress_robots_snippet":"","_seopress_robots_primary_cat":"","_seopress_robots_breadcrumbs":"","_seopress_robots_freeze_modified_date":"","_seopress_robots_custom_modified_date":"","_seopress_robots_canonical":"","_seopress_social_fb_title":"","_seopress_social_fb_desc":"","_seopress_social_fb_img":"","_seopress_social_fb_img_attachment_id":0,"_seopress_social_fb_img_width":0,"_seopress_social_fb_img_height":0,"_seopress_social_twitter_title":"","_seopress_social_twitter_desc":"","_seopress_social_twitter_img":"","_seopress_social_twitter_img_attachment_id":0,"_seopress_social_twitter_img_width":0,"_seopress_social_twitter_img_height":0,"_seopress_redirections_value":"","_seopress_redirections_enabled":"","_seopress_redirections_enabled_regex":"","_seopress_redirections_logged_status":"","_seopress_redirections_param":"","_seopress_redirections_type":0,"_seopress_analysis_target_kw":"","_themeisle_gutenberg_block_has_review":false,"footnotes":""},"categories":[2,230],"tags":[],"class_list":["post-46892","post","type-post","status-publish","format-standard","has-post-thumbnail","hentry","category-actualidad","category-deportes"],"_links":{"self":[{"href":"https:\/\/www.almargenweb.com.ar\/web\/wp-json\/wp\/v2\/posts\/46892","targetHints":{"allow":["GET"]}}],"collection":[{"href":"https:\/\/www.almargenweb.com.ar\/web\/wp-json\/wp\/v2\/posts"}],"about":[{"href":"https:\/\/www.almargenweb.com.ar\/web\/wp-json\/wp\/v2\/types\/post"}],"author":[{"embeddable":true,"href":"https:\/\/www.almargenweb.com.ar\/web\/wp-json\/wp\/v2\/users\/17"}],"replies":[{"embeddable":true,"href":"https:\/\/www.almargenweb.com.ar\/web\/wp-json\/wp\/v2\/comments?post=46892"}],"version-history":[{"count":1,"href":"https:\/\/www.almargenweb.com.ar\/web\/wp-json\/wp\/v2\/posts\/46892\/revisions"}],"predecessor-version":[{"id":46898,"href":"https:\/\/www.almargenweb.com.ar\/web\/wp-json\/wp\/v2\/posts\/46892\/revisions\/46898"}],"wp:featuredmedia":[{"embeddable":true,"href":"https:\/\/www.almargenweb.com.ar\/web\/wp-json\/wp\/v2\/media\/46893"}],"wp:attachment":[{"href":"https:\/\/www.almargenweb.com.ar\/web\/wp-json\/wp\/v2\/media?parent=46892"}],"wp:term":[{"taxonomy":"category","embeddable":true,"href":"https:\/\/www.almargenweb.com.ar\/web\/wp-json\/wp\/v2\/categories?post=46892"},{"taxonomy":"post_tag","embeddable":true,"href":"https:\/\/www.almargenweb.com.ar\/web\/wp-json\/wp\/v2\/tags?post=46892"}],"curies":[{"name":"wp","href":"https:\/\/api.w.org\/{rel}","templated":true}]}}