{"id":46887,"date":"2026-08-31T18:20:31","date_gmt":"2026-08-31T21:20:31","guid":{"rendered":"https:\/\/www.almargenweb.com.ar\/web\/?p=46887"},"modified":"2026-08-31T18:20:32","modified_gmt":"2026-08-31T21:20:32","slug":"esperanza-presente-en-el-santa-fe-business-forum-2026","status":"publish","type":"post","link":"https:\/\/www.almargenweb.com.ar\/web\/esperanza-presente-en-el-santa-fe-business-forum-2026\/","title":{"rendered":"Esperanza presente en el Santa Fe Business Forum 2026"},"content":{"rendered":"\n<h2 class=\"wp-block-heading\">El intendente M\u00fcller y la secretaria Mar\u00eda Victoria Nagel acompa\u00f1aron a 19 empresas esperancinas en el evento de comercio exterior, negocios e inversiones m\u00e1s importante de la provincia.<\/h2>\n\n\n\n<p>El intendente de Esperanza, Rodrigo M\u00fcller, y la secretaria de Innovaci\u00f3n y Desarrollo Econ\u00f3mico, Mar\u00eda Victoria Nagel, acompa\u00f1aron a 19 empresas esperancinas a participar del Santa Fe Business Forum 2026, el evento internacional de comercio exterior, negocios e inversiones m\u00e1s importante de la provincia de Santa Fe.<\/p>\n\n\n\n<p>En la oportunidad, Nagel remarc\u00f3 que \u201cla participaci\u00f3n en el Santa Fe Business Forum nos permite acercar a las empresas esperancinas a nuevos mercados y generar contactos que pueden transformarse en oportunidades concretas para su crecimiento\u201d.<\/p>\n\n\n\n<p>\u201cTenemos una ciudad con una matriz productiva muy amplia y empresas que cuentan con productos y servicios de calidad. Nuestro desaf\u00edo es acompa\u00f1arlas para que puedan mostrar todo ese potencial y establecer v\u00ednculos con nuevos compradores, inversores y actores del sector productivo\u201d, se\u00f1al\u00f3 la secretaria.<\/p>\n\n\n\n<figure class=\"wp-block-gallery has-nested-images columns-default is-cropped wp-block-gallery-1 is-layout-flex wp-block-gallery-is-layout-flex\">\n<figure class=\"wp-block-image size-large\"><img loading=\"lazy\" decoding=\"async\" width=\"1024\" height=\"768\" data-id=\"46889\" src=\"https:\/\/www.almargenweb.com.ar\/web\/wp-content\/uploads\/2026\/08\/sfbf1-1024x768.jpeg\" alt=\"\" class=\"wp-image-46889\" srcset=\"https:\/\/www.almargenweb.com.ar\/web\/wp-content\/uploads\/2026\/08\/sfbf1-1024x768.jpeg 1024w, https:\/\/www.almargenweb.com.ar\/web\/wp-content\/uploads\/2026\/08\/sfbf1-300x225.jpeg 300w, https:\/\/www.almargenweb.com.ar\/web\/wp-content\/uploads\/2026\/08\/sfbf1-768x576.jpeg 768w, https:\/\/www.almargenweb.com.ar\/web\/wp-content\/uploads\/2026\/08\/sfbf1.jpeg 1200w\" sizes=\"auto, (max-width: 1024px) 100vw, 1024px\" \/><\/figure>\n\n\n\n<figure class=\"wp-block-image size-large\"><img loading=\"lazy\" decoding=\"async\" width=\"960\" height=\"712\" data-id=\"46890\" src=\"https:\/\/www.almargenweb.com.ar\/web\/wp-content\/uploads\/2026\/08\/sfbf2-edited.jpeg\" alt=\"\" class=\"wp-image-46890\" srcset=\"https:\/\/www.almargenweb.com.ar\/web\/wp-content\/uploads\/2026\/08\/sfbf2-edited.jpeg 960w, https:\/\/www.almargenweb.com.ar\/web\/wp-content\/uploads\/2026\/08\/sfbf2-edited-300x223.jpeg 300w, https:\/\/www.almargenweb.com.ar\/web\/wp-content\/uploads\/2026\/08\/sfbf2-edited-768x570.jpeg 768w\" sizes=\"auto, (max-width: 960px) 100vw, 960px\" \/><\/figure>\n<\/figure>\n\n\n\n<p>En este marco, tres circuitos productivos que participan del Santa Fe Business Forum visitar\u00e1n Esperanza en los pr\u00f3ximos d\u00edas para conocer de primera mano el entramado productivo local y generar nuevas oportunidades de vinculaci\u00f3n.<\/p>\n\n\n\n<p>Se trata de representantes de los circuitos de Lecher\u00eda; Supermercadista, panificados y otros alimentos, delicatessen, nuez pec\u00e1n y frutilla; y Construcci\u00f3n, que recorrer\u00e1n empresas y espacios productivos de la ciudad en el marco del evento.<\/p>\n\n\n\n<p>\u201cEstas visitas nos permiten dar un paso m\u00e1s y pasar del contacto inicial a conocer en territorio las capacidades que tiene Esperanza. La posibilidad de que distintos circuitos productivos lleguen a nuestra ciudad tambi\u00e9n nos abre una agenda para seguir trabajando en conjunto y detectar posibilidades de negocios y articulaci\u00f3n\u201d, agreg\u00f3 Nagel.<\/p>\n\n\n\n<p><strong>SANTA FE BUSINESS FORUM<\/strong><\/p>\n\n\n\n<p>El objetivo del evento es conectar a PyMEs, empresas y emprendedores santafesinos con compradores internacionales y fondos de inversi\u00f3n, generando nuevas oportunidades comerciales y promoviendo la apertura de mercados.<\/p>\n\n\n\n<p>En este marco, la participaci\u00f3n de Esperanza busca fortalecer la presencia de las empresas locales, generar nuevos v\u00ednculos comerciales y mostrar el potencial productivo de la ciudad ante actores nacionales e internacionales.<\/p>\n\n\n\n<p><a href=\"https:\/\/esperanza.gob.ar\/#facebook\" target=\"_blank\" rel=\"noreferrer noopener\"><\/a><\/p>\n<!-- AddThis Advanced Settings generic via filter on the_content --><!-- AddThis Share Buttons generic via filter on the_content -->","protected":false},"excerpt":{"rendered":"<p>El intendente M\u00fcller y la secretaria Mar\u00eda Victoria Nagel acompa\u00f1aron a 19 empresas esperancinas en el [&hellip;]<!-- AddThis Advanced Settings generic via filter on get_the_excerpt --><!-- AddThis Share Buttons generic via filter on get_the_excerpt --><\/p>\n","protected":false},"author":17,"featured_media":46888,"comment_status":"closed","ping_status":"open","sticky":false,"template":"","format":"standard","meta":{"_seopress_titles_title":"","_seopress_titles_desc":"","_seopress_robots_index":"","_seopress_robots_follow":"","_seopress_robots_imageindex":"","_seopress_robots_snippet":"","_seopress_robots_primary_cat":"","_seopress_robots_breadcrumbs":"","_seopress_robots_freeze_modified_date":"","_seopress_robots_custom_modified_date":"","_seopress_robots_canonical":"","_seopress_social_fb_title":"","_seopress_social_fb_desc":"","_seopress_social_fb_img":"","_seopress_social_fb_img_attachment_id":0,"_seopress_social_fb_img_width":0,"_seopress_social_fb_img_height":0,"_seopress_social_twitter_title":"","_seopress_social_twitter_desc":"","_seopress_social_twitter_img":"","_seopress_social_twitter_img_attachment_id":0,"_seopress_social_twitter_img_width":0,"_seopress_social_twitter_img_height":0,"_seopress_redirections_value":"","_seopress_redirections_enabled":"","_seopress_redirections_enabled_regex":"","_seopress_redirections_logged_status":"","_seopress_redirections_param":"","_seopress_redirections_type":0,"_seopress_analysis_target_kw":"","_themeisle_gutenberg_block_has_review":false,"footnotes":""},"categories":[47],"tags":[],"class_list":["post-46887","post","type-post","status-publish","format-standard","has-post-thumbnail","hentry","category-locales"],"_links":{"self":[{"href":"https:\/\/www.almargenweb.com.ar\/web\/wp-json\/wp\/v2\/posts\/46887","targetHints":{"allow":["GET"]}}],"collection":[{"href":"https:\/\/www.almargenweb.com.ar\/web\/wp-json\/wp\/v2\/posts"}],"about":[{"href":"https:\/\/www.almargenweb.com.ar\/web\/wp-json\/wp\/v2\/types\/post"}],"author":[{"embeddable":true,"href":"https:\/\/www.almargenweb.com.ar\/web\/wp-json\/wp\/v2\/users\/17"}],"replies":[{"embeddable":true,"href":"https:\/\/www.almargenweb.com.ar\/web\/wp-json\/wp\/v2\/comments?post=46887"}],"version-history":[{"count":1,"href":"https:\/\/www.almargenweb.com.ar\/web\/wp-json\/wp\/v2\/posts\/46887\/revisions"}],"predecessor-version":[{"id":46891,"href":"https:\/\/www.almargenweb.com.ar\/web\/wp-json\/wp\/v2\/posts\/46887\/revisions\/46891"}],"wp:featuredmedia":[{"embeddable":true,"href":"https:\/\/www.almargenweb.com.ar\/web\/wp-json\/wp\/v2\/media\/46888"}],"wp:attachment":[{"href":"https:\/\/www.almargenweb.com.ar\/web\/wp-json\/wp\/v2\/media?parent=46887"}],"wp:term":[{"taxonomy":"category","embeddable":true,"href":"https:\/\/www.almargenweb.com.ar\/web\/wp-json\/wp\/v2\/categories?post=46887"},{"taxonomy":"post_tag","embeddable":true,"href":"https:\/\/www.almargenweb.com.ar\/web\/wp-json\/wp\/v2\/tags?post=46887"}],"curies":[{"name":"wp","href":"https:\/\/api.w.org\/{rel}","templated":true}]}}