{"id":46883,"date":"2026-08-31T18:18:25","date_gmt":"2026-08-31T21:18:25","guid":{"rendered":"https:\/\/www.almargenweb.com.ar\/web\/?p=46883"},"modified":"2026-08-31T18:18:25","modified_gmt":"2026-08-31T21:18:25","slug":"santa-fe-es-una-plataforma-de-lo-que-queremos-que-la-argentina-sea-hacia-el-mundo","status":"publish","type":"post","link":"https:\/\/www.almargenweb.com.ar\/web\/santa-fe-es-una-plataforma-de-lo-que-queremos-que-la-argentina-sea-hacia-el-mundo\/","title":{"rendered":"\u201cSanta Fe es una plataforma de lo que queremos que la Argentina sea hacia el mundo\u201d"},"content":{"rendered":"\n<h2 class=\"wp-block-heading\">Durante la tercera edici\u00f3n del Santa Fe Business Forum, el secretario de Relaciones Econ\u00f3micas Internacionales de la Naci\u00f3n, Fernando Brun, expres\u00f3: \u201cSi hay un lugar donde la inserci\u00f3n internacional de la Argentina se concreta con toda claridad es aqu\u00ed&#8221;.<\/h2>\n\n\n\n<p>En el marco de la apertura oficial de la tercera edici\u00f3n del Santa Fe Business Forum (SFBF), evento organizado por la Gobierno de Santa Fe que re\u00fane a compradores e inversores de gran parte del mundo, referentes nacionales destacaron el rol del cumple actualmente la provincia, liderando con este tipo de iniciativas el posicionamiento en el mercado internacional.<\/p>\n\n\n\n<p>En este sentido, durante su discurso el secretario de Relaciones Econ\u00f3micas Internacionales de la Naci\u00f3n, Fernando Brun, expres\u00f3 que \u201csi hay un lugar donde la inserci\u00f3n internacional de la Argentina se concreta con toda claridad es aqu\u00ed en Santa Fe. Porque Santa Fe es precisamente una plataforma de lo que queremos que la Argentina sea hacia el mundo\u201d.<\/p>\n\n\n\n<p>El funcionario detall\u00f3 que Santa Fe \u201cexport\u00f3 en 2025 m\u00e1s de 16.000.000.000 de d\u00f3lares y su producci\u00f3n lleg\u00f3 a 135 pa\u00edses. Eso refleja mucho m\u00e1s que capacidad productiva, eso significa infraestructura de clase mundial. Es dif\u00edcil encontrar una expresi\u00f3n m\u00e1s concreta de lo que significa producir desde el interior y proyectarlo para abastecer al mundo\u201d. Asimismo, asegur\u00f3 que \u201cSFBF pone a nuestras empresas frente a los compradores e inversores internacionales. Transforma una pol\u00edtica de inserci\u00f3n externa en oportunidades concretas de negocios para cada una de las provincias. Santa Fe tiene la escala, la infraestructura y la capacidad empresaria para ser protagonista de este de este proceso\u201d.<\/p>\n\n\n\n<figure class=\"wp-block-image size-large\"><img loading=\"lazy\" decoding=\"async\" width=\"1024\" height=\"684\" src=\"https:\/\/www.almargenweb.com.ar\/web\/wp-content\/uploads\/2026\/08\/2026-08-31NID_287157O_2-1024x684.jpeg\" alt=\"\" class=\"wp-image-46885\" srcset=\"https:\/\/www.almargenweb.com.ar\/web\/wp-content\/uploads\/2026\/08\/2026-08-31NID_287157O_2-1024x684.jpeg 1024w, https:\/\/www.almargenweb.com.ar\/web\/wp-content\/uploads\/2026\/08\/2026-08-31NID_287157O_2-300x200.jpeg 300w, https:\/\/www.almargenweb.com.ar\/web\/wp-content\/uploads\/2026\/08\/2026-08-31NID_287157O_2-768x513.jpeg 768w, https:\/\/www.almargenweb.com.ar\/web\/wp-content\/uploads\/2026\/08\/2026-08-31NID_287157O_2.jpeg 1200w\" sizes=\"auto, (max-width: 1024px) 100vw, 1024px\" \/><\/figure>\n\n\n\n<p><strong>Santa Fe y su rol fundamental<\/strong><\/p>\n\n\n\n<p>Ignacio Lamothe, secretario general del Consejo Federal de Inversiones (CFI), puso en valor la importancia que tiene hoy Santa Fe: \u201cadem\u00e1s de ser la provincia indicada para generar esta este evento de negocios a escala internacional, crea y dise\u00f1a herramientas financieras para acompa\u00f1ar a los que invierten en Santa Fe. Crea herramientas de cr\u00e9dito, de garant\u00edas y de operaciones de mercado de capitales para acompa\u00f1ar a las pymes que producen y exportan desde Santa Fe. Es la provincia que m\u00e1s cr\u00e9ditos tiene colocados en el a\u00f1o 2026 en el Consejo Federal de Inversiones\u201d.<\/p>\n\n\n\n<p>Adem\u00e1s, sostuvo que el SFBF \u201ces un evento del pa\u00eds. La Argentina, entre tantas otras cosas, es un actor clave de la seguridad alimentaria del mundo, y Santa Fe es fundamental en ese rol que juega el pa\u00eds\u201d.<\/p>\n\n\n\n<p><strong>Santa Fe Business Forum<\/strong><\/p>\n\n\n\n<p>La tercera edici\u00f3n del foro cuenta con la participaci\u00f3n de m\u00e1s de 1.000 empresas argentinas, 250 compradores internacionales de 50 pa\u00edses, 40 fondos de inversi\u00f3n y 250 startups en sectores como energ\u00edas renovables, agroindustria, biotecnolog\u00eda, videojuegos, audiovisual y turismo de reuniones.<\/p>\n\n\n\n<p>La edici\u00f3n 2026 incorpora una log\u00edstica in\u00e9dita de 55 circuitos productivos en 15 departamentos, que permitir\u00e1n a las delegaciones extranjeras recorrer m\u00e1s de 160 empresas en 60 localidades, mostrando en territorio la capacidad productiva santafesina y fortaleciendo la inserci\u00f3n de las PyMEs en los mercados globales.<\/p>\n<!-- AddThis Advanced Settings generic via filter on the_content --><!-- AddThis Share Buttons generic via filter on the_content -->","protected":false},"excerpt":{"rendered":"<p>Durante la tercera edici\u00f3n del Santa Fe Business Forum, el secretario de Relaciones Econ\u00f3micas Internacionales de [&hellip;]<!-- AddThis Advanced Settings generic via filter on get_the_excerpt --><!-- AddThis Share Buttons generic via filter on get_the_excerpt --><\/p>\n","protected":false},"author":17,"featured_media":46884,"comment_status":"closed","ping_status":"open","sticky":false,"template":"","format":"standard","meta":{"_seopress_titles_title":"","_seopress_titles_desc":"","_seopress_robots_index":"","_seopress_robots_follow":"","_seopress_robots_imageindex":"","_seopress_robots_snippet":"","_seopress_robots_primary_cat":"","_seopress_robots_breadcrumbs":"","_seopress_robots_freeze_modified_date":"","_seopress_robots_custom_modified_date":"","_seopress_robots_canonical":"","_seopress_social_fb_title":"","_seopress_social_fb_desc":"","_seopress_social_fb_img":"","_seopress_social_fb_img_attachment_id":0,"_seopress_social_fb_img_width":0,"_seopress_social_fb_img_height":0,"_seopress_social_twitter_title":"","_seopress_social_twitter_desc":"","_seopress_social_twitter_img":"","_seopress_social_twitter_img_attachment_id":0,"_seopress_social_twitter_img_width":0,"_seopress_social_twitter_img_height":0,"_seopress_redirections_value":"","_seopress_redirections_enabled":"","_seopress_redirections_enabled_regex":"","_seopress_redirections_logged_status":"","_seopress_redirections_param":"","_seopress_redirections_type":0,"_seopress_analysis_target_kw":"","_themeisle_gutenberg_block_has_review":false,"footnotes":""},"categories":[5],"tags":[],"class_list":["post-46883","post","type-post","status-publish","format-standard","has-post-thumbnail","hentry","category-economia"],"_links":{"self":[{"href":"https:\/\/www.almargenweb.com.ar\/web\/wp-json\/wp\/v2\/posts\/46883","targetHints":{"allow":["GET"]}}],"collection":[{"href":"https:\/\/www.almargenweb.com.ar\/web\/wp-json\/wp\/v2\/posts"}],"about":[{"href":"https:\/\/www.almargenweb.com.ar\/web\/wp-json\/wp\/v2\/types\/post"}],"author":[{"embeddable":true,"href":"https:\/\/www.almargenweb.com.ar\/web\/wp-json\/wp\/v2\/users\/17"}],"replies":[{"embeddable":true,"href":"https:\/\/www.almargenweb.com.ar\/web\/wp-json\/wp\/v2\/comments?post=46883"}],"version-history":[{"count":1,"href":"https:\/\/www.almargenweb.com.ar\/web\/wp-json\/wp\/v2\/posts\/46883\/revisions"}],"predecessor-version":[{"id":46886,"href":"https:\/\/www.almargenweb.com.ar\/web\/wp-json\/wp\/v2\/posts\/46883\/revisions\/46886"}],"wp:featuredmedia":[{"embeddable":true,"href":"https:\/\/www.almargenweb.com.ar\/web\/wp-json\/wp\/v2\/media\/46884"}],"wp:attachment":[{"href":"https:\/\/www.almargenweb.com.ar\/web\/wp-json\/wp\/v2\/media?parent=46883"}],"wp:term":[{"taxonomy":"category","embeddable":true,"href":"https:\/\/www.almargenweb.com.ar\/web\/wp-json\/wp\/v2\/categories?post=46883"},{"taxonomy":"post_tag","embeddable":true,"href":"https:\/\/www.almargenweb.com.ar\/web\/wp-json\/wp\/v2\/tags?post=46883"}],"curies":[{"name":"wp","href":"https:\/\/api.w.org\/{rel}","templated":true}]}}