{"id":46383,"date":"2026-04-29T12:01:49","date_gmt":"2026-04-29T15:01:49","guid":{"rendered":"https:\/\/www.almargenweb.com.ar\/web\/?p=46383"},"modified":"2026-04-29T12:01:50","modified_gmt":"2026-04-29T15:01:50","slug":"el-gobierno-de-pullaro-lanza-un-plan-para-desendeudar-a-trabajadores-privados-y-publicos","status":"publish","type":"post","link":"https:\/\/www.almargenweb.com.ar\/web\/el-gobierno-de-pullaro-lanza-un-plan-para-desendeudar-a-trabajadores-privados-y-publicos\/","title":{"rendered":"El gobierno de Pullaro lanza un plan para desendeudar a trabajadores privados y p\u00fablicos"},"content":{"rendered":"\n<h2 class=\"wp-block-heading\">La medida apunta a mitigar el impacto del parate econ\u00f3mico sobre los empleados del sector privado y, en segundo t\u00e9rmino, a asistir a los trabajadores p\u00fablicos acuciados por la situaci\u00f3n crediticia.<\/h2>\n\n\n\n<p>El Gobierno de la Provincia present\u00f3 este mi\u00e9rcoles el Plan de Protecci\u00f3n de los Ingresos, una bater\u00eda de medidas destinada a trabajadores p\u00fablicos y privados, aut\u00f3nomos y jubilados cuyos salarios se ven afectados por descuentos derivados de cr\u00e9ditos. El objetivo es aliviar la carga financiera mediante la refinanciaci\u00f3n de deudas y garantizar, en el caso de los estatales, que las deducciones no superen el 25 % de los ingresos.<\/p>\n\n\n\n<p>La propuesta, que comenzar\u00e1 a aplicarse en los pr\u00f3ximos d\u00edas, apunta a mejorar el poder adquisitivo de las familias y a ordenar el sistema de financiamiento. La vocera del Ejecutivo, Virginia Coudannes, junto al ministro de Econom\u00eda, Pablo Olivares, y la secretaria de Funci\u00f3n P\u00fablica y Recursos Humanos, Malena Azario, explic\u00f3 que el plan combina medidas de alivio inmediato con herramientas de educaci\u00f3n financiera y asesoramiento institucional.<\/p>\n\n\n\n<p>\u201cSe trata de una experiencia in\u00e9dita en el pa\u00eds y en Santa Fe\u201d, subray\u00f3 Coudannes, quien sostuvo que la iniciativa busca acompa\u00f1ar a las familias que enfrentan dificultades para llegar a fin de mes debido al peso del endeudamiento. \u201cVenimos a ofrecer una alternativa que permita recuperar margen en el ingreso disponible\u201d, a\u00f1adi\u00f3.<\/p>\n\n\n\n<p>En ese marco, la funcionaria detall\u00f3 que la morosidad de los hogares en el sistema financiero tradicional pas\u00f3 del 10,6 % en enero al 11,2 % en febrero, mientras que la irregularidad en cr\u00e9ditos no bancarios -como fintech y billeteras digitales- alcanz\u00f3 el 29,9 %. En la provincia, el 33 % de los empleados estatales registra descuentos por cr\u00e9ditos en sus recibos de haberes; de ese total, unos 12.000 superan el umbral del 25 % de afectaci\u00f3n salarial. A ellos se suman 7.000 jubilados y cerca de 60.000 trabajadores privados y aut\u00f3nomos en situaci\u00f3n similar.<\/p>\n\n\n\n<p><strong>Ejes del plan<\/strong><\/p>\n\n\n\n<p>El ministro Olivares explic\u00f3 que la iniciativa se enmarca en un contexto macroecon\u00f3mico con se\u00f1ales mixtas: \u201cHay aspectos positivos, pero tambi\u00e9n efectos colaterales. Este es uno de ellos, y decidimos intervenir para dar una respuesta concreta\u201d.<\/p>\n\n\n\n<p>El plan se estructura en cuatro ejes. En primer lugar, se avanzar\u00e1 en el reordenamiento del sistema de c\u00f3digos de descuento a estatales mediante un reempadronamiento de las entidades adheridas al esquema CUAD (Cuentas Unificadas de Aportes y Descuentos). En segundo t\u00e9rmino, se fijar\u00e1 un nuevo l\u00edmite para la afectaci\u00f3n del salario, que pasar\u00e1 del 50% actual al 25 %.<\/p>\n\n\n\n<p>El tercer eje contempla la adecuaci\u00f3n de las deudas vigentes a ese nuevo tope, ya sea mediante la refinanciaci\u00f3n con el acreedor original a tasas m\u00e1s bajas o a trav\u00e9s de la transferencia del saldo a otra entidad. Si las entidades no aceptan estas condiciones, el Estado provincial podr\u00e1 intervenir con asistencia financiera a tasa cero para cubrir la diferencia, que se recuperar\u00e1 cuando la cuota quede por debajo del l\u00edmite establecido.<\/p>\n\n\n\n<p>Por \u00faltimo, se habilitar\u00e1n para trabajadores p\u00fablicos y privados l\u00edneas de cr\u00e9dito de menor costo para la consolidaci\u00f3n de deudas. Estas opciones permitir\u00e1n unificar compromisos financieros en un solo pr\u00e9stamo, con plazos de hasta 60 cuotas y un per\u00edodo de gracia de dos meses. Quienes opten por este mecanismo no podr\u00e1n tomar nuevos cr\u00e9ditos por c\u00f3digo de descuento hasta cancelar la operaci\u00f3n.<\/p>\n\n\n\n<p><strong>Herramientas para el sector privado<\/strong><\/p>\n\n\n\n<p>Para trabajadores privados y aut\u00f3nomos, el plan incorpora instrumentos espec\u00edficos. Entre ellos, una l\u00ednea del Banco de Santa Fe para cancelar deudas a largo plazo -de hasta cinco a\u00f1os- con tasas por debajo del promedio del mercado; la articulaci\u00f3n con c\u00e1maras empresariales para promover programas sectoriales de desendeudamiento; y la convocatoria a entidades financieras para ampliar la oferta de cr\u00e9ditos de consolidaci\u00f3n.<\/p>\n\n\n\n<p>Adem\u00e1s, el Banco Solidario (dependiente del Ministerio de Igualdad y Desarrollo Humano) activar\u00e1 medidas orientadas a sectores con ingresos irregulares o intermitentes, que suelen tener mayores dificultades para acceder al sistema financiero tradicional.<\/p>\n\n\n\n<p><strong>C\u00f3mo acceder<\/strong><\/p>\n\n\n\n<p>Los empleados p\u00fablicos y jubilados podr\u00e1n iniciar el tr\u00e1mite de manera digital a trav\u00e9s del portal oficial de la provincia, utilizando su ID Ciudadana. Una vez completada la solicitud, ser\u00e1n contactados para avanzar con el proceso.<\/p>\n\n\n\n<p>En el caso de trabajadores privados y aut\u00f3nomos, la gesti\u00f3n se realizar\u00e1 a trav\u00e9s de las plataformas del agente financiero correspondiente, con seguimiento del Gobierno Provincial. Tras el an\u00e1lisis del perfil crediticio, se informar\u00e1n las condiciones y los pasos a seguir para acceder a los beneficios.<\/p>\n<!-- AddThis Advanced Settings generic via filter on the_content --><!-- AddThis Share Buttons generic via filter on the_content -->","protected":false},"excerpt":{"rendered":"<p>La medida apunta a mitigar el impacto del parate econ\u00f3mico sobre los empleados del sector privado [&hellip;]<!-- AddThis Advanced Settings generic via filter on get_the_excerpt --><!-- AddThis Share Buttons generic via filter on get_the_excerpt --><\/p>\n","protected":false},"author":17,"featured_media":46386,"comment_status":"closed","ping_status":"open","sticky":false,"template":"","format":"standard","meta":{"_seopress_robots_primary_cat":"none","_seopress_titles_title":"","_seopress_titles_desc":"","_seopress_robots_index":"","_themeisle_gutenberg_block_has_review":false,"footnotes":""},"categories":[5],"tags":[],"class_list":["post-46383","post","type-post","status-publish","format-standard","has-post-thumbnail","hentry","category-economia"],"_links":{"self":[{"href":"https:\/\/www.almargenweb.com.ar\/web\/wp-json\/wp\/v2\/posts\/46383","targetHints":{"allow":["GET"]}}],"collection":[{"href":"https:\/\/www.almargenweb.com.ar\/web\/wp-json\/wp\/v2\/posts"}],"about":[{"href":"https:\/\/www.almargenweb.com.ar\/web\/wp-json\/wp\/v2\/types\/post"}],"author":[{"embeddable":true,"href":"https:\/\/www.almargenweb.com.ar\/web\/wp-json\/wp\/v2\/users\/17"}],"replies":[{"embeddable":true,"href":"https:\/\/www.almargenweb.com.ar\/web\/wp-json\/wp\/v2\/comments?post=46383"}],"version-history":[{"count":1,"href":"https:\/\/www.almargenweb.com.ar\/web\/wp-json\/wp\/v2\/posts\/46383\/revisions"}],"predecessor-version":[{"id":46387,"href":"https:\/\/www.almargenweb.com.ar\/web\/wp-json\/wp\/v2\/posts\/46383\/revisions\/46387"}],"wp:featuredmedia":[{"embeddable":true,"href":"https:\/\/www.almargenweb.com.ar\/web\/wp-json\/wp\/v2\/media\/46386"}],"wp:attachment":[{"href":"https:\/\/www.almargenweb.com.ar\/web\/wp-json\/wp\/v2\/media?parent=46383"}],"wp:term":[{"taxonomy":"category","embeddable":true,"href":"https:\/\/www.almargenweb.com.ar\/web\/wp-json\/wp\/v2\/categories?post=46383"},{"taxonomy":"post_tag","embeddable":true,"href":"https:\/\/www.almargenweb.com.ar\/web\/wp-json\/wp\/v2\/tags?post=46383"}],"curies":[{"name":"wp","href":"https:\/\/api.w.org\/{rel}","templated":true}]}}