{"id":46370,"date":"2026-04-29T11:55:08","date_gmt":"2026-04-29T14:55:08","guid":{"rendered":"https:\/\/www.almargenweb.com.ar\/web\/?p=46370"},"modified":"2026-04-29T11:55:08","modified_gmt":"2026-04-29T14:55:08","slug":"municipio-y-provincia-consolidan-politicas-de-proteccion-de-ninas-ninos-y-adolescentes","status":"publish","type":"post","link":"https:\/\/www.almargenweb.com.ar\/web\/municipio-y-provincia-consolidan-politicas-de-proteccion-de-ninas-ninos-y-adolescentes\/","title":{"rendered":"Municipio y Provincia consolidan pol\u00edticas de protecci\u00f3n de ni\u00f1as, ni\u00f1os y adolescentes"},"content":{"rendered":"\n<h2 class=\"wp-block-heading\">Esperanza renov\u00f3 su adhesi\u00f3n al Programa de Servicios Locales de Promoci\u00f3n y Protecci\u00f3n de Derechos, con un aumento del 50% en los fondos respecto a 2025 y la incorporaci\u00f3n de un refuerzo espec\u00edfico para el abordaje de adolescentes.<\/h2>\n\n\n\n<p>El intendente de Esperanza, Rodrigo M\u00fcller, firm\u00f3 un convenio de adhesi\u00f3n al Programa de Servicios Locales de Promoci\u00f3n y Protecci\u00f3n de Derechos, en el marco de una estrategia conjunta con la provincia para fortalecer el trabajo territorial con ni\u00f1as, ni\u00f1os y adolescentes.<\/p>\n\n\n\n<p>El acuerdo, impulsado por la Secretar\u00eda de Ni\u00f1ez, Adolescencia y Familia, contempla un incremento del 50% en los fondos respecto a 2025 y la incorporaci\u00f3n de un refuerzo espec\u00edfico para el abordaje de adolescentes, con el objetivo de garantizar el acceso a derechos y mejorar las intervenciones en territorio.<\/p>\n\n\n\n<p>La firma de este convenio reafirma la articulaci\u00f3n entre los distintos niveles del Estado como un eje central para dar respuestas efectivas a situaciones de vulnerabilidad, en un contexto donde las demandas sociales presentan una creciente complejidad. En ese marco, el trabajo conjunto entre la provincia y los gobiernos locales permite sostener pol\u00edticas p\u00fablicas m\u00e1s eficientes, con mayor cercan\u00eda a cada realidad territorial.<\/p>\n\n\n\n<p>Al respecto, la secretaria de Desarrollo Humano, Florencia Blanche, expres\u00f3 que \u201ceste convenio es fundamental para el trabajo cotidiano que llevamos adelante en la ciudad. Nos permite fortalecer los equipos t\u00e9cnicos y acompa\u00f1ar de manera m\u00e1s cercana a ni\u00f1as, ni\u00f1os y adolescentes que atraviesan situaciones complejas\u201d.<\/p>\n\n\n\n<figure class=\"wp-block-image size-large\"><img loading=\"lazy\" decoding=\"async\" width=\"1024\" height=\"587\" src=\"https:\/\/www.almargenweb.com.ar\/web\/wp-content\/uploads\/2026\/04\/convenio2-1536x881-1-1024x587.jpg\" alt=\"\" class=\"wp-image-46374\" srcset=\"https:\/\/www.almargenweb.com.ar\/web\/wp-content\/uploads\/2026\/04\/convenio2-1536x881-1-1024x587.jpg 1024w, https:\/\/www.almargenweb.com.ar\/web\/wp-content\/uploads\/2026\/04\/convenio2-1536x881-1-300x172.jpg 300w, https:\/\/www.almargenweb.com.ar\/web\/wp-content\/uploads\/2026\/04\/convenio2-1536x881-1-768x440.jpg 768w, https:\/\/www.almargenweb.com.ar\/web\/wp-content\/uploads\/2026\/04\/convenio2-1536x881-1.jpg 1200w\" sizes=\"auto, (max-width: 1024px) 100vw, 1024px\" \/><\/figure>\n\n\n\n<p>Luego, record\u00f3 que \u201cel a\u00f1o pasado ya hab\u00edamos firmado un acuerdo similar, y que hoy se renueve, y con una actualizaci\u00f3n, es muy importante porque garantiza la continuidad de una pol\u00edtica p\u00fablica clave, que requiere presencia sostenida en el territorio y articulaci\u00f3n permanente con la provincia\u201d, agreg\u00f3.<\/p>\n\n\n\n<p>La iniciativa forma parte de la estrategia provincial para fortalecer el sistema de promoci\u00f3n y protecci\u00f3n integral de derechos, con eje en la cercan\u00eda, la articulaci\u00f3n institucional y la intervenci\u00f3n temprana en contextos de vulnerabilidad.<\/p>\n\n\n\n<p><strong>PRESENTES<\/strong><br>La actividad se desarroll\u00f3 en el Teatro Luz y Fuerza de la ciudad de Santa Fe y cont\u00f3 con la presencia de la diputada provincial Jimena Senn; la secretaria de Ni\u00f1ez, Adolescencia y Familia, Daniela Le\u00f3n; el defensor provincial de Ni\u00f1as, Ni\u00f1os y Adolescentes, Juan Cruz Gim\u00e9nez; entre otras autoridades provinciales y locales.<\/p>\n<!-- AddThis Advanced Settings generic via filter on the_content --><!-- AddThis Share Buttons generic via filter on the_content -->","protected":false},"excerpt":{"rendered":"<p>Esperanza renov\u00f3 su adhesi\u00f3n al Programa de Servicios Locales de Promoci\u00f3n y Protecci\u00f3n de Derechos, con [&hellip;]<!-- AddThis Advanced Settings generic via filter on get_the_excerpt --><!-- AddThis Share Buttons generic via filter on get_the_excerpt --><\/p>\n","protected":false},"author":17,"featured_media":46373,"comment_status":"closed","ping_status":"open","sticky":false,"template":"","format":"standard","meta":{"_seopress_robots_primary_cat":"none","_seopress_titles_title":"","_seopress_titles_desc":"","_seopress_robots_index":"","_themeisle_gutenberg_block_has_review":false,"footnotes":""},"categories":[47],"tags":[],"class_list":["post-46370","post","type-post","status-publish","format-standard","has-post-thumbnail","hentry","category-locales"],"_links":{"self":[{"href":"https:\/\/www.almargenweb.com.ar\/web\/wp-json\/wp\/v2\/posts\/46370","targetHints":{"allow":["GET"]}}],"collection":[{"href":"https:\/\/www.almargenweb.com.ar\/web\/wp-json\/wp\/v2\/posts"}],"about":[{"href":"https:\/\/www.almargenweb.com.ar\/web\/wp-json\/wp\/v2\/types\/post"}],"author":[{"embeddable":true,"href":"https:\/\/www.almargenweb.com.ar\/web\/wp-json\/wp\/v2\/users\/17"}],"replies":[{"embeddable":true,"href":"https:\/\/www.almargenweb.com.ar\/web\/wp-json\/wp\/v2\/comments?post=46370"}],"version-history":[{"count":1,"href":"https:\/\/www.almargenweb.com.ar\/web\/wp-json\/wp\/v2\/posts\/46370\/revisions"}],"predecessor-version":[{"id":46375,"href":"https:\/\/www.almargenweb.com.ar\/web\/wp-json\/wp\/v2\/posts\/46370\/revisions\/46375"}],"wp:featuredmedia":[{"embeddable":true,"href":"https:\/\/www.almargenweb.com.ar\/web\/wp-json\/wp\/v2\/media\/46373"}],"wp:attachment":[{"href":"https:\/\/www.almargenweb.com.ar\/web\/wp-json\/wp\/v2\/media?parent=46370"}],"wp:term":[{"taxonomy":"category","embeddable":true,"href":"https:\/\/www.almargenweb.com.ar\/web\/wp-json\/wp\/v2\/categories?post=46370"},{"taxonomy":"post_tag","embeddable":true,"href":"https:\/\/www.almargenweb.com.ar\/web\/wp-json\/wp\/v2\/tags?post=46370"}],"curies":[{"name":"wp","href":"https:\/\/api.w.org\/{rel}","templated":true}]}}