{"id":46365,"date":"2026-04-29T11:52:29","date_gmt":"2026-04-29T14:52:29","guid":{"rendered":"https:\/\/www.almargenweb.com.ar\/web\/?p=46365"},"modified":"2026-04-29T11:52:29","modified_gmt":"2026-04-29T14:52:29","slug":"la-pastoral-carcelaria-llego-a-guadalupe-con-mensajes-de-personas-privadas-de-la-libertad","status":"publish","type":"post","link":"https:\/\/www.almargenweb.com.ar\/web\/la-pastoral-carcelaria-llego-a-guadalupe-con-mensajes-de-personas-privadas-de-la-libertad\/","title":{"rendered":"La Pastoral Carcelaria lleg\u00f3 a Guadalupe con mensajes de personas privadas de la libertad"},"content":{"rendered":"\n<h2 class=\"wp-block-heading\">La participaci\u00f3n anual de la peregrinaci\u00f3n y la misa, comprendi\u00f3 tambi\u00e9n experiencias previas en los penales federales junto a los presos.<\/h2>\n\n\n\n<p>Como cada a\u00f1o, la Pastoral Carcelaria de Santa Fe particip\u00f3 de la peregrinaci\u00f3n a la Virgen de Guadalupe. Participaron personas voluntarias que trabajan en esta entidad, a los que se sumaron, amigos, personas de las comunidades que recorren o bien que comparten el trayecto hacia la Bas\u00edlica.<\/p>\n\n\n\n<p>Consultado sobre esta renovada experiencia, el Padre Bernardo Blanchoud, resalt\u00f3 los momentos vividos en esta oportunidad y record\u00f3 que a\u00f1os atr\u00e1s, las peregrinaciones comenzaban desde la misma c\u00e1rcel de Coronda. \u201cSal\u00edamos a las 4 de la ma\u00f1ana y al santuario lleg\u00e1bamos a la medianoche donde se hac\u00eda la misa\u201d.<\/p>\n\n\n\n<p>Sin embargo, con el tiempo, se redujo el trayecto y se comienza desde el barrio Los Hornos, en distrito Santo Tom\u00e9, desde una vivienda donde el recordado Padre Gabriel Carr\u00f3n trabaj\u00f3 durante a\u00f1os para la creaci\u00f3n de una escuela en esa popular barriada. \u201cEse lugar qued\u00f3 en el coraz\u00f3n de la pastoral como un lugar muy entra\u00f1able\u201d.<\/p>\n\n\n\n<p>Esta vez, iniciaron la caminata a las 9 de la ma\u00f1ana y llegaron al santuario a las 5 de la tarde. \u201cFuimos recorriendo algunas comunidades de Santo Tom\u00e9 como la Capilla Guadalupe, El Huerto, Cristo Obrero y la Parroquia Inmaculada. Y despu\u00e9s en Santa Fe empezamos a recorrer los barrios Varadero Sarzotti, San Jer\u00f3nimo y Fonavi. Tambi\u00e9n San Lorenzo, Santa Rosa Lima, Barranquitas, visitando las comunidades m\u00e1s vulnerables. Trabajar con las personas marginadas era uno de los carismas del Padre Gabriel,\u201d relat\u00f3.<\/p>\n\n\n\n<p>Como se adelant\u00f3, participaron personas voluntarias que trabajan en esta entidad, amigos y allegados, personas de las comunidades recorridas y otros que se sumaron en el camino hacia la Bas\u00edlica. A las 6 de la tarde se particip\u00f3 de la misa oficial.<\/p>\n\n\n\n<h4 class=\"wp-block-heading\"><strong>Mensajes desde la c\u00e1rcel<\/strong><\/h4>\n\n\n\n<p>Cabe se\u00f1alar, que unos d\u00edas antes, desde la Pastoral se llev\u00f3 a los penales una peque\u00f1a urna, a partir de la cual les ofrecieron a los internos que escriban sus intenciones, para luego llevar las urnas a la misa. \u201cDe hecho -coment\u00f3 Blanchoud- estuvieron puestas sobre el altar en el momento de la celebraci\u00f3n\u201d.<\/p>\n\n\n\n<p>En esos d\u00edas previos, en medio de las visitas, destac\u00f3 que los internos \u201ccon papel y l\u00e1piz en mano, estuvieron un tiempo prolongado escribiendo sus mensajes. No lo hicieron s\u00f3lo para cumplir. Dieron todo su coraz\u00f3n\u201d.<\/p>\n\n\n\n<p>El sacerdote coment\u00f3 una an\u00e9cdota que refleja esos momentos. \u201cIncluso recuerdo que uno de los muchachos, antes de poner el papelito en la urna le dio un beso. Bueno, eso dice mucho. Es decir, tomaron esto con respeto, con devoci\u00f3n, incluso con el deseo de participar al menos de coraz\u00f3n en esa marcha\u201d.<\/p>\n\n\n\n<p>Despu\u00e9s, en cada misa dentro de los penales, se les dio una estampita de la Virgen bendecida y \u201cpude observar c\u00f3mo las trataban con cari\u00f1o y las llevaban con mucho afecto\u201d.<\/p>\n<!-- AddThis Advanced Settings generic via filter on the_content --><!-- AddThis Share Buttons generic via filter on the_content -->","protected":false},"excerpt":{"rendered":"<p>La participaci\u00f3n anual de la peregrinaci\u00f3n y la misa, comprendi\u00f3 tambi\u00e9n experiencias previas en los penales [&hellip;]<!-- AddThis Advanced Settings generic via filter on get_the_excerpt --><!-- AddThis Share Buttons generic via filter on get_the_excerpt --><\/p>\n","protected":false},"author":17,"featured_media":46368,"comment_status":"closed","ping_status":"open","sticky":false,"template":"","format":"standard","meta":{"_seopress_robots_primary_cat":"none","_seopress_titles_title":"","_seopress_titles_desc":"","_seopress_robots_index":"","_themeisle_gutenberg_block_has_review":false,"footnotes":""},"categories":[2],"tags":[],"class_list":["post-46365","post","type-post","status-publish","format-standard","has-post-thumbnail","hentry","category-actualidad"],"_links":{"self":[{"href":"https:\/\/www.almargenweb.com.ar\/web\/wp-json\/wp\/v2\/posts\/46365","targetHints":{"allow":["GET"]}}],"collection":[{"href":"https:\/\/www.almargenweb.com.ar\/web\/wp-json\/wp\/v2\/posts"}],"about":[{"href":"https:\/\/www.almargenweb.com.ar\/web\/wp-json\/wp\/v2\/types\/post"}],"author":[{"embeddable":true,"href":"https:\/\/www.almargenweb.com.ar\/web\/wp-json\/wp\/v2\/users\/17"}],"replies":[{"embeddable":true,"href":"https:\/\/www.almargenweb.com.ar\/web\/wp-json\/wp\/v2\/comments?post=46365"}],"version-history":[{"count":1,"href":"https:\/\/www.almargenweb.com.ar\/web\/wp-json\/wp\/v2\/posts\/46365\/revisions"}],"predecessor-version":[{"id":46369,"href":"https:\/\/www.almargenweb.com.ar\/web\/wp-json\/wp\/v2\/posts\/46365\/revisions\/46369"}],"wp:featuredmedia":[{"embeddable":true,"href":"https:\/\/www.almargenweb.com.ar\/web\/wp-json\/wp\/v2\/media\/46368"}],"wp:attachment":[{"href":"https:\/\/www.almargenweb.com.ar\/web\/wp-json\/wp\/v2\/media?parent=46365"}],"wp:term":[{"taxonomy":"category","embeddable":true,"href":"https:\/\/www.almargenweb.com.ar\/web\/wp-json\/wp\/v2\/categories?post=46365"},{"taxonomy":"post_tag","embeddable":true,"href":"https:\/\/www.almargenweb.com.ar\/web\/wp-json\/wp\/v2\/tags?post=46365"}],"curies":[{"name":"wp","href":"https:\/\/api.w.org\/{rel}","templated":true}]}}