{"id":46256,"date":"2026-03-31T16:58:07","date_gmt":"2026-03-31T19:58:07","guid":{"rendered":"https:\/\/www.almargenweb.com.ar\/web\/?p=46256"},"modified":"2026-03-31T16:58:08","modified_gmt":"2026-03-31T19:58:08","slug":"acto-por-el-dia-del-veterano-y-de-los-caidos-en-la-guerra-de-malvinas","status":"publish","type":"post","link":"https:\/\/www.almargenweb.com.ar\/web\/acto-por-el-dia-del-veterano-y-de-los-caidos-en-la-guerra-de-malvinas\/","title":{"rendered":"Acto por el D\u00eda del Veterano y de los Ca\u00eddos en la Guerra de Malvinas"},"content":{"rendered":"\n<h2 class=\"wp-block-heading\">Se realizar\u00e1 este jueves, desde las 10 horas, en a Plaza Soldados de Malvinas (Islas Malvinas y Per\u00fa). En caso de lluvia se trasladar\u00e1 al Centro Cultural Municipal \u201cDante Alighieri\u201d.<\/h2>\n\n\n\n<p><a href=\"https:\/\/esperanza.gob.ar\/#facebook\" target=\"_blank\" rel=\"noreferrer noopener\"><\/a>La Municipalidad de Esperanza, junto al Centro de Veteranos Combatientes de Malvinas \u00abColombo-M\u00fcller\u00bb de Esperanza, invitan a participar del acto por el D\u00eda del Veterano y de los Ca\u00eddos en la Guerra de Malvinas.<\/p>\n\n\n\n<p>La actividad se realizar\u00e1 el jueves 2 de abril, desde las 10 horas, en la Plaza Soldados de Malvinas (Islas Malvinas y Per\u00fa).<\/p>\n\n\n\n<p>En caso de lluvia, el acto se realizar\u00e1 en el Centro Cultural Municipal \u201cDante Alighieri\u201d (Sarmiento 2551) en el mismo horario.<\/p>\n<!-- AddThis Advanced Settings generic via filter on the_content --><!-- AddThis Share Buttons generic via filter on the_content -->","protected":false},"excerpt":{"rendered":"<p>Se realizar\u00e1 este jueves, desde las 10 horas, en a Plaza Soldados de Malvinas (Islas Malvinas [&hellip;]<!-- AddThis Advanced Settings generic via filter on get_the_excerpt --><!-- AddThis Share Buttons generic via filter on get_the_excerpt --><\/p>\n","protected":false},"author":17,"featured_media":46259,"comment_status":"closed","ping_status":"open","sticky":false,"template":"","format":"standard","meta":{"_seopress_robots_primary_cat":"none","_seopress_titles_title":"","_seopress_titles_desc":"","_seopress_robots_index":"","_themeisle_gutenberg_block_has_review":false,"footnotes":""},"categories":[47],"tags":[],"class_list":["post-46256","post","type-post","status-publish","format-standard","has-post-thumbnail","hentry","category-locales"],"_links":{"self":[{"href":"https:\/\/www.almargenweb.com.ar\/web\/wp-json\/wp\/v2\/posts\/46256","targetHints":{"allow":["GET"]}}],"collection":[{"href":"https:\/\/www.almargenweb.com.ar\/web\/wp-json\/wp\/v2\/posts"}],"about":[{"href":"https:\/\/www.almargenweb.com.ar\/web\/wp-json\/wp\/v2\/types\/post"}],"author":[{"embeddable":true,"href":"https:\/\/www.almargenweb.com.ar\/web\/wp-json\/wp\/v2\/users\/17"}],"replies":[{"embeddable":true,"href":"https:\/\/www.almargenweb.com.ar\/web\/wp-json\/wp\/v2\/comments?post=46256"}],"version-history":[{"count":1,"href":"https:\/\/www.almargenweb.com.ar\/web\/wp-json\/wp\/v2\/posts\/46256\/revisions"}],"predecessor-version":[{"id":46260,"href":"https:\/\/www.almargenweb.com.ar\/web\/wp-json\/wp\/v2\/posts\/46256\/revisions\/46260"}],"wp:featuredmedia":[{"embeddable":true,"href":"https:\/\/www.almargenweb.com.ar\/web\/wp-json\/wp\/v2\/media\/46259"}],"wp:attachment":[{"href":"https:\/\/www.almargenweb.com.ar\/web\/wp-json\/wp\/v2\/media?parent=46256"}],"wp:term":[{"taxonomy":"category","embeddable":true,"href":"https:\/\/www.almargenweb.com.ar\/web\/wp-json\/wp\/v2\/categories?post=46256"},{"taxonomy":"post_tag","embeddable":true,"href":"https:\/\/www.almargenweb.com.ar\/web\/wp-json\/wp\/v2\/tags?post=46256"}],"curies":[{"name":"wp","href":"https:\/\/api.w.org\/{rel}","templated":true}]}}