{"id":46249,"date":"2026-03-31T16:54:38","date_gmt":"2026-03-31T19:54:38","guid":{"rendered":"https:\/\/www.almargenweb.com.ar\/web\/?p=46249"},"modified":"2026-03-31T16:54:39","modified_gmt":"2026-03-31T19:54:39","slug":"colapinto-trae-la-formula-1-a-buenos-aires-en-un-show-historico-en-palermo","status":"publish","type":"post","link":"https:\/\/www.almargenweb.com.ar\/web\/colapinto-trae-la-formula-1-a-buenos-aires-en-un-show-historico-en-palermo\/","title":{"rendered":"Colapinto trae la F\u00f3rmula 1 a Buenos Aires en un show hist\u00f3rico en Palermo"},"content":{"rendered":"\n<h2 class=\"wp-block-heading\">El piloto argentino encabezar\u00e1 una exhibici\u00f3n \u00fanica con un monoplaza de Alpine. Ser\u00e1 el 26 de abril y marcar\u00e1 el regreso de la F1 a la Ciudad tras 14 a\u00f1os.<\/h2>\n\n\n\n<p>La ciudad de\u00a0Buenos Aires\u00a0vivir\u00e1 una jornada sin precedentes el pr\u00f3ximo 26 de abril,\u00a0cuando el piloto argentino\u00a0Franco Colapinto\u00a0protagonice un road show que llevar\u00e1 la emoci\u00f3n de la\u00a0F\u00f3rmula 1\u00a0a las calles del barrio de Palermo.<\/p>\n\n\n\n<p>El evento, denominado Franco Colapinto Road Show Buenos Aires 2026 y presentado por Mercado Libre, contar\u00e1 con la participaci\u00f3n del equipo BWT\u00a0Alpine\u00a0Formula One Team, que pondr\u00e1 en pista un monoplaza hist\u00f3rico para la exhibici\u00f3n.<\/p>\n\n\n\n<p>Colapinto conducir\u00e1 el modelo E20 de 2012, equipado con un motor Renault V8, en un trazado callejero especialmente acondicionado.\u00a0Ser\u00e1 la primera vez en 14 a\u00f1os que un auto de F\u00f3rmula 1 ruede en la Ciudad de Buenos Aires, lo que convierte al evento en un hito para el automovilismo nacional.<\/p>\n\n\n\n<p>La exhibici\u00f3n tendr\u00e1 como escenario las calles de Palermo, que se transformar\u00e1n por un d\u00eda en un circuito urbano, acercando al p\u00fablico argentino a una experiencia \u00fanica y de primer nivel internacional.<\/p>\n\n\n\n<figure class=\"wp-block-image size-full\"><img loading=\"lazy\" decoding=\"async\" width=\"870\" height=\"580\" src=\"https:\/\/www.almargenweb.com.ar\/web\/wp-content\/uploads\/2026\/03\/xHce1D4p0_870x580__1.webp\" alt=\"\" class=\"wp-image-46252\" srcset=\"https:\/\/www.almargenweb.com.ar\/web\/wp-content\/uploads\/2026\/03\/xHce1D4p0_870x580__1.webp 870w, https:\/\/www.almargenweb.com.ar\/web\/wp-content\/uploads\/2026\/03\/xHce1D4p0_870x580__1-300x200.webp 300w, https:\/\/www.almargenweb.com.ar\/web\/wp-content\/uploads\/2026\/03\/xHce1D4p0_870x580__1-768x512.webp 768w\" sizes=\"auto, (max-width: 870px) 100vw, 870px\" \/><\/figure>\n\n\n\n<p>El piloto, uno de los principales referentes del automovilismo argentino en la actualidad, expres\u00f3 su entusiasmo por presentarse ante su gente en un contexto tan especial, en una ciudad que volver\u00e1 a vibrar con el sonido de los motores de la m\u00e1xima categor\u00eda.<\/p>\n\n\n\n<p>El road show no solo apunta a celebrar la trayectoria de Colapinto, sino tambi\u00e9n a\u00a0reavivar la pasi\u00f3n local por la F\u00f3rmula 1, en un pa\u00eds con una rica historia dentro de la disciplina.<\/p>\n\n\n\n<p>Se espera una convocatoria masiva para un espect\u00e1culo que promete velocidad, emoci\u00f3n y un fuerte v\u00ednculo entre el deporte motor y el p\u00fablico argentino.<\/p>\n\n\n\n<p>\u201cConducir en casa un auto de F\u00f3rmula 1 ser\u00e1 uno de los momentos m\u00e1s especiales de mi vida.\u00a0Es mi forma de devolver, aunque sea un poco, todo el apoyo y el cari\u00f1o que recib\u00ed desde muy chico, que me impulsa todos los d\u00edas a seguir so\u00f1ando con alcanzar todos mis objetivos en mi carrera. Cada mensaje, cada bandera y cada aliento siempre estuvieron presentes.\u00a0Esto es para todos ustedes, para disfrutar juntos este momento especial&#8221;, expres\u00f3 Colapinto.<\/p>\n\n\n\n<figure class=\"wp-block-image size-full\"><img loading=\"lazy\" decoding=\"async\" width=\"870\" height=\"580\" src=\"https:\/\/www.almargenweb.com.ar\/web\/wp-content\/uploads\/2026\/03\/pLCHDax1E_870x580__1.webp\" alt=\"\" class=\"wp-image-46253\" srcset=\"https:\/\/www.almargenweb.com.ar\/web\/wp-content\/uploads\/2026\/03\/pLCHDax1E_870x580__1.webp 870w, https:\/\/www.almargenweb.com.ar\/web\/wp-content\/uploads\/2026\/03\/pLCHDax1E_870x580__1-300x200.webp 300w, https:\/\/www.almargenweb.com.ar\/web\/wp-content\/uploads\/2026\/03\/pLCHDax1E_870x580__1-768x512.webp 768w\" sizes=\"auto, (max-width: 870px) 100vw, 870px\" \/><\/figure>\n\n\n\n<p>La jornada contar\u00e1 con una propuesta muy variada de sectores para vivir el evento:<\/p>\n\n\n\n<ul class=\"wp-block-list\">\n<li>Un sector abierto y gratuito.<\/li>\n<\/ul>\n\n\n\n<ul class=\"wp-block-list\">\n<li>Sectores exclusivos a la venta, incluyendo Fan Zone, Grandstands y Hospitality con acceso diferenciado y vistas \u00fanicas de la pista.<\/li>\n<\/ul>\n\n\n\n<ul class=\"wp-block-list\">\n<li>En el Fan Zone habr\u00e1n propuestas de entretenimiento, activaciones de marcas y espacios interactivos.<\/li>\n<\/ul>\n\n\n\n<ul class=\"wp-block-list\">\n<li>El espacio de Hospitality tambi\u00e9n ofrecer\u00e1 Garage Tours con acceso a Boxes.<\/li>\n<\/ul>\n\n\n\n<p>Esta iniciativa reafirma el compromiso del Gobierno de la Ciudad de Buenos Aires con la promoci\u00f3n de eventos deportivos de alcance internacional y consolida su posicionamiento como Capital Mundial del Deporte, adem\u00e1s de proyectarla como un centro estrat\u00e9gico de cultura, entretenimiento y grandes eventos globales<\/p>\n\n\n\n<p>Ser\u00e1 transmitido por ESPN y Disney+ Plan Premium*, media partners oficiales del evento.<\/p>\n\n\n\n<p>Venta general a partir del 07\/04 a las 16:00 hs.<\/p>\n\n\n\n<p><\/p>\n<!-- AddThis Advanced Settings generic via filter on the_content --><!-- AddThis Share Buttons generic via filter on the_content -->","protected":false},"excerpt":{"rendered":"<p>El piloto argentino encabezar\u00e1 una exhibici\u00f3n \u00fanica con un monoplaza de Alpine. Ser\u00e1 el 26 de [&hellip;]<!-- AddThis Advanced Settings generic via filter on get_the_excerpt --><!-- AddThis Share Buttons generic via filter on get_the_excerpt --><\/p>\n","protected":false},"author":17,"featured_media":46254,"comment_status":"closed","ping_status":"open","sticky":false,"template":"","format":"standard","meta":{"_seopress_robots_primary_cat":"none","_seopress_titles_title":"","_seopress_titles_desc":"","_seopress_robots_index":"","_themeisle_gutenberg_block_has_review":false,"footnotes":""},"categories":[230],"tags":[],"class_list":["post-46249","post","type-post","status-publish","format-standard","has-post-thumbnail","hentry","category-deportes"],"_links":{"self":[{"href":"https:\/\/www.almargenweb.com.ar\/web\/wp-json\/wp\/v2\/posts\/46249","targetHints":{"allow":["GET"]}}],"collection":[{"href":"https:\/\/www.almargenweb.com.ar\/web\/wp-json\/wp\/v2\/posts"}],"about":[{"href":"https:\/\/www.almargenweb.com.ar\/web\/wp-json\/wp\/v2\/types\/post"}],"author":[{"embeddable":true,"href":"https:\/\/www.almargenweb.com.ar\/web\/wp-json\/wp\/v2\/users\/17"}],"replies":[{"embeddable":true,"href":"https:\/\/www.almargenweb.com.ar\/web\/wp-json\/wp\/v2\/comments?post=46249"}],"version-history":[{"count":1,"href":"https:\/\/www.almargenweb.com.ar\/web\/wp-json\/wp\/v2\/posts\/46249\/revisions"}],"predecessor-version":[{"id":46255,"href":"https:\/\/www.almargenweb.com.ar\/web\/wp-json\/wp\/v2\/posts\/46249\/revisions\/46255"}],"wp:featuredmedia":[{"embeddable":true,"href":"https:\/\/www.almargenweb.com.ar\/web\/wp-json\/wp\/v2\/media\/46254"}],"wp:attachment":[{"href":"https:\/\/www.almargenweb.com.ar\/web\/wp-json\/wp\/v2\/media?parent=46249"}],"wp:term":[{"taxonomy":"category","embeddable":true,"href":"https:\/\/www.almargenweb.com.ar\/web\/wp-json\/wp\/v2\/categories?post=46249"},{"taxonomy":"post_tag","embeddable":true,"href":"https:\/\/www.almargenweb.com.ar\/web\/wp-json\/wp\/v2\/tags?post=46249"}],"curies":[{"name":"wp","href":"https:\/\/api.w.org\/{rel}","templated":true}]}}