{"id":46234,"date":"2026-03-31T16:48:13","date_gmt":"2026-03-31T19:48:13","guid":{"rendered":"https:\/\/www.almargenweb.com.ar\/web\/?p=46234"},"modified":"2026-03-31T16:48:14","modified_gmt":"2026-03-31T19:48:14","slug":"semana-santa-en-esperanza-la-municipalidad-invita-a-participar-de-recorridos-ecumenicos","status":"publish","type":"post","link":"https:\/\/www.almargenweb.com.ar\/web\/semana-santa-en-esperanza-la-municipalidad-invita-a-participar-de-recorridos-ecumenicos\/","title":{"rendered":"Semana Santa en Esperanza: la Municipalidad invita a participar de recorridos ecum\u00e9nicos"},"content":{"rendered":"\n<h2 class=\"wp-block-heading\">Ser\u00e1n el 2 y el 4 de abril, desde las 16 horas. Se trata de dos recorridos diferentes que incluir\u00e1n la Iglesia Evang\u00e9lica del R\u00edo de la Plata, la Bas\u00edlica de la Natividad de la Sant\u00edsima Virgen, la Iglesia Ortodoxa, el Convento Cristo Rey, la Capilla del Huerto y la Parroquia San Jos\u00e9.<\/h2>\n\n\n\n<p><a href=\"https:\/\/esperanza.gob.ar\/#facebook\" target=\"_blank\" rel=\"noreferrer noopener\"><\/a>La Municipalidad de Esperanza, a trav\u00e9s de la Direcci\u00f3n de Turismo de la Secretar\u00eda de Innovaci\u00f3n y Desarrollo Econ\u00f3mico, invita a participar de recorridos ecum\u00e9nicos en el marco de la conmemoraci\u00f3n de Semana Santa.<\/p>\n\n\n\n<p>En primer lugar, el jueves 2 de abril, desde las 16 horas, el recorrido comenzar\u00e1 en el Convento Cristo Rey (A. Janssen 2561), continuar\u00e1 por la Capilla Nuestra Se\u00f1ora del Huerto (25 de Mayo y Mitre) y finalizar\u00e1 en la Parroquia San Jos\u00e9 (avenida C\u00f3rdoba 2470).<\/p>\n\n\n\n<p>En segundo turno, el s\u00e1bado 4 de abril, desde las 16 horas, el recorrido iniciar\u00e1 en la Iglesia Evang\u00e9lica del R\u00edo de la Plata (25 de Mayo y San Mart\u00edn), luego se visitar\u00e1 la Bas\u00edlica de la Natividad de la Sant\u00edsima Virgen (A. Castellanos 1469) y concluir\u00e1 en la Iglesia Cat\u00f3lica Apost\u00f3lica Ortodoxa de Antioqu\u00eda en Argentina \u201cSan Jorge\u201d (9 de Julio 1824).<\/p>\n\n\n\n<p>Se trata de actividades libres y gratuitas que no requieren inscripci\u00f3n previa. Los recorridos estar\u00e1n coordinados por gu\u00edas tur\u00edsticos.<\/p>\n<!-- AddThis Advanced Settings generic via filter on the_content --><!-- AddThis Share Buttons generic via filter on the_content -->","protected":false},"excerpt":{"rendered":"<p>Ser\u00e1n el 2 y el 4 de abril, desde las 16 horas. Se trata de dos [&hellip;]<!-- AddThis Advanced Settings generic via filter on get_the_excerpt --><!-- AddThis Share Buttons generic via filter on get_the_excerpt --><\/p>\n","protected":false},"author":17,"featured_media":46237,"comment_status":"closed","ping_status":"open","sticky":false,"template":"","format":"standard","meta":{"_seopress_robots_primary_cat":"none","_seopress_titles_title":"","_seopress_titles_desc":"","_seopress_robots_index":"","_themeisle_gutenberg_block_has_review":false,"footnotes":""},"categories":[47],"tags":[],"class_list":["post-46234","post","type-post","status-publish","format-standard","has-post-thumbnail","hentry","category-locales"],"_links":{"self":[{"href":"https:\/\/www.almargenweb.com.ar\/web\/wp-json\/wp\/v2\/posts\/46234","targetHints":{"allow":["GET"]}}],"collection":[{"href":"https:\/\/www.almargenweb.com.ar\/web\/wp-json\/wp\/v2\/posts"}],"about":[{"href":"https:\/\/www.almargenweb.com.ar\/web\/wp-json\/wp\/v2\/types\/post"}],"author":[{"embeddable":true,"href":"https:\/\/www.almargenweb.com.ar\/web\/wp-json\/wp\/v2\/users\/17"}],"replies":[{"embeddable":true,"href":"https:\/\/www.almargenweb.com.ar\/web\/wp-json\/wp\/v2\/comments?post=46234"}],"version-history":[{"count":1,"href":"https:\/\/www.almargenweb.com.ar\/web\/wp-json\/wp\/v2\/posts\/46234\/revisions"}],"predecessor-version":[{"id":46238,"href":"https:\/\/www.almargenweb.com.ar\/web\/wp-json\/wp\/v2\/posts\/46234\/revisions\/46238"}],"wp:featuredmedia":[{"embeddable":true,"href":"https:\/\/www.almargenweb.com.ar\/web\/wp-json\/wp\/v2\/media\/46237"}],"wp:attachment":[{"href":"https:\/\/www.almargenweb.com.ar\/web\/wp-json\/wp\/v2\/media?parent=46234"}],"wp:term":[{"taxonomy":"category","embeddable":true,"href":"https:\/\/www.almargenweb.com.ar\/web\/wp-json\/wp\/v2\/categories?post=46234"},{"taxonomy":"post_tag","embeddable":true,"href":"https:\/\/www.almargenweb.com.ar\/web\/wp-json\/wp\/v2\/tags?post=46234"}],"curies":[{"name":"wp","href":"https:\/\/api.w.org\/{rel}","templated":true}]}}