{"id":46228,"date":"2026-03-28T09:41:51","date_gmt":"2026-03-28T12:41:51","guid":{"rendered":"https:\/\/www.almargenweb.com.ar\/web\/?p=46228"},"modified":"2026-03-28T09:41:52","modified_gmt":"2026-03-28T12:41:52","slug":"pullaro-la-obra-publica-provincial-sostiene-el-empleo-de-40-000-familias-en-santa-fe","status":"publish","type":"post","link":"https:\/\/www.almargenweb.com.ar\/web\/pullaro-la-obra-publica-provincial-sostiene-el-empleo-de-40-000-familias-en-santa-fe\/","title":{"rendered":"Pullaro: \u201cLa obra p\u00fablica provincial sostiene el empleo de 40.000 familias en Santa Fe\u201d"},"content":{"rendered":"\n<h2 class=\"wp-block-heading\">El gobernador destac\u00f3 las medidas impulsadas desde la Provincia para generar y preservar puestos de trabajo desde el sector p\u00fablico y el privado. Destac\u00f3 que Santa Fe es una de las provincias menos afectadas por la p\u00e9rdida de empleo a nivel nacional.<\/h2>\n\n\n\n<p>El gobernador de Santa Fe, Maximiliano Pullaro, afirm\u00f3 este mi\u00e9rcoles que unas 40.000 familias dependen actualmente de la obra p\u00fablica y de las inversiones impulsadas por el Estado provincial. Ese volumen de actividad explica que el Gran Rosario registre una tasa de empleo del 49,1 %, la segunda m\u00e1s alta del pa\u00eds, seg\u00fan el Instituto Nacional de Estad\u00edstica y Censos (Indec) para el cuarto trimestre de 2025, solo detr\u00e1s de la Ciudad Aut\u00f3noma de Buenos Aires (52 %).<br><br>\u201cLa econom\u00eda no est\u00e1 bien y en el pa\u00eds se est\u00e1n perdiendo puestos de trabajo, pero en Santa Fe los estamos sosteniendo con una pol\u00edtica muy activa del Ministerio de Desarrollo Productivo y con recursos del tesoro provincial\u201d, se\u00f1al\u00f3 el mandatario. En ese marco, destac\u00f3 el rol de la pol\u00edtica fiscal: \u201cEn la \u00faltima Ley Tributaria avanzamos con una fuerte reducci\u00f3n de impuestos para sostener a la industria en un contexto complejo. Cada empleo que se pierde es una familia que queda a la deriva\u201d.<br><br>Pullaro explic\u00f3 que la combinaci\u00f3n de alivio impositivo y est\u00edmulos a la producci\u00f3n apunta a sostener el empleo registrado. En particular, mencion\u00f3 las deducciones en Ingresos Brutos vinculadas tanto a la generaci\u00f3n de nuevos puestos de trabajo como a los costos energ\u00e9ticos. \u201cLa Provincia realiza un esfuerzo para sostener el empleo en un momento en el que la clase media y media baja atraviesan dificultades para llegar a fin de mes. En ese escenario, se necesita una mirada m\u00e1s sensible\u201d, sostuvo.<\/p>\n\n\n\n<p><strong>\u201cInvertimos para sostener la actividad\u201d<\/strong><br>El gobernador destac\u00f3, adem\u00e1s, que Santa Fe fue una de las jurisdicciones menos afectadas por la ca\u00edda del empleo a nivel nacional. \u201cEsto responde a pol\u00edticas activas, pero tambi\u00e9n al compromiso de industriales y pymes que siguen invirtiendo pese al contexto adverso\u201d, indic\u00f3. Y agreg\u00f3: \u201cAplicamos pol\u00edticas contrac\u00edclicas: invertimos cuando la econom\u00eda se retrae para sostener la actividad en cada localidad\u201d.<br><br>En ese sentido, subray\u00f3 el impacto territorial de la obra p\u00fablica: \u201cEn un pueblo peque\u00f1o, una obra puede significar el sustento de tres, cuatro o cinco familias. Puede parecer poco en una gran ciudad, pero en esas comunidades es determinante\u201d. Por eso, defendi\u00f3 el nivel de inversi\u00f3n provincial: \u201cSi el Estado se retira, muchas personas quedar\u00edan sin trabajo. Nuestro objetivo es generar empleo y, al mismo tiempo, desarrollar infraestructura que potencie la inversi\u00f3n privada\u201d.<br><br>Pullaro tambi\u00e9n anticip\u00f3 el ritmo de ejecuci\u00f3n previsto para su gesti\u00f3n: \u201cVamos a inaugurar m\u00e1s de una obra por d\u00eda. Son 1.480 d\u00edas de gobierno y tenemos 1.800 obras en marcha que vamos a finalizar antes de concluir el mandato\u201d. En paralelo, garantiz\u00f3 el acompa\u00f1amiento al entramado productivo: \u201cVamos a estar al lado de cada pyme para sostenerla. En este contexto, es imprescindible apostar a la generaci\u00f3n de empleo\u201d.<\/p>\n\n\n\n<figure class=\"wp-block-image size-large\"><img loading=\"lazy\" decoding=\"async\" width=\"1024\" height=\"683\" src=\"https:\/\/www.almargenweb.com.ar\/web\/wp-content\/uploads\/2026\/03\/2026-03-25NID_285529O_2-1024x683.jpeg\" alt=\"\" class=\"wp-image-46231\" srcset=\"https:\/\/www.almargenweb.com.ar\/web\/wp-content\/uploads\/2026\/03\/2026-03-25NID_285529O_2-1024x683.jpeg 1024w, https:\/\/www.almargenweb.com.ar\/web\/wp-content\/uploads\/2026\/03\/2026-03-25NID_285529O_2-300x200.jpeg 300w, https:\/\/www.almargenweb.com.ar\/web\/wp-content\/uploads\/2026\/03\/2026-03-25NID_285529O_2-768x512.jpeg 768w, https:\/\/www.almargenweb.com.ar\/web\/wp-content\/uploads\/2026\/03\/2026-03-25NID_285529O_2.jpeg 1200w\" sizes=\"auto, (max-width: 1024px) 100vw, 1024px\" \/><\/figure>\n\n\n\n<p><strong>Expectativas para 2026<\/strong><br>Por su parte, el ministro de Trabajo, Empleo y Seguridad Social, Roald B\u00e1scolo, valor\u00f3 que los indicadores del Gran Rosario y del Gran Santa Fe se ubiquen por encima del promedio nacional y de otros grandes conglomerados urbanos. Destac\u00f3, adem\u00e1s, que sectores como la construcci\u00f3n y la industria -los m\u00e1s afectados en el pa\u00eds- muestran un comportamiento diferente en la provincia.<\/p>\n\n\n\n<p>\u201cSanta Fe perdi\u00f3 puestos de trabajo en el primer semestre de 2024, pero logr\u00f3 recuperarlos hacia finales de 2025 y hoy es una de las pocas provincias que genera empleo en la construcci\u00f3n, mientras que a nivel nacional se registra una ca\u00edda promedio del 10 %\u201d, precis\u00f3.<br>Finalmente, el funcionario expres\u00f3 expectativas favorables para 2026: \u201cLa obra p\u00fablica provincial tuvo un impacto positivo en la construcci\u00f3n, un sector clave por su efecto multiplicador. Ahora confiamos en que las medidas fiscales, especialmente la reducci\u00f3n de Ingresos Brutos, impulsen la creaci\u00f3n de empleo privado registrado\u201d.<\/p>\n<!-- AddThis Advanced Settings generic via filter on the_content --><!-- AddThis Share Buttons generic via filter on the_content -->","protected":false},"excerpt":{"rendered":"<p>El gobernador destac\u00f3 las medidas impulsadas desde la Provincia para generar y preservar puestos de trabajo [&hellip;]<!-- AddThis Advanced Settings generic via filter on get_the_excerpt --><!-- AddThis Share Buttons generic via filter on get_the_excerpt --><\/p>\n","protected":false},"author":17,"featured_media":46232,"comment_status":"closed","ping_status":"open","sticky":false,"template":"","format":"standard","meta":{"_seopress_robots_primary_cat":"none","_seopress_titles_title":"","_seopress_titles_desc":"","_seopress_robots_index":"","_themeisle_gutenberg_block_has_review":false,"footnotes":""},"categories":[5,24,48],"tags":[],"class_list":["post-46228","post","type-post","status-publish","format-standard","has-post-thumbnail","hentry","category-economia","category-obras-publicas","category-provinciales"],"_links":{"self":[{"href":"https:\/\/www.almargenweb.com.ar\/web\/wp-json\/wp\/v2\/posts\/46228","targetHints":{"allow":["GET"]}}],"collection":[{"href":"https:\/\/www.almargenweb.com.ar\/web\/wp-json\/wp\/v2\/posts"}],"about":[{"href":"https:\/\/www.almargenweb.com.ar\/web\/wp-json\/wp\/v2\/types\/post"}],"author":[{"embeddable":true,"href":"https:\/\/www.almargenweb.com.ar\/web\/wp-json\/wp\/v2\/users\/17"}],"replies":[{"embeddable":true,"href":"https:\/\/www.almargenweb.com.ar\/web\/wp-json\/wp\/v2\/comments?post=46228"}],"version-history":[{"count":1,"href":"https:\/\/www.almargenweb.com.ar\/web\/wp-json\/wp\/v2\/posts\/46228\/revisions"}],"predecessor-version":[{"id":46233,"href":"https:\/\/www.almargenweb.com.ar\/web\/wp-json\/wp\/v2\/posts\/46228\/revisions\/46233"}],"wp:featuredmedia":[{"embeddable":true,"href":"https:\/\/www.almargenweb.com.ar\/web\/wp-json\/wp\/v2\/media\/46232"}],"wp:attachment":[{"href":"https:\/\/www.almargenweb.com.ar\/web\/wp-json\/wp\/v2\/media?parent=46228"}],"wp:term":[{"taxonomy":"category","embeddable":true,"href":"https:\/\/www.almargenweb.com.ar\/web\/wp-json\/wp\/v2\/categories?post=46228"},{"taxonomy":"post_tag","embeddable":true,"href":"https:\/\/www.almargenweb.com.ar\/web\/wp-json\/wp\/v2\/tags?post=46228"}],"curies":[{"name":"wp","href":"https:\/\/api.w.org\/{rel}","templated":true}]}}