{"id":46223,"date":"2026-03-28T09:39:47","date_gmt":"2026-03-28T12:39:47","guid":{"rendered":"https:\/\/www.almargenweb.com.ar\/web\/?p=46223"},"modified":"2026-03-28T09:39:48","modified_gmt":"2026-03-28T12:39:48","slug":"esperanza-se-sumo-al-grupo-de-ecosistemas-inteligentes-de-america-latina-geial","status":"publish","type":"post","link":"https:\/\/www.almargenweb.com.ar\/web\/esperanza-se-sumo-al-grupo-de-ecosistemas-inteligentes-de-america-latina-geial\/","title":{"rendered":"Esperanza se sum\u00f3 al Grupo de Ecosistemas Inteligentes de Am\u00e9rica Latina (GEIAL)"},"content":{"rendered":"\n<h2 class=\"wp-block-heading\">Se trata de una red de ciudades que promueve la construcci\u00f3n de conocimiento colectivo mediante la medici\u00f3n de ecosistemas emprendedores.<\/h2>\n\n\n\n<p><a href=\"https:\/\/esperanza.gob.ar\/#facebook\" target=\"_blank\" rel=\"noreferrer noopener\"><\/a>La Municipalidad de Esperanza, a trav\u00e9s de la Secretar\u00eda de Innovaci\u00f3n y Desarrollo Econ\u00f3mico, formaliz\u00f3 su incorporaci\u00f3n al Grupo de Ecosistemas Inteligentes de Am\u00e9rica Latina (GEIAL), una red que promueve la construcci\u00f3n de inteligencia colectiva mediante la medici\u00f3n de ecosistemas emprendedores, el intercambio de experiencias y la generaci\u00f3n de buenas pr\u00e1cticas para impulsar la generaci\u00f3n y desarrollo de empresas din\u00e1micas.<\/p>\n\n\n\n<p>El GEIAL est\u00e1 integrado por m\u00e1s de 25 ciudades de pa\u00edses como M\u00e9xico, Per\u00fa, Ecuador, Rep\u00fablica Dominicana, Costa Rica, Uruguay, Brasil, Chile y Colombia. En Argentina, ya forman parte Rafaela, C\u00f3rdoba, Villa Mar\u00eda y R\u00edo Cuarto. Adem\u00e1s, la iniciativa cuenta con el acompa\u00f1amiento de organismos internacionales como el Banco Interamericano de Desarrollo (BID), el Banco de Desarrollo de Am\u00e9rica Latina (CAF) y la Global Entrepreneurship Network.<\/p>\n\n\n\n<p>En este marco, la secretaria de Innovaci\u00f3n y Desarrollo Econ\u00f3mico, Mar\u00eda Victoria Nagel, destac\u00f3 que \u201cformar parte del GEIAL es una decisi\u00f3n estrat\u00e9gica de la gesti\u00f3n del intendente Rodrigo M\u00fcller, para promover una ciudad con m\u00e1s oportunidades, basada en el conocimiento, la innovaci\u00f3n y el desarrollo productivo\u201d.<\/p>\n\n\n\n<p>\u201cEsta incorporaci\u00f3n nos permite acceder a herramientas concretas para medir y comprender nuestro ecosistema emprendedor, identificar fortalezas y brechas, y definir una agenda de trabajo con objetivos claros y medibles, en l\u00ednea con la planificaci\u00f3n que venimos impulsando desde el inicio de la gesti\u00f3n\u201d, agreg\u00f3.<\/p>\n\n\n\n<p>Uno de los principales beneficios de la incorporaci\u00f3n es la posibilidad de elaborar reportes locales del ecosistema. Estos informes se construyen a partir de un trabajo metodol\u00f3gico acompa\u00f1ado por la coordinaci\u00f3n t\u00e9cnica del GEIAL, que incluye seminarios, talleres y herramientas espec\u00edficas. \u201cEste proceso no solo nos brinda un diagn\u00f3stico preciso, sino que tambi\u00e9n fomenta la articulaci\u00f3n entre los distintos actores del ecosistema, algo central para la mirada de desarrollo que promueve esta gesti\u00f3n\u201d, explic\u00f3 la funcionaria.<\/p>\n\n\n\n<p>El trabajo en Esperanza ser\u00e1 llevado adelante por un equipo local integrado por la Municipalidad, el CICAE y la CIME, la Universidad Nacional del Litoral, el ITEC \u00abEl Molino\u00bb, el Polo Tecnol\u00f3gico Esperanza y la Incubadora IDEAR. La recolecci\u00f3n de informaci\u00f3n se realizar\u00e1 a trav\u00e9s de encuestas dirigidas a docentes, emprendedores, empresarios, consultores, gestores p\u00fablicos, inversores y representantes de instituciones intermedias.<\/p>\n\n\n\n<p>\u201cAdem\u00e1s del diagn\u00f3stico local, el GEIAL elabora un informe comparativo entre todas las ciudades participantes, lo que nos permite posicionarnos a nivel regional y aprender de otras experiencias. Y lo m\u00e1s importante es que este proceso se sostiene en el tiempo, lo que nos va a permitir medir avances y evaluar el impacto de las pol\u00edticas p\u00fablicas que llevamos adelante\u201d, agreg\u00f3 Nagel.<\/p>\n\n\n\n<p>La participaci\u00f3n en esta red tambi\u00e9n abre oportunidades para acceder a instancias de formaci\u00f3n, networking, intercambio de buenas pr\u00e1cticas y proyectos de investigaci\u00f3n acad\u00e9mica, adem\u00e1s de fortalecer la visibilidad de la ciudad en el plano regional.<\/p>\n\n\n\n<p>Finalmente, la secretaria subray\u00f3 que \u201cla incorporaci\u00f3n al GEIAL representa un paso m\u00e1s en la consolidaci\u00f3n de un ecosistema emprendedor din\u00e1mico en Esperanza, con un Estado que planifica, articula y genera condiciones para el crecimiento y el desarrollo de la ciudad a partir de datos\u201d.<\/p>\n\n\n\n<p><\/p>\n<!-- AddThis Advanced Settings generic via filter on the_content --><!-- AddThis Share Buttons generic via filter on the_content -->","protected":false},"excerpt":{"rendered":"<p>Se trata de una red de ciudades que promueve la construcci\u00f3n de conocimiento colectivo mediante la [&hellip;]<!-- AddThis Advanced Settings generic via filter on get_the_excerpt --><!-- AddThis Share Buttons generic via filter on get_the_excerpt --><\/p>\n","protected":false},"author":17,"featured_media":46226,"comment_status":"closed","ping_status":"open","sticky":false,"template":"","format":"standard","meta":{"_seopress_robots_primary_cat":"none","_seopress_titles_title":"","_seopress_titles_desc":"","_seopress_robots_index":"","_themeisle_gutenberg_block_has_review":false,"footnotes":""},"categories":[164,47],"tags":[],"class_list":["post-46223","post","type-post","status-publish","format-standard","has-post-thumbnail","hentry","category-ambiente","category-locales"],"_links":{"self":[{"href":"https:\/\/www.almargenweb.com.ar\/web\/wp-json\/wp\/v2\/posts\/46223","targetHints":{"allow":["GET"]}}],"collection":[{"href":"https:\/\/www.almargenweb.com.ar\/web\/wp-json\/wp\/v2\/posts"}],"about":[{"href":"https:\/\/www.almargenweb.com.ar\/web\/wp-json\/wp\/v2\/types\/post"}],"author":[{"embeddable":true,"href":"https:\/\/www.almargenweb.com.ar\/web\/wp-json\/wp\/v2\/users\/17"}],"replies":[{"embeddable":true,"href":"https:\/\/www.almargenweb.com.ar\/web\/wp-json\/wp\/v2\/comments?post=46223"}],"version-history":[{"count":1,"href":"https:\/\/www.almargenweb.com.ar\/web\/wp-json\/wp\/v2\/posts\/46223\/revisions"}],"predecessor-version":[{"id":46227,"href":"https:\/\/www.almargenweb.com.ar\/web\/wp-json\/wp\/v2\/posts\/46223\/revisions\/46227"}],"wp:featuredmedia":[{"embeddable":true,"href":"https:\/\/www.almargenweb.com.ar\/web\/wp-json\/wp\/v2\/media\/46226"}],"wp:attachment":[{"href":"https:\/\/www.almargenweb.com.ar\/web\/wp-json\/wp\/v2\/media?parent=46223"}],"wp:term":[{"taxonomy":"category","embeddable":true,"href":"https:\/\/www.almargenweb.com.ar\/web\/wp-json\/wp\/v2\/categories?post=46223"},{"taxonomy":"post_tag","embeddable":true,"href":"https:\/\/www.almargenweb.com.ar\/web\/wp-json\/wp\/v2\/tags?post=46223"}],"curies":[{"name":"wp","href":"https:\/\/api.w.org\/{rel}","templated":true}]}}