{"id":46211,"date":"2026-03-25T19:01:25","date_gmt":"2026-03-25T22:01:25","guid":{"rendered":"https:\/\/www.almargenweb.com.ar\/web\/?p=46211"},"modified":"2026-03-25T19:01:26","modified_gmt":"2026-03-25T22:01:26","slug":"italianos-conmemoran-el-dantedi-dia-nacional-de-dante-alighieri","status":"publish","type":"post","link":"https:\/\/www.almargenweb.com.ar\/web\/italianos-conmemoran-el-dantedi-dia-nacional-de-dante-alighieri\/","title":{"rendered":"Italianos conmemoran el &#8220;Danted\u00ed&#8221;, D\u00eda Nacional de Dante Alighieri"},"content":{"rendered":"\n<h2 class=\"wp-block-heading\">En adhesi\u00f3n al \u201cDanted\u00ec\u201d, la Asociaci\u00f3n Dante Alighieri de Esperanza comparte una reflexi\u00f3n sobre La Divina Comedia realizada por Mar\u00eda Mercedes de Balangione, ex docente Escuela de Lengua y Cultura italianas Dante Alighieri.<\/h2>\n\n\n\n<p>A partir del a\u00f1o 2020 el gobierno de Italia ha aprobado que el 25 de marzo se convierta en el d\u00eda nacional dedicado a Dante Alighieri.<\/p>\n\n\n\n<p>La fecha no es casual. El llamado \u201cDanted\u00ec\u201d coincide con el d\u00eda en que los estudiosos del escritor italiano sit\u00faan el inicio de su viaje por el inframundo en su gran obra la Comedia, conocida popularmente como La Divina Comedia, tal como la bautiz\u00f3 poco tiempo despu\u00e9s otro grande de las letras italianas, Giovanni Boccaccio.<\/p>\n\n\n\n<p>En adhesi\u00f3n al \u201cDanted\u00ec\u201d, la Asociaci\u00f3n Dante Alighieri de Esperanza comparte una reflexi\u00f3n sobre Dante y La Divina Comedia realizada por Mar\u00eda Mercedes de Balangione (ex docente Escuela de Lengua y Cultura italianas Dante Alighieri).<\/p>\n\n\n\n<h5 class=\"wp-block-heading\">DANTED\u00cc acompa\u00f1a al JUBILEO<\/h5>\n\n\n\n<p>La celebraci\u00f3n del d\u00eda de Dante y el Jubileo del a\u00f1o santo de este 2025 se unieron significativamente en un gran evento cultural human\u00edstico, ya que el Jubileo consider\u00f3 el a\u00f1o de la reconciliaci\u00f3n, del perd\u00f3n, y no solo para los peregrinos, sino que se extendi\u00f3 para los cincos continentes, dando as\u00ed una nueva forma arquitect\u00f3nica a nuestro siglo. Dante recuerda al Primer Jubileo en su magna obra, la Divina Comedia. Prueba de ello se puede observar en la Bas\u00edlica de San Juan de Letr\u00e1n, en cuyo interior se encuentra un fresco perteneciente al gran Giotto donde se puede apreciar al Papa Bonifacio VIII mientras bendice a los fieles.<\/p>\n\n\n\n<p>El pasado diciembre de 2024 las puertas del Vaticano se abrieron, haciendo resonar sabias sentencias; y as\u00ed la noche navide\u00f1a se vio recreada con parte del poema dantesco. Luego, a lo largo de este 2025, se entonar\u00e1n los cap\u00edtulos restantes acompa\u00f1ados todos ellos con bell\u00edsimas alegor\u00edas. Justamente el escenario elegido (Vaticano) no deja de ser un lugar parad\u00f3jico, dado que en un inicio la severa voz de Dante se levant\u00f3 sobre las autoridades pontificias de su \u00e9poca.<\/p>\n\n\n\n<figure class=\"wp-block-image size-full\"><img loading=\"lazy\" decoding=\"async\" width=\"645\" height=\"476\" src=\"https:\/\/www.almargenweb.com.ar\/web\/wp-content\/uploads\/2026\/03\/l_1752095410.jpg\" alt=\"\" class=\"wp-image-46215\" srcset=\"https:\/\/www.almargenweb.com.ar\/web\/wp-content\/uploads\/2026\/03\/l_1752095410.jpg 645w, https:\/\/www.almargenweb.com.ar\/web\/wp-content\/uploads\/2026\/03\/l_1752095410-300x221.jpg 300w\" sizes=\"auto, (max-width: 645px) 100vw, 645px\" \/><\/figure>\n\n\n\n<p>La firmeza de su fe cat\u00f3lica nunca lo abandon\u00f3<\/p>\n\n\n\n<p>Siglos despu\u00e9s algunos Papas, analizando los versos de La Divina Comedia, supieron rehabilitar la figura del gran florentino dando as\u00ed a conocer a la humanidad el camino para salir de la \u201cSelva Oscura\u201d (vale decir del pecado) y encontrar la \u201crecta senda\u201d. Asimismo en 1921 Benedicto XV en su enc\u00edclica \u201cIn Praeclara Summorum\u201d abre un espacio para destacar el valor de la profundidad de estas ense\u00f1anzas dantescas. En 1965 Paulo Vi, en su carta apost\u00f3lica \u201cAltissimi Cantus\u201d da a conocer claramente la transformaci\u00f3n del ser humano \u201cde pecador a santidad\u201d. En 1985 Juan Pablo II reconoce en los versos de la Comedia valores perennes que han motivado el testimonio literario del sumo poeta.<\/p>\n\n\n\n<p>En la actualidad Francisco, en su Carta Apost\u00f3lica \u201cCandor, Licis, Aeternae\u201d, muestra la necesidad de unir a la humanidad bajo un mismo lazo (el de la Paz) a trav\u00e9s de los poemas de la Divina Comedia, animando as\u00ed a lectores y estudiosos a que valoren en profundidad esta magna obra.<\/p>\n\n\n\n<p>Dante encar\u00f3 magistral y armoniosamente la uni\u00f3n de teolog\u00eda, filosof\u00eda y pol\u00edtica bajo un pensamiento po\u00e9tico que, si bien fue expresado por el a\u00f1o 1300, es muy v\u00e1lido para nuestros d\u00edas. Por ello la uni\u00f3n de estas dos celebraciones nos invitan a recorrer este Proyecto de Humanidad (seg\u00fan los estudiosos del siglo XXI) que fue modelo y fuente de inspiraci\u00f3n de la Divina Comedia. Legado por el Sumo Poeta como \u201cheraldo de un pensamiento universal\u201d seg\u00fan expresi\u00f3n de Borges.<\/p>\n\n\n\n<p>Dante ha querido unirnos en tiempos dif\u00edciles, entrelazando lo espiritual (el Jubileo) con lo humano (la Divina Comedia) para que as\u00ed vayamos al encuentro de nuevos amaneceres como peregrinos y sembradores de esperanza, hermanados todos, sin l\u00edmites desde \u201cle varie fasi dall \u2018alba al tramonto\u201d.<\/p>\n\n\n\n<p><a href=\"https:\/\/www.esperanzadiaxdia.com.ar\/galeria\/fotos\/2025\/07\/09\/o_1752095410.jpg\" rel=\"noreferrer noopener\" target=\"_blank\"><\/a><\/p>\n<!-- AddThis Advanced Settings generic via filter on the_content --><!-- AddThis Share Buttons generic via filter on the_content -->","protected":false},"excerpt":{"rendered":"<p>En adhesi\u00f3n al \u201cDanted\u00ec\u201d, la Asociaci\u00f3n Dante Alighieri de Esperanza comparte una reflexi\u00f3n sobre La Divina [&hellip;]<!-- AddThis Advanced Settings generic via filter on get_the_excerpt --><!-- AddThis Share Buttons generic via filter on get_the_excerpt --><\/p>\n","protected":false},"author":17,"featured_media":46214,"comment_status":"closed","ping_status":"open","sticky":false,"template":"","format":"standard","meta":{"_seopress_robots_primary_cat":"none","_seopress_titles_title":"","_seopress_titles_desc":"","_seopress_robots_index":"","_themeisle_gutenberg_block_has_review":false,"footnotes":""},"categories":[3],"tags":[],"class_list":["post-46211","post","type-post","status-publish","format-standard","has-post-thumbnail","hentry","category-cultura"],"_links":{"self":[{"href":"https:\/\/www.almargenweb.com.ar\/web\/wp-json\/wp\/v2\/posts\/46211","targetHints":{"allow":["GET"]}}],"collection":[{"href":"https:\/\/www.almargenweb.com.ar\/web\/wp-json\/wp\/v2\/posts"}],"about":[{"href":"https:\/\/www.almargenweb.com.ar\/web\/wp-json\/wp\/v2\/types\/post"}],"author":[{"embeddable":true,"href":"https:\/\/www.almargenweb.com.ar\/web\/wp-json\/wp\/v2\/users\/17"}],"replies":[{"embeddable":true,"href":"https:\/\/www.almargenweb.com.ar\/web\/wp-json\/wp\/v2\/comments?post=46211"}],"version-history":[{"count":1,"href":"https:\/\/www.almargenweb.com.ar\/web\/wp-json\/wp\/v2\/posts\/46211\/revisions"}],"predecessor-version":[{"id":46216,"href":"https:\/\/www.almargenweb.com.ar\/web\/wp-json\/wp\/v2\/posts\/46211\/revisions\/46216"}],"wp:featuredmedia":[{"embeddable":true,"href":"https:\/\/www.almargenweb.com.ar\/web\/wp-json\/wp\/v2\/media\/46214"}],"wp:attachment":[{"href":"https:\/\/www.almargenweb.com.ar\/web\/wp-json\/wp\/v2\/media?parent=46211"}],"wp:term":[{"taxonomy":"category","embeddable":true,"href":"https:\/\/www.almargenweb.com.ar\/web\/wp-json\/wp\/v2\/categories?post=46211"},{"taxonomy":"post_tag","embeddable":true,"href":"https:\/\/www.almargenweb.com.ar\/web\/wp-json\/wp\/v2\/tags?post=46211"}],"curies":[{"name":"wp","href":"https:\/\/api.w.org\/{rel}","templated":true}]}}