{"id":46202,"date":"2026-03-25T18:58:09","date_gmt":"2026-03-25T21:58:09","guid":{"rendered":"https:\/\/www.almargenweb.com.ar\/web\/?p=46202"},"modified":"2026-03-25T18:58:10","modified_gmt":"2026-03-25T21:58:10","slug":"esperanza-conmemoro-el-dia-nacional-de-la-memoria-por-la-verdad-y-la-justicia","status":"publish","type":"post","link":"https:\/\/www.almargenweb.com.ar\/web\/esperanza-conmemoro-el-dia-nacional-de-la-memoria-por-la-verdad-y-la-justicia\/","title":{"rendered":"Esperanza conmemor\u00f3 el D\u00eda Nacional de la Memoria por la Verdad y la Justicia"},"content":{"rendered":"\n<h2 class=\"wp-block-heading\">A 50 a\u00f1os del golpe de Estado, el intendente Rodrigo M\u00fcller destac\u00f3 que \u201cmantener viva la memoria es un compromiso colectivo\u201d.<\/h2>\n\n\n\n<p><a href=\"https:\/\/esperanza.gob.ar\/#facebook\" target=\"_blank\" rel=\"noreferrer noopener\"><\/a><\/p>\n\n\n\n<p>Este martes, en el Parque de la Agricultura, se llev\u00f3 a cabo el acto en conmemoraci\u00f3n por el D\u00eda Nacional de la Memoria por la Verdad y la Justicia, en recuerdo de quienes resultaron v\u00edctimas de la dictadura c\u00edvico-militar que gobern\u00f3 el pa\u00eds a partir de 1976.<\/p>\n\n\n\n<p>La actividad estuvo encabezada por el intendente de Esperanza, Rodrigo M\u00fcller; la diputada provincial Jimena Senn; junto a autoridades provinciales y municipales, concejales, representantes de entidades intermedias y familiares de desaparecidos.<\/p>\n\n\n\n<figure class=\"wp-block-image size-large\"><img loading=\"lazy\" decoding=\"async\" width=\"1024\" height=\"553\" src=\"https:\/\/www.almargenweb.com.ar\/web\/wp-content\/uploads\/2026\/03\/24m2-1536x830-1-1024x553.jpg\" alt=\"\" class=\"wp-image-46206\" srcset=\"https:\/\/www.almargenweb.com.ar\/web\/wp-content\/uploads\/2026\/03\/24m2-1536x830-1-1024x553.jpg 1024w, https:\/\/www.almargenweb.com.ar\/web\/wp-content\/uploads\/2026\/03\/24m2-1536x830-1-300x162.jpg 300w, https:\/\/www.almargenweb.com.ar\/web\/wp-content\/uploads\/2026\/03\/24m2-1536x830-1-768x415.jpg 768w, https:\/\/www.almargenweb.com.ar\/web\/wp-content\/uploads\/2026\/03\/24m2-1536x830-1.jpg 1200w\" sizes=\"auto, (max-width: 1024px) 100vw, 1024px\" \/><\/figure>\n\n\n\n<p>En la oportunidad, el intendente se refiri\u00f3 a la importancia de \u201crecordar esta fecha, sobre todo en los m\u00e1s j\u00f3venes, para que tomen conciencia de todos los derechos que hoy tenemos y que ya naturalizamos, pero que en aquel entonces no eran posibles\u201d.<\/p>\n\n\n\n<p>\u201cAqu\u00ed en Esperanza estaba prohibido reunirse en espacios p\u00fablicos a partir de las 21 horas. Eso es algo que hoy parece incre\u00edble y muy lejano. Pero como fue un hecho contempor\u00e1neo, tenemos personas que lo vivieron en primera persona y nos pueden contar lo sucedido para que mantengamos viva la memoria\u201d, agreg\u00f3.<\/p>\n\n\n\n<figure class=\"wp-block-image size-large\"><img loading=\"lazy\" decoding=\"async\" width=\"1024\" height=\"577\" src=\"https:\/\/www.almargenweb.com.ar\/web\/wp-content\/uploads\/2026\/03\/24m5-1536x865-1-1024x577.jpg\" alt=\"\" class=\"wp-image-46207\" srcset=\"https:\/\/www.almargenweb.com.ar\/web\/wp-content\/uploads\/2026\/03\/24m5-1536x865-1-1024x577.jpg 1024w, https:\/\/www.almargenweb.com.ar\/web\/wp-content\/uploads\/2026\/03\/24m5-1536x865-1-300x169.jpg 300w, https:\/\/www.almargenweb.com.ar\/web\/wp-content\/uploads\/2026\/03\/24m5-1536x865-1-768x433.jpg 768w, https:\/\/www.almargenweb.com.ar\/web\/wp-content\/uploads\/2026\/03\/24m5-1536x865-1.jpg 1200w\" sizes=\"auto, (max-width: 1024px) 100vw, 1024px\" \/><\/figure>\n\n\n\n<p>ambi\u00e9n mencion\u00f3 \u201clas consecuencias econ\u00f3micas que tuvo la dictadura y que a\u00fan padecemos, ya que la dictadura militar quintuplic\u00f3 la deuda externa y llev\u00f3 a que muchas empresas nacionales no pudieran sobrevivir por la competencia externa y la falta de apoyo del Estado\u201d.<\/p>\n\n\n\n<p>\u201cMantener viva la memoria es un compromiso colectivo: recordar nuestro pasado es la base para defender la democracia, fortalecer la justicia y construir, entre todos, un futuro con m\u00e1s derechos y oportunidades para cada vecino de Esperanza\u201d, concluy\u00f3 Rodrigo M\u00fcller.<\/p>\n\n\n\n<figure class=\"wp-block-image size-large\"><img loading=\"lazy\" decoding=\"async\" width=\"1024\" height=\"683\" src=\"https:\/\/www.almargenweb.com.ar\/web\/wp-content\/uploads\/2026\/03\/24m6-1536x1024-1-1024x683.jpg\" alt=\"\" class=\"wp-image-46208\" srcset=\"https:\/\/www.almargenweb.com.ar\/web\/wp-content\/uploads\/2026\/03\/24m6-1536x1024-1-1024x683.jpg 1024w, https:\/\/www.almargenweb.com.ar\/web\/wp-content\/uploads\/2026\/03\/24m6-1536x1024-1-300x200.jpg 300w, https:\/\/www.almargenweb.com.ar\/web\/wp-content\/uploads\/2026\/03\/24m6-1536x1024-1-768x512.jpg 768w, https:\/\/www.almargenweb.com.ar\/web\/wp-content\/uploads\/2026\/03\/24m6-1536x1024-1.jpg 1200w\" sizes=\"auto, (max-width: 1024px) 100vw, 1024px\" \/><\/figure>\n\n\n\n<p>A su turno, Jimena Senn mencion\u00f3 que \u201ccada vez que tenemos un suceso hist\u00f3rico en el pa\u00eds suele haber distintas interpretaciones, pero sobre este hecho todos los argentinos nos hemos puesto de acuerdo en distintos puntos: el primero es que nunca m\u00e1s un gobierno no elegido democr\u00e1ticamente puede conducir los destinos de millones de argentinos; el segundo es que la violencia no conduce a nada y el tercero es que quien piensa distinto no es nuestro enemigo\u201d.<\/p>\n\n\n\n<p>\u201cPara los que nacimos en democracia, no hay que olvidar que la democracia no es solo ir a votar, es la posibilidad de que nuestros ni\u00f1os tengan voz, que podamos elegir qu\u00e9 ropa usar, qu\u00e9 m\u00fasica escuchar. Por eso, en este momento tan importante, los invito a comprometernos en seguir trabajando juntos, desde el respeto y el di\u00e1logo, para construir un pa\u00eds mejor para todos\u201d, finaliz\u00f3 la diputada provincial.<\/p>\n\n\n\n<p><strong>MEMORIA, VERDAD Y JUSTICIA<\/strong><\/p>\n\n\n\n<p>Durante el acto, se honr\u00f3 la memoria de los 22 esperancinos desaparecidos durante la \u00faltima dictadura:<br>Francisco Domingo Lera, Luis Alberto Lera, Cecilia M\u00e1rfortt, Jorge Luis Trod, Sergio Pedro Trod, Juan Carlos Voisard, Roberto Stegmaier, Orlando R. Trujillo, Eduardo Danielis, Mario Tottereau, Alcides Gassman, H\u00e9ctor Bertona, Oscar Winkelman, Jorge Ram\u00f3n Peralta, Daniel Tripodi, Omar Ren\u00e9 Mattioli, Gast\u00f3n Jos\u00e9 Robles, Flora Pasatir, Antonio Roque Bernal, Gustavo Adolfo Pon, Alberto Tom\u00e1s Velzi y Ra\u00fal Vega.<\/p>\n\n\n\n<figure class=\"wp-block-image size-large\"><img loading=\"lazy\" decoding=\"async\" width=\"1024\" height=\"547\" src=\"https:\/\/www.almargenweb.com.ar\/web\/wp-content\/uploads\/2026\/03\/24m4-1536x821-1-1024x547.jpg\" alt=\"\" class=\"wp-image-46209\" srcset=\"https:\/\/www.almargenweb.com.ar\/web\/wp-content\/uploads\/2026\/03\/24m4-1536x821-1-1024x547.jpg 1024w, https:\/\/www.almargenweb.com.ar\/web\/wp-content\/uploads\/2026\/03\/24m4-1536x821-1-300x160.jpg 300w, https:\/\/www.almargenweb.com.ar\/web\/wp-content\/uploads\/2026\/03\/24m4-1536x821-1-768x410.jpg 768w, https:\/\/www.almargenweb.com.ar\/web\/wp-content\/uploads\/2026\/03\/24m4-1536x821-1.jpg 1200w\" sizes=\"auto, (max-width: 1024px) 100vw, 1024px\" \/><\/figure>\n<!-- AddThis Advanced Settings generic via filter on the_content --><!-- AddThis Share Buttons generic via filter on the_content -->","protected":false},"excerpt":{"rendered":"<p>A 50 a\u00f1os del golpe de Estado, el intendente Rodrigo M\u00fcller destac\u00f3 que \u201cmantener viva la [&hellip;]<!-- AddThis Advanced Settings generic via filter on get_the_excerpt --><!-- AddThis Share Buttons generic via filter on get_the_excerpt --><\/p>\n","protected":false},"author":17,"featured_media":46205,"comment_status":"closed","ping_status":"open","sticky":false,"template":"","format":"standard","meta":{"_seopress_robots_primary_cat":"none","_seopress_titles_title":"","_seopress_titles_desc":"","_seopress_robots_index":"","_themeisle_gutenberg_block_has_review":false,"footnotes":""},"categories":[47],"tags":[],"class_list":["post-46202","post","type-post","status-publish","format-standard","has-post-thumbnail","hentry","category-locales"],"_links":{"self":[{"href":"https:\/\/www.almargenweb.com.ar\/web\/wp-json\/wp\/v2\/posts\/46202","targetHints":{"allow":["GET"]}}],"collection":[{"href":"https:\/\/www.almargenweb.com.ar\/web\/wp-json\/wp\/v2\/posts"}],"about":[{"href":"https:\/\/www.almargenweb.com.ar\/web\/wp-json\/wp\/v2\/types\/post"}],"author":[{"embeddable":true,"href":"https:\/\/www.almargenweb.com.ar\/web\/wp-json\/wp\/v2\/users\/17"}],"replies":[{"embeddable":true,"href":"https:\/\/www.almargenweb.com.ar\/web\/wp-json\/wp\/v2\/comments?post=46202"}],"version-history":[{"count":1,"href":"https:\/\/www.almargenweb.com.ar\/web\/wp-json\/wp\/v2\/posts\/46202\/revisions"}],"predecessor-version":[{"id":46210,"href":"https:\/\/www.almargenweb.com.ar\/web\/wp-json\/wp\/v2\/posts\/46202\/revisions\/46210"}],"wp:featuredmedia":[{"embeddable":true,"href":"https:\/\/www.almargenweb.com.ar\/web\/wp-json\/wp\/v2\/media\/46205"}],"wp:attachment":[{"href":"https:\/\/www.almargenweb.com.ar\/web\/wp-json\/wp\/v2\/media?parent=46202"}],"wp:term":[{"taxonomy":"category","embeddable":true,"href":"https:\/\/www.almargenweb.com.ar\/web\/wp-json\/wp\/v2\/categories?post=46202"},{"taxonomy":"post_tag","embeddable":true,"href":"https:\/\/www.almargenweb.com.ar\/web\/wp-json\/wp\/v2\/tags?post=46202"}],"curies":[{"name":"wp","href":"https:\/\/api.w.org\/{rel}","templated":true}]}}