{"id":46190,"date":"2026-03-20T18:31:04","date_gmt":"2026-03-20T21:31:04","guid":{"rendered":"https:\/\/www.almargenweb.com.ar\/web\/?p=46190"},"modified":"2026-03-20T18:31:45","modified_gmt":"2026-03-20T21:31:45","slug":"el-duo-folclore-en-guitarras-presenta-su-ciclo-de-musica-y-cultura-de-buena-raiz","status":"publish","type":"post","link":"https:\/\/www.almargenweb.com.ar\/web\/el-duo-folclore-en-guitarras-presenta-su-ciclo-de-musica-y-cultura-de-buena-raiz\/","title":{"rendered":"El D\u00fao Folclore en Guitarras presenta su Ciclo de M\u00fasica y Cultura &#8220;De Buena Ra\u00edz&#8221;"},"content":{"rendered":"\n<h2 class=\"wp-block-heading\">Se trata de tres encuentros con artistas de diferentes puntos del pa\u00eds que presentar\u00e1n su m\u00fasica, en interacci\u00f3n con artistas locales que brindar\u00e1n recordatorios y homenajes a figuras del arte y la cultura esperancina. El Ciclo &#8220;De Buena Ra\u00edz&#8221; dar\u00e1 inicio el 28\/03 con la presentaci\u00f3n del d\u00fao &#8220;Arapoty&#8221;, de la ciudad de Paran\u00e1.<\/h2>\n\n\n\n<p>Durante los s\u00e1bados 28 de marzo, 18 de abril y 9 de mayo, se llevar\u00e1 a cabo <strong>en la<\/strong> <strong>\u201cSALA CULTURAL LA JUANA\u201d<\/strong> el <strong>Ciclo \u201cDE BUENA RA\u00cdZ\u201d<\/strong>. Una experiencia que re\u00fane a m\u00fasicos de distintos puntos del pa\u00eds que hoy vienen creando, componiendo y grabando, para ponerlos en di\u00e1logo con nuestra propia historia local mediante recordatorios u homenajes a figuras del arte y la cultura esperancina.<\/p>\n\n\n\n<p>El ciclo nace de la idea de cultura como cultivo: \u201cAs\u00ed como en los or\u00edgenes de nuestra ciudad se trabaj\u00f3 arduamente la tierra para que \u00e9sta diera mayores frutos, creemos que el arte tambi\u00e9n necesita trabajo, ra\u00edz y una comunidad que lo desarrolle. Invitamos artistas que est\u00e1n creando actualmente y los ponemos en di\u00e1logo con nuestra historia local. Es un encuentro entre ra\u00edz y fruto\u201d.<\/p>\n\n\n\n<figure class=\"wp-block-image size-large\"><img loading=\"lazy\" decoding=\"async\" width=\"819\" height=\"1024\" src=\"https:\/\/www.almargenweb.com.ar\/web\/wp-content\/uploads\/2026\/03\/WhatsApp-Image-2026-03-20-at-11.28.01-819x1024.jpeg\" alt=\"\" class=\"wp-image-46198\" srcset=\"https:\/\/www.almargenweb.com.ar\/web\/wp-content\/uploads\/2026\/03\/WhatsApp-Image-2026-03-20-at-11.28.01-819x1024.jpeg 819w, https:\/\/www.almargenweb.com.ar\/web\/wp-content\/uploads\/2026\/03\/WhatsApp-Image-2026-03-20-at-11.28.01-240x300.jpeg 240w, https:\/\/www.almargenweb.com.ar\/web\/wp-content\/uploads\/2026\/03\/WhatsApp-Image-2026-03-20-at-11.28.01-768x960.jpeg 768w, https:\/\/www.almargenweb.com.ar\/web\/wp-content\/uploads\/2026\/03\/WhatsApp-Image-2026-03-20-at-11.28.01.jpeg 960w\" sizes=\"auto, (max-width: 819px) 100vw, 819px\" \/><\/figure>\n\n\n\n<p>Cada fecha de este Ciclo se desarrollar\u00e1 a las 20:30 hs, en la \u201cSala Cultural La Juana\u201d, situada en Moreno 502 de la ciudad de Esperanza (Santa Fe).<\/p>\n\n\n\n<p>Las entradas pueden adquirirse en forma anticipada al WhatsApp 3496 533114 o en Puro Arte Galer\u00eda, ubicada en Aar\u00f3n Castellanos 1224, de lunes a viernes, de 16 a 20 hs (Anticipada $10.000 \/ Puerta $12.000).<\/p>\n\n\n\n<p>El ciclo es <strong>organizado por<\/strong> el <strong>d\u00fao Folclore en Guitarras<\/strong>, que integran los m\u00fasicos esperancinos <strong>Joel Herrera y Gast\u00f3n Menguez<\/strong>. Para m\u00e1s informaci\u00f3n: <a href=\"https:\/\/www.instagram.com\/folcloreenguitarras\/\">https:\/\/www.instagram.com\/folcloreenguitarras\/<\/a><\/p>\n\n\n\n<p><strong>PROGRAMACI\u00d3N<\/strong><\/p>\n\n\n\n<p>El primer encuentro, <strong>s\u00e1bado 28 de marzo<\/strong>, contar\u00e1 con la presencia del d\u00fao \u201c<strong>ARAPOTY<\/strong>\u201d de la ciudad de Paran\u00e1. La guitarra de ocho cuerdas de Mauro Leyes y la voz de Agustina Monz\u00f3n, conforman un binomio expresivo musical que invita a recorrer paisajes sonoros del litoral profundo, a trav\u00e9s de m\u00fasicas que reflejan la presencia del idioma guaran\u00ed.<\/p>\n\n\n\n<p>La apertura del concierto estar\u00e1 a cargo del d\u00fao <strong>\u201dFOLCLORE EN GUITARRAS\u201d<\/strong>, integrado por <strong>JOEL HERRERA Y GAST\u00d3N MENGUEZ<\/strong>, junto a la gestora cultural <strong>CELINA ZIMMERMANN<\/strong>, quienes ofrecer\u00e1n un recorrido por la vida y obra de la artista esperancina <strong>EVA ERNI BORLA<\/strong>, en un segmento que integrara m\u00fasica, poes\u00eda y la exposici\u00f3n de algunas de sus obras.<\/p>\n\n\n\n<figure class=\"wp-block-image size-full\"><img loading=\"lazy\" decoding=\"async\" width=\"252\" height=\"355\" src=\"https:\/\/www.almargenweb.com.ar\/web\/wp-content\/uploads\/2026\/03\/Arapoty.jpg\" alt=\"\" class=\"wp-image-46194\" srcset=\"https:\/\/www.almargenweb.com.ar\/web\/wp-content\/uploads\/2026\/03\/Arapoty.jpg 252w, https:\/\/www.almargenweb.com.ar\/web\/wp-content\/uploads\/2026\/03\/Arapoty-213x300.jpg 213w\" sizes=\"auto, (max-width: 252px) 100vw, 252px\" \/><\/figure>\n\n\n\n<p>El segundo encuentro, <strong>s\u00e1bado 18 de abril<\/strong>, contar\u00e1 con la presencia de <strong>MAT\u00cdAS ROJAS<\/strong>, guitarrista concordiense radicado en Capital Federal, quien ser\u00e1 acompa\u00f1ado por el acordeonista <strong>ENZO DEMARTINI<\/strong> como m\u00fasico invitado. Mat\u00edas presenta <strong>\u201cEL MISMO R\u00cdO\u201d<\/strong>, un disco breve que profundiza una b\u00fasqueda en la que la intimidad de la guitarra solista se entrelaza con los sonidos y paisajes del Litoral.<\/p>\n\n\n\n<p>La apertura del concierto estar\u00e1 a cargo del d\u00fao <strong>\u201dFOLCLORE EN GUITARRAS\u201d<\/strong>, junto al fot\u00f3grafo <strong>ENZO MANSILLA<\/strong>, quienes ofrecer\u00e1n un recorrido por la vida y obra del fot\u00f3grafo esperancino <strong>FERNANDO PAILLET<\/strong>, en un segmento que adem\u00e1s incluir\u00e1 la presentaci\u00f3n de m\u00fasicas que el mismo Paillet compuso, adaptadas a d\u00fao de guitarras y la exposici\u00f3n de algunas de sus fotograf\u00edas.<\/p>\n\n\n\n<figure class=\"wp-block-image size-full\"><img loading=\"lazy\" decoding=\"async\" width=\"414\" height=\"294\" src=\"https:\/\/www.almargenweb.com.ar\/web\/wp-content\/uploads\/2026\/03\/Matias-Rojas.jpg\" alt=\"\" class=\"wp-image-46195\" srcset=\"https:\/\/www.almargenweb.com.ar\/web\/wp-content\/uploads\/2026\/03\/Matias-Rojas.jpg 414w, https:\/\/www.almargenweb.com.ar\/web\/wp-content\/uploads\/2026\/03\/Matias-Rojas-300x213.jpg 300w\" sizes=\"auto, (max-width: 414px) 100vw, 414px\" \/><\/figure>\n\n\n\n<p>El cierre del ciclo, el <strong>s\u00e1bado 9 de mayo<\/strong>, contar\u00e1 con la presencia del guitarrista <strong>MARCOS STIEFEL<\/strong>, de la ciudad de Rafaela, quien presenta <strong>\u201cFIGURA Y FONDO\u201d<\/strong>, su primera producci\u00f3n como solista, un EP instrumental de m\u00fasica folcl\u00f3rica argentina que dialoga con otros lenguajes como el jazz, el blues, el rock y la m\u00fasica progresiva sin perder la ra\u00edz ni la identidad y&nbsp; que re\u00fane seis composiciones originales que recorren distintas especies del folclore argentino, abordadas desde una mirada personal y contempor\u00e1nea.<\/p>\n\n\n\n<p>La apertura estar\u00e1 a cargo del d\u00fao <strong>\u201dFOLCLORE EN GUITARRAS\u201d<\/strong>, junto al poeta y escritor esperancino <strong>SERGIO GEESE<\/strong> y el cantante <strong>NACHO MEYER<\/strong> de la localidad de Progreso. Ofrecer\u00e1n un recorrido por la vida y obra del poeta <strong>JOS\u00c9 PEDRONI<\/strong>, en un segmento que incluir\u00e1 lectura de poemas y la interpretaci\u00f3n de sus obras musicalizadas. Adem\u00e1s, se realizar\u00e1 el re-estreno de la obra <strong>\u201cJos\u00e9 de mi Esperanza\u201d<\/strong> compuesta por <strong>Eduardo Catena<\/strong>, con letra de <strong>Sergio Geese<\/strong>.<\/p>\n\n\n\n<figure class=\"wp-block-image size-full\"><img loading=\"lazy\" decoding=\"async\" width=\"423\" height=\"277\" src=\"https:\/\/www.almargenweb.com.ar\/web\/wp-content\/uploads\/2026\/03\/Marcos-Stieffel.jpg\" alt=\"\" class=\"wp-image-46196\" srcset=\"https:\/\/www.almargenweb.com.ar\/web\/wp-content\/uploads\/2026\/03\/Marcos-Stieffel.jpg 423w, https:\/\/www.almargenweb.com.ar\/web\/wp-content\/uploads\/2026\/03\/Marcos-Stieffel-300x196.jpg 300w\" sizes=\"auto, (max-width: 423px) 100vw, 423px\" \/><\/figure>\n\n\n\n<p><strong>SOBRE LOS ORGANIZADORES<\/strong><\/p>\n\n\n\n<p>D\u00fao integrado por los guitarristas Joel Herrera y Gast\u00f3n Menguez, recorren los temas m\u00e1s emblem\u00e1ticos del folclore redescubriendo la riqueza de los ritmos argentinos como la zamba, la chacarera, el chamam\u00e9 y el vals.<\/p>\n\n\n\n<p>Adem\u00e1s de presentarse en conciertos, brindan talleres sobre armon\u00eda y arreglos en guitarra, as\u00ed como tambi\u00e9n clases particulares.<\/p>\n\n\n\n<p>En 2024 y 2025 resultan ganadores en el certamen \u201cUna Esperanza a Cosqu\u00edn\u201d, en la ciudad de Esperanza (Santa Fe).<\/p>\n\n\n\n<p>En agosto de 2025 participan en la edici\u00f3n online de las Olimp\u00edadas de Guitarra (Volos, Grecia) obteniendo la medalla de oro en la categor\u00eda Ensamble de Guitarra.<\/p>\n\n\n\n<p>Recientemente fueron seleccionados por el Programa Espacio Santafesino del Ministerio de Cultura de la provincia, en su convocatoria de Apoyo a la Producci\u00f3n Cultural, por lo cual se encuentran trabajando en su primera grabaci\u00f3n de estudio que ser\u00e1 editada en 2026.<\/p>\n\n\n\n<p>Desde 2023 participan como gestores en la organizaci\u00f3n de los festejos por el D\u00eda Mundial de la Guitarra en la ciudad de Esperanza (Santa Fe), evento que se celebra cada 18 de octubre en m\u00e1s de 120 ciudades alrededor del mundo.<\/p>\n\n\n\n<p><\/p>\n<!-- AddThis Advanced Settings generic via filter on the_content --><!-- AddThis Share Buttons generic via filter on the_content -->","protected":false},"excerpt":{"rendered":"<p>Se trata de tres encuentros con artistas de diferentes puntos del pa\u00eds que presentar\u00e1n su m\u00fasica, [&hellip;]<!-- AddThis Advanced Settings generic via filter on get_the_excerpt --><!-- AddThis Share Buttons generic via filter on get_the_excerpt --><\/p>\n","protected":false},"author":17,"featured_media":46193,"comment_status":"closed","ping_status":"open","sticky":false,"template":"","format":"standard","meta":{"_seopress_robots_primary_cat":"none","_seopress_titles_title":"","_seopress_titles_desc":"","_seopress_robots_index":"","_themeisle_gutenberg_block_has_review":false,"footnotes":""},"categories":[3],"tags":[],"class_list":["post-46190","post","type-post","status-publish","format-standard","has-post-thumbnail","hentry","category-cultura"],"_links":{"self":[{"href":"https:\/\/www.almargenweb.com.ar\/web\/wp-json\/wp\/v2\/posts\/46190","targetHints":{"allow":["GET"]}}],"collection":[{"href":"https:\/\/www.almargenweb.com.ar\/web\/wp-json\/wp\/v2\/posts"}],"about":[{"href":"https:\/\/www.almargenweb.com.ar\/web\/wp-json\/wp\/v2\/types\/post"}],"author":[{"embeddable":true,"href":"https:\/\/www.almargenweb.com.ar\/web\/wp-json\/wp\/v2\/users\/17"}],"replies":[{"embeddable":true,"href":"https:\/\/www.almargenweb.com.ar\/web\/wp-json\/wp\/v2\/comments?post=46190"}],"version-history":[{"count":2,"href":"https:\/\/www.almargenweb.com.ar\/web\/wp-json\/wp\/v2\/posts\/46190\/revisions"}],"predecessor-version":[{"id":46200,"href":"https:\/\/www.almargenweb.com.ar\/web\/wp-json\/wp\/v2\/posts\/46190\/revisions\/46200"}],"wp:featuredmedia":[{"embeddable":true,"href":"https:\/\/www.almargenweb.com.ar\/web\/wp-json\/wp\/v2\/media\/46193"}],"wp:attachment":[{"href":"https:\/\/www.almargenweb.com.ar\/web\/wp-json\/wp\/v2\/media?parent=46190"}],"wp:term":[{"taxonomy":"category","embeddable":true,"href":"https:\/\/www.almargenweb.com.ar\/web\/wp-json\/wp\/v2\/categories?post=46190"},{"taxonomy":"post_tag","embeddable":true,"href":"https:\/\/www.almargenweb.com.ar\/web\/wp-json\/wp\/v2\/tags?post=46190"}],"curies":[{"name":"wp","href":"https:\/\/api.w.org\/{rel}","templated":true}]}}