{"id":46182,"date":"2026-03-20T17:09:34","date_gmt":"2026-03-20T20:09:34","guid":{"rendered":"https:\/\/www.almargenweb.com.ar\/web\/?p=46182"},"modified":"2026-03-20T17:10:08","modified_gmt":"2026-03-20T20:10:08","slug":"la-educacion-es-una-prioridad-y-lo-demostramos-con-obras-concretas-sostuvo-muller","status":"publish","type":"post","link":"https:\/\/www.almargenweb.com.ar\/web\/la-educacion-es-una-prioridad-y-lo-demostramos-con-obras-concretas-sostuvo-muller\/","title":{"rendered":"M\u00fcller: \u201cLa educaci\u00f3n es una prioridad y lo demostramos con obras concretas\u201d"},"content":{"rendered":"\n<h2 class=\"wp-block-heading\">El intendente encabez\u00f3 la inauguraci\u00f3n de dos aulas en las escuelas N.\u00ba 6401 y N.\u00ba 316, que fueron realizadas en el marco del programa provincial \u201cMil Aulas\u201d.<\/h2>\n\n\n\n<p><a href=\"https:\/\/esperanza.gob.ar\/#facebook\" target=\"_blank\" rel=\"noreferrer noopener\"><\/a><\/p>\n\n\n\n<p>El intendente de Esperanza, Rodrigo M\u00fcller, la diputada provincial Jimena Senn y la delegada de la Regi\u00f3n III de Educaci\u00f3n, Mar\u00eda Laura L\u00f3pez, encabezaron este mi\u00e9rcoles la inauguraci\u00f3n de dos nuevas aulas en las escuelas N.\u00ba 6401 \u201cJorge Newbery\u201d y N.\u00ba 316 \u201cGuillermo Lehmann\u201d.<\/p>\n\n\n\n<p>Las obras se realizaron en el marco del programa provincial \u201cMil Aulas\u201d, mediante el cual el gobierno de Santa Fe aporta los fondos mientras que la ejecuci\u00f3n est\u00e1 a cargo del municipio.<\/p>\n\n\n\n<p>En la oportunidad, el intendente destac\u00f3 que \u201cestas nuevas aulas son posibles gracias a la decisi\u00f3n del gobernador Maximiliano Pullaro de impulsar el programa Mil Aulas en toda la provincia y al trabajo del equipo municipal que llev\u00f3 adelante la obra\u201d.<\/p>\n\n\n\n<p>\u201cHace poco m\u00e1s de un a\u00f1o firmamos el convenio para construir 13 aulas y ya llevamos inauguradas 9\u201d, record\u00f3 M\u00fcller y agreg\u00f3 que \u201clos beneficiarios directos son los estudiantes, que ahora contar\u00e1n con mejores condiciones para aprender\u201d.<\/p>\n\n\n\n<p>En ese sentido, reafirm\u00f3 su compromiso de \u201cseguir trabajando para que Esperanza tenga la mejor educaci\u00f3n de toda la provincia\u201d.<\/p>\n\n\n\n<figure class=\"wp-block-image size-large\"><img loading=\"lazy\" decoding=\"async\" width=\"1024\" height=\"683\" src=\"https:\/\/www.almargenweb.com.ar\/web\/wp-content\/uploads\/2026\/03\/aula11-1536x1024-1-1024x683.jpg\" alt=\"\" class=\"wp-image-46186\" srcset=\"https:\/\/www.almargenweb.com.ar\/web\/wp-content\/uploads\/2026\/03\/aula11-1536x1024-1-1024x683.jpg 1024w, https:\/\/www.almargenweb.com.ar\/web\/wp-content\/uploads\/2026\/03\/aula11-1536x1024-1-300x200.jpg 300w, https:\/\/www.almargenweb.com.ar\/web\/wp-content\/uploads\/2026\/03\/aula11-1536x1024-1-768x512.jpg 768w, https:\/\/www.almargenweb.com.ar\/web\/wp-content\/uploads\/2026\/03\/aula11-1536x1024-1.jpg 1200w\" sizes=\"auto, (max-width: 1024px) 100vw, 1024px\" \/><\/figure>\n\n\n\n<p>A su turno, Senn explic\u00f3 que \u201ccon el intendente nos encanta recorrer escuelas y en esas visitas escuchamos a los directivos y conocemos la situaci\u00f3n de cada establecimiento. All\u00ed inici\u00f3 el camino para lo que hoy vemos: nuevas aulas para que puedan aprovechar todos\u201d.<\/p>\n\n\n\n<p>\u201cEl programa Mil Aulas se cre\u00f3 por pedido expreso del gobernador Maximiliano Pullaro y est\u00e1 a las claras que es una gran herramienta porque permite que cada intendente o presidente comunal destine los fondos a donde hay m\u00e1s necesidades\u201d, a\u00f1adi\u00f3.<\/p>\n\n\n\n<p>Por \u00faltimo, la diputada expres\u00f3 que \u201cesto fue gracias al trabajo de muchos y ahora les toca a ustedes aprovecharlas y cuidarlas, porque las nuevas aulas son de todos\u201d.<\/p>\n\n\n\n<p>Finalmente, L\u00f3pez se\u00f1al\u00f3 que \u201cel gobierno provincial tiene como prioridad invertir en infraestructura porque es lo que fortalece los aprendizajes. Las nuevas aulas son para que todos los ni\u00f1os y ni\u00f1as puedan aprender de la mejor forma posible\u201d.<\/p>\n\n\n\n<figure class=\"wp-block-image size-large\"><img loading=\"lazy\" decoding=\"async\" width=\"1024\" height=\"683\" src=\"https:\/\/www.almargenweb.com.ar\/web\/wp-content\/uploads\/2026\/03\/aulas9-1536x1024-1-1024x683.jpg\" alt=\"\" class=\"wp-image-46187\" srcset=\"https:\/\/www.almargenweb.com.ar\/web\/wp-content\/uploads\/2026\/03\/aulas9-1536x1024-1-1024x683.jpg 1024w, https:\/\/www.almargenweb.com.ar\/web\/wp-content\/uploads\/2026\/03\/aulas9-1536x1024-1-300x200.jpg 300w, https:\/\/www.almargenweb.com.ar\/web\/wp-content\/uploads\/2026\/03\/aulas9-1536x1024-1-768x512.jpg 768w, https:\/\/www.almargenweb.com.ar\/web\/wp-content\/uploads\/2026\/03\/aulas9-1536x1024-1.jpg 1200w\" sizes=\"auto, (max-width: 1024px) 100vw, 1024px\" \/><\/figure>\n\n\n\n<p>\u201cCelebro este logro de la comunidad educativa y los invito a continuar trabajando en conjunto para seguir construyendo una mejor educaci\u00f3n p\u00fablica\u201d, concluy\u00f3.<\/p>\n\n\n\n<p>Cada aula demand\u00f3 una inversi\u00f3n de 48 millones de pesos.<\/p>\n\n\n\n<p><strong>PRESENTES<\/strong><br>De las actividades tambi\u00e9n formaron parte las secretarias de Planeamiento y Proyectos, Evangelina Pirola, de Cultura y Educaci\u00f3n, Gisela Beresvil; y los concejales Cristian Cammisi, Mar\u00eda del Rosario<\/p>\n<!-- AddThis Advanced Settings generic via filter on the_content --><!-- AddThis Share Buttons generic via filter on the_content -->","protected":false},"excerpt":{"rendered":"<p>El intendente encabez\u00f3 la inauguraci\u00f3n de dos aulas en las escuelas N.\u00ba 6401 y N.\u00ba 316, [&hellip;]<!-- AddThis Advanced Settings generic via filter on get_the_excerpt --><!-- AddThis Share Buttons generic via filter on get_the_excerpt --><\/p>\n","protected":false},"author":17,"featured_media":46185,"comment_status":"closed","ping_status":"open","sticky":false,"template":"","format":"standard","meta":{"_seopress_robots_primary_cat":"none","_seopress_titles_title":"","_seopress_titles_desc":"","_seopress_robots_index":"","_themeisle_gutenberg_block_has_review":false,"footnotes":""},"categories":[47],"tags":[],"class_list":["post-46182","post","type-post","status-publish","format-standard","has-post-thumbnail","hentry","category-locales"],"_links":{"self":[{"href":"https:\/\/www.almargenweb.com.ar\/web\/wp-json\/wp\/v2\/posts\/46182","targetHints":{"allow":["GET"]}}],"collection":[{"href":"https:\/\/www.almargenweb.com.ar\/web\/wp-json\/wp\/v2\/posts"}],"about":[{"href":"https:\/\/www.almargenweb.com.ar\/web\/wp-json\/wp\/v2\/types\/post"}],"author":[{"embeddable":true,"href":"https:\/\/www.almargenweb.com.ar\/web\/wp-json\/wp\/v2\/users\/17"}],"replies":[{"embeddable":true,"href":"https:\/\/www.almargenweb.com.ar\/web\/wp-json\/wp\/v2\/comments?post=46182"}],"version-history":[{"count":2,"href":"https:\/\/www.almargenweb.com.ar\/web\/wp-json\/wp\/v2\/posts\/46182\/revisions"}],"predecessor-version":[{"id":46189,"href":"https:\/\/www.almargenweb.com.ar\/web\/wp-json\/wp\/v2\/posts\/46182\/revisions\/46189"}],"wp:featuredmedia":[{"embeddable":true,"href":"https:\/\/www.almargenweb.com.ar\/web\/wp-json\/wp\/v2\/media\/46185"}],"wp:attachment":[{"href":"https:\/\/www.almargenweb.com.ar\/web\/wp-json\/wp\/v2\/media?parent=46182"}],"wp:term":[{"taxonomy":"category","embeddable":true,"href":"https:\/\/www.almargenweb.com.ar\/web\/wp-json\/wp\/v2\/categories?post=46182"},{"taxonomy":"post_tag","embeddable":true,"href":"https:\/\/www.almargenweb.com.ar\/web\/wp-json\/wp\/v2\/tags?post=46182"}],"curies":[{"name":"wp","href":"https:\/\/api.w.org\/{rel}","templated":true}]}}