{"id":46176,"date":"2026-03-20T17:05:57","date_gmt":"2026-03-20T20:05:57","guid":{"rendered":"https:\/\/www.almargenweb.com.ar\/web\/?p=46176"},"modified":"2026-03-20T17:05:58","modified_gmt":"2026-03-20T20:05:58","slug":"pullaro-se-reunio-con-el-embajador-de-la-union-europea-y-consolido-la-agenda-comercial-de-santa-fe","status":"publish","type":"post","link":"https:\/\/www.almargenweb.com.ar\/web\/pullaro-se-reunio-con-el-embajador-de-la-union-europea-y-consolido-la-agenda-comercial-de-santa-fe\/","title":{"rendered":"Pullaro se reuni\u00f3 con el embajador de la Uni\u00f3n Europea y consolid\u00f3 la agenda comercial de Santa Fe"},"content":{"rendered":"\n<h2 class=\"wp-block-heading\">La Provincia ratific\u00f3 su v\u00ednculo estrat\u00e9gico con el bloque europeo, destino de cerca del 23 % de las exportaciones argentinas. Se abordaron oportunidades de cooperaci\u00f3n, el acuerdo Mercosur-UE y el impacto de regulaciones sobre el biodi\u00e9sel santafesino.<\/h2>\n\n\n\n<p>El gobernador de Santa Fe, Maximiliano Pullaro, mantuvo este jueves por la tarde un encuentro en la Ciudad Aut\u00f3noma de Buenos Aires con el embajador de la Uni\u00f3n Europea en la Argentina, Erik H\u00f8eg. De la reuni\u00f3n participaron adem\u00e1s la secretaria de Comercio Exterior de Santa Fe, Georgina Losada, y el secretario de Relaciones Internacionales, Claudio D\u00edaz.<\/p>\n\n\n\n<p>Durante el intercambio, las autoridades analizaron la relaci\u00f3n estrat\u00e9gica que Santa Fe sostiene con la Uni\u00f3n Europea, un socio clave que concentra cerca del 23 % de las exportaciones argentinas hacia ese mercado. Asimismo, se abordaron las oportunidades que se abren a partir del acuerdo comercial entre el Mercosur y la UE, firmado en enero de este a\u00f1o.<\/p>\n\n\n\n<p>En ese marco, Losada plante\u00f3 la necesidad de revisar ciertos criterios regulatorios que afectan la competitividad de la producci\u00f3n santafesina. \u201cDesde nuestra Provincia queremos ser parte de la soluci\u00f3n frente a la crisis energ\u00e9tica global. Sin embargo, la aplicaci\u00f3n actual del criterio de Indirect Land Use Change no refleja nuestra realidad productiva ni cuenta con base cient\u00edfica suficiente\u201d, se\u00f1al\u00f3.<\/p>\n\n\n\n<p>La funcionaria advirti\u00f3 que esta situaci\u00f3n genera una p\u00e9rdida estimada de 350 millones de d\u00f3lares anuales y no constituye un tratamiento equitativo, especialmente para una provincia sin riesgo de deforestaci\u00f3n y con una producci\u00f3n de soja estable, incluso en descenso en la \u00faltima d\u00e9cada.<\/p>\n\n\n\n<p>\u201cConsideramos oportuno abrir una nueva instancia de di\u00e1logo y avanzar, en el marco del acuerdo Mercosur-Uni\u00f3n Europea, en la revisi\u00f3n de este tipo de decisiones. Necesitamos reglas claras y justas, basadas en evidencia, que no perjudiquen a la provincia que m\u00e1s ha trabajado en esta materia\u201d, agreg\u00f3 Losada, y valor\u00f3 la disposici\u00f3n del embajador H\u00f8eg para trasladar estos planteos a Bruselas.<\/p>\n\n\n\n<figure class=\"wp-block-gallery has-nested-images columns-default is-cropped wp-block-gallery-1 is-layout-flex wp-block-gallery-is-layout-flex\">\n<figure class=\"wp-block-image size-large\"><img loading=\"lazy\" decoding=\"async\" width=\"1024\" height=\"648\" data-id=\"46179\" src=\"https:\/\/www.almargenweb.com.ar\/web\/wp-content\/uploads\/2026\/03\/2026-03-19NID_285488O_4-1024x648.jpeg\" alt=\"\" class=\"wp-image-46179\" srcset=\"https:\/\/www.almargenweb.com.ar\/web\/wp-content\/uploads\/2026\/03\/2026-03-19NID_285488O_4-1024x648.jpeg 1024w, https:\/\/www.almargenweb.com.ar\/web\/wp-content\/uploads\/2026\/03\/2026-03-19NID_285488O_4-300x190.jpeg 300w, https:\/\/www.almargenweb.com.ar\/web\/wp-content\/uploads\/2026\/03\/2026-03-19NID_285488O_4-768x486.jpeg 768w, https:\/\/www.almargenweb.com.ar\/web\/wp-content\/uploads\/2026\/03\/2026-03-19NID_285488O_4.jpeg 1200w\" sizes=\"auto, (max-width: 1024px) 100vw, 1024px\" \/><\/figure>\n<\/figure>\n\n\n\n<p>Por su parte, D\u00edaz destac\u00f3 dos ejes centrales de la reuni\u00f3n: \u201cPor un lado, todo lo vinculado a la cooperaci\u00f3n y los proyectos que podemos desarrollar con la Uni\u00f3n Europea dentro de sus programas. Por otro, las cuestiones institucionales, vinculadas a una visi\u00f3n del mundo y valores compartidos\u201d.<\/p>\n\n\n\n<p>El funcionario tambi\u00e9n subray\u00f3 la relevancia del comercio exterior en la agenda bilateral, en particular las dificultades que se presentan en el marco del acuerdo Mercosur\u2013UE en torno al biodi\u00e9sel, un sector clave para la matriz productiva santafesina.<\/p>\n\n\n\n<p><\/p>\n<!-- AddThis Advanced Settings generic via filter on the_content --><!-- AddThis Share Buttons generic via filter on the_content -->","protected":false},"excerpt":{"rendered":"<p>La Provincia ratific\u00f3 su v\u00ednculo estrat\u00e9gico con el bloque europeo, destino de cerca del 23 % [&hellip;]<!-- AddThis Advanced Settings generic via filter on get_the_excerpt --><!-- AddThis Share Buttons generic via filter on get_the_excerpt --><\/p>\n","protected":false},"author":17,"featured_media":46180,"comment_status":"closed","ping_status":"open","sticky":false,"template":"","format":"standard","meta":{"_seopress_robots_primary_cat":"none","_seopress_titles_title":"","_seopress_titles_desc":"","_seopress_robots_index":"","_themeisle_gutenberg_block_has_review":false,"footnotes":""},"categories":[5],"tags":[],"class_list":["post-46176","post","type-post","status-publish","format-standard","has-post-thumbnail","hentry","category-economia"],"_links":{"self":[{"href":"https:\/\/www.almargenweb.com.ar\/web\/wp-json\/wp\/v2\/posts\/46176","targetHints":{"allow":["GET"]}}],"collection":[{"href":"https:\/\/www.almargenweb.com.ar\/web\/wp-json\/wp\/v2\/posts"}],"about":[{"href":"https:\/\/www.almargenweb.com.ar\/web\/wp-json\/wp\/v2\/types\/post"}],"author":[{"embeddable":true,"href":"https:\/\/www.almargenweb.com.ar\/web\/wp-json\/wp\/v2\/users\/17"}],"replies":[{"embeddable":true,"href":"https:\/\/www.almargenweb.com.ar\/web\/wp-json\/wp\/v2\/comments?post=46176"}],"version-history":[{"count":1,"href":"https:\/\/www.almargenweb.com.ar\/web\/wp-json\/wp\/v2\/posts\/46176\/revisions"}],"predecessor-version":[{"id":46181,"href":"https:\/\/www.almargenweb.com.ar\/web\/wp-json\/wp\/v2\/posts\/46176\/revisions\/46181"}],"wp:featuredmedia":[{"embeddable":true,"href":"https:\/\/www.almargenweb.com.ar\/web\/wp-json\/wp\/v2\/media\/46180"}],"wp:attachment":[{"href":"https:\/\/www.almargenweb.com.ar\/web\/wp-json\/wp\/v2\/media?parent=46176"}],"wp:term":[{"taxonomy":"category","embeddable":true,"href":"https:\/\/www.almargenweb.com.ar\/web\/wp-json\/wp\/v2\/categories?post=46176"},{"taxonomy":"post_tag","embeddable":true,"href":"https:\/\/www.almargenweb.com.ar\/web\/wp-json\/wp\/v2\/tags?post=46176"}],"curies":[{"name":"wp","href":"https:\/\/api.w.org\/{rel}","templated":true}]}}