{"id":46169,"date":"2026-03-17T16:27:42","date_gmt":"2026-03-17T19:27:42","guid":{"rendered":"https:\/\/www.almargenweb.com.ar\/web\/?p=46169"},"modified":"2026-03-17T16:27:43","modified_gmt":"2026-03-17T19:27:43","slug":"muller-el-exito-de-comemos-refleja-la-riqueza-la-diversidad-y-la-calidad-de-la-gastronomia-que-tiene-esperanza","status":"publish","type":"post","link":"https:\/\/www.almargenweb.com.ar\/web\/muller-el-exito-de-comemos-refleja-la-riqueza-la-diversidad-y-la-calidad-de-la-gastronomia-que-tiene-esperanza\/","title":{"rendered":"M\u00fcller: \u201cEl \u00e9xito de Comemos refleja la riqueza, la diversidad y la calidad de la gastronom\u00eda que tiene Esperanza\u201d"},"content":{"rendered":"\n<h2 class=\"wp-block-heading\">Con un gran marco de p\u00fablico se llev\u00f3 a cabo este domingo la segunda edici\u00f3n de la feria, con el cierre a cargo del maestro Osvaldo Gross.<\/h2>\n\n\n\n<p><a href=\"https:\/\/esperanza.gob.ar\/#facebook\" target=\"_blank\" rel=\"noreferrer noopener\"><\/a><\/p>\n\n\n\n<p>La Municipalidad de Esperanza, a trav\u00e9s de la Secretar\u00eda de Innovaci\u00f3n y Desarrollo Econ\u00f3mico, llev\u00f3 adelante este domingo la segunda edici\u00f3n de la feria gastron\u00f3mica \u201cComemos\u201d.<\/p>\n\n\n\n<p>La actividad, que se realiz\u00f3 en el Parque de la Agricultura, cont\u00f3 con charlas, exposiciones, feria de productores, patio de comidas, actividades para todas las edades y el cierre a cargo del maestro pastelero Osvaldo Gross.<\/p>\n\n\n\n<p>Al respecto, el intendente de Esperanza, Rodrigo M\u00fcller, se mostr\u00f3 \u201cmuy contento por la gran convocatoria de gente que tuvo esta segunda edici\u00f3n de la feria, en este caso en el espacio m\u00e1s emblem\u00e1tico que tenemos en la ciudad, como lo es el Parque de la Agricultura\u201d.<\/p>\n\n\n\n<p>Luego record\u00f3 que \u201cen el inicio de nuestra gesti\u00f3n ve\u00edamos que en otras ciudades ten\u00edan su feria gastron\u00f3mica y Esperanza no la ten\u00eda, as\u00ed que decidimos crearla para aprovechar la enorme riqueza de la gastronom\u00eda local, que cuenta con historia, calidad y variedad\u201d.<\/p>\n\n\n\n<p>\u201cHay productos de todo tipo en Esperanza y este evento es para visibilizarlos en la ciudad y la regi\u00f3n. Desde la Municipalidad vamos a continuar acompa\u00f1ando al sector gastron\u00f3mico en cada etapa, para alentar el comercio local y el turismo regional\u201d, agreg\u00f3.<\/p>\n\n\n\n<p>A su turno, la secretaria de Innovaci\u00f3n y Desarrollo Econ\u00f3mico, Mar\u00eda Victoria Nagel, agradeci\u00f3 \u201ca cada emprendimiento por sumarse a esta segunda edici\u00f3n de Comemos y al equipo municipal que hizo posible que todo est\u00e9 en condiciones\u201d y luego remarc\u00f3 que \u201cel sector gastron\u00f3mico es un sector que queremos impulsar para que crezca\u201d.<\/p>\n\n\n\n<p>\u201cEl objetivo de esta edici\u00f3n era crecer con respecto a la primera y la verdad es que el resultado super\u00f3 nuestras expectativas. Esta segunda edici\u00f3n puso la vara m\u00e1s alta y vamos a seguir trabajando para crecer a\u00fan m\u00e1s el pr\u00f3ximo a\u00f1o\u201d, concluy\u00f3.<\/p>\n\n\n\n<p>Finalmente, la diputada provincial Jimena Senn celebr\u00f3 \u201cestar nuevamente aqu\u00ed, en este lugar tan tradicional de la ciudad, apoyando a la gastronom\u00eda local\u201d.<\/p>\n\n\n\n<figure class=\"wp-block-gallery has-nested-images columns-default is-cropped wp-block-gallery-1 is-layout-flex wp-block-gallery-is-layout-flex\">\n<figure class=\"wp-block-image size-large\"><img loading=\"lazy\" decoding=\"async\" width=\"1024\" height=\"684\" data-id=\"46173\" src=\"https:\/\/www.almargenweb.com.ar\/web\/wp-content\/uploads\/2026\/03\/comemos11-1536x1025-1-1024x684.jpg\" alt=\"\" class=\"wp-image-46173\" srcset=\"https:\/\/www.almargenweb.com.ar\/web\/wp-content\/uploads\/2026\/03\/comemos11-1536x1025-1-1024x684.jpg 1024w, https:\/\/www.almargenweb.com.ar\/web\/wp-content\/uploads\/2026\/03\/comemos11-1536x1025-1-300x200.jpg 300w, https:\/\/www.almargenweb.com.ar\/web\/wp-content\/uploads\/2026\/03\/comemos11-1536x1025-1-768x513.jpg 768w, https:\/\/www.almargenweb.com.ar\/web\/wp-content\/uploads\/2026\/03\/comemos11-1536x1025-1.jpg 1200w\" sizes=\"auto, (max-width: 1024px) 100vw, 1024px\" \/><\/figure>\n<\/figure>\n\n\n\n<p>Tambi\u00e9n felicit\u00f3 \u201ca todos los emprendedores que todos los d\u00edas trabajan e invierten para sacar adelante sus proyectos y la ciudad\u201d, y al equipo municipal \u201cporque, en tiempos complicados, deciden impulsar este evento para mostrar todo el potencial gastron\u00f3mico que tenemos en Esperanza. Saben que cuentan con nosotros para seguir trabajando en equipo\u201d.<\/p>\n\n\n\n<p><strong>OSVALDO GROSS<br><\/strong>La segunda edici\u00f3n de Comemos tuvo como acto principal la presentaci\u00f3n en vivo del maestro pastelero Osvaldo Gross, quien realiz\u00f3 tres recetas ante el p\u00fablico presente y destac\u00f3 que \u201cpara m\u00ed es un placer volver a mi ciudad. Agradezco la invitaci\u00f3n y espero que todos hayan podido disfrutar y aprender de estas recetas\u201d.<\/p>\n\n\n\n<p><strong>RECONOCIMIENTOS Y PREMIOS<br><\/strong>Adem\u00e1s, se reconoci\u00f3 como \u201cBar Notable\u201d de la ciudad a \u201cLa Royal\u201d. Se considera Bar Notable a aquellos establecimientos gastron\u00f3micos que cuentan con una trayectoria m\u00ednima de 40 a\u00f1os.<\/p>\n\n\n\n<p>La distinci\u00f3n es en homenaje a su trayectoria, su esfuerzo emprendedor y su valioso aporte a la identidad y a la vida comunitaria de nuestra ciudad.<\/p>\n\n\n\n<p>Con esfuerzo, trabajo incansable y el compromiso de toda la familia, lograron abrir el 10 de febrero de 1963 las puertas del Bar y Confiter\u00eda Royal. En ese camino tambi\u00e9n fue fundamental el apoyo de Odila Pont\u00f3n, quien confi\u00f3 en el proyecto y facilit\u00f3 el local donde comenzar\u00eda a escribirse esta historia.<\/p>\n\n\n\n<figure class=\"wp-block-image size-large\"><img loading=\"lazy\" decoding=\"async\" width=\"1024\" height=\"684\" src=\"https:\/\/www.almargenweb.com.ar\/web\/wp-content\/uploads\/2026\/03\/comemos6-1536x1025-1-1024x684.jpg\" alt=\"\" class=\"wp-image-46174\" srcset=\"https:\/\/www.almargenweb.com.ar\/web\/wp-content\/uploads\/2026\/03\/comemos6-1536x1025-1-1024x684.jpg 1024w, https:\/\/www.almargenweb.com.ar\/web\/wp-content\/uploads\/2026\/03\/comemos6-1536x1025-1-300x200.jpg 300w, https:\/\/www.almargenweb.com.ar\/web\/wp-content\/uploads\/2026\/03\/comemos6-1536x1025-1-768x513.jpg 768w, https:\/\/www.almargenweb.com.ar\/web\/wp-content\/uploads\/2026\/03\/comemos6-1536x1025-1.jpg 1200w\" sizes=\"auto, (max-width: 1024px) 100vw, 1024px\" \/><\/figure>\n\n\n\n<p>Desde entonces, La Royal fue mucho m\u00e1s que un bar y confiter\u00eda. A lo largo de las d\u00e9cadas se convirti\u00f3 en un verdadero punto de encuentro para la comunidad: escenario de charlas, celebraciones, reuniones familiares y momentos cotidianos que forman parte de la memoria afectiva de generaciones de esperancinos.<\/p>\n\n\n\n<p>Adem\u00e1s, se entreg\u00f3 el premio a \u201cel chef de las pe\u00f1as\u201d, destinado a aquel esperancino que en las reuniones con amigos o familiares se pone al hombro la preparaci\u00f3n de la comida. En esta oportunidad, el ganador fue Jos\u00e9 Zapata.<\/p>\n\n\n\n<p><\/p>\n<!-- AddThis Advanced Settings generic via filter on the_content --><!-- AddThis Share Buttons generic via filter on the_content -->","protected":false},"excerpt":{"rendered":"<p>Con un gran marco de p\u00fablico se llev\u00f3 a cabo este domingo la segunda edici\u00f3n de [&hellip;]<!-- AddThis Advanced Settings generic via filter on get_the_excerpt --><!-- AddThis Share Buttons generic via filter on get_the_excerpt --><\/p>\n","protected":false},"author":17,"featured_media":46172,"comment_status":"closed","ping_status":"open","sticky":false,"template":"","format":"standard","meta":{"_seopress_robots_primary_cat":"none","_seopress_titles_title":"","_seopress_titles_desc":"","_seopress_robots_index":"","_themeisle_gutenberg_block_has_review":false,"footnotes":""},"categories":[47],"tags":[],"class_list":["post-46169","post","type-post","status-publish","format-standard","has-post-thumbnail","hentry","category-locales"],"_links":{"self":[{"href":"https:\/\/www.almargenweb.com.ar\/web\/wp-json\/wp\/v2\/posts\/46169","targetHints":{"allow":["GET"]}}],"collection":[{"href":"https:\/\/www.almargenweb.com.ar\/web\/wp-json\/wp\/v2\/posts"}],"about":[{"href":"https:\/\/www.almargenweb.com.ar\/web\/wp-json\/wp\/v2\/types\/post"}],"author":[{"embeddable":true,"href":"https:\/\/www.almargenweb.com.ar\/web\/wp-json\/wp\/v2\/users\/17"}],"replies":[{"embeddable":true,"href":"https:\/\/www.almargenweb.com.ar\/web\/wp-json\/wp\/v2\/comments?post=46169"}],"version-history":[{"count":1,"href":"https:\/\/www.almargenweb.com.ar\/web\/wp-json\/wp\/v2\/posts\/46169\/revisions"}],"predecessor-version":[{"id":46175,"href":"https:\/\/www.almargenweb.com.ar\/web\/wp-json\/wp\/v2\/posts\/46169\/revisions\/46175"}],"wp:featuredmedia":[{"embeddable":true,"href":"https:\/\/www.almargenweb.com.ar\/web\/wp-json\/wp\/v2\/media\/46172"}],"wp:attachment":[{"href":"https:\/\/www.almargenweb.com.ar\/web\/wp-json\/wp\/v2\/media?parent=46169"}],"wp:term":[{"taxonomy":"category","embeddable":true,"href":"https:\/\/www.almargenweb.com.ar\/web\/wp-json\/wp\/v2\/categories?post=46169"},{"taxonomy":"post_tag","embeddable":true,"href":"https:\/\/www.almargenweb.com.ar\/web\/wp-json\/wp\/v2\/tags?post=46169"}],"curies":[{"name":"wp","href":"https:\/\/api.w.org\/{rel}","templated":true}]}}