{"id":46162,"date":"2026-03-17T16:21:37","date_gmt":"2026-03-17T19:21:37","guid":{"rendered":"https:\/\/www.almargenweb.com.ar\/web\/?p=46162"},"modified":"2026-03-17T16:21:38","modified_gmt":"2026-03-17T19:21:38","slug":"el-megarecital-de-fito-paez-en-rosario-marca-un-camino-hacia-adelante-para-la-ciudad-destaco-puccini","status":"publish","type":"post","link":"https:\/\/www.almargenweb.com.ar\/web\/el-megarecital-de-fito-paez-en-rosario-marca-un-camino-hacia-adelante-para-la-ciudad-destaco-puccini\/","title":{"rendered":"El megarecital de Fito P\u00e1ez en Rosario \u201cmarca un camino hacia adelante para la ciudad\u201d, destac\u00f3 Puccini"},"content":{"rendered":"\n<h2 class=\"wp-block-heading\">El ministro de Desarrollo Productivo y la ministra de Cultura, Susana Rueda, realizaron un balance del hist\u00f3rico show gratuito que reuni\u00f3 a m\u00e1s de 300 mil personas en el Monumento a la Bandera.<\/h2>\n\n\n\n<p>Los ministros de Desarrollo Productivo, Gustavo Puccini, y de Cultura, Susana Rueda, realizaron este lunes un balance del megarecital que el m\u00fasico rosarino Fito P\u00e1ez brind\u00f3 el domingo por la noche en el Monumento Nacional a la Bandera, ante m\u00e1s de 300.000 personas que disfrutaron de un hist\u00f3rico espect\u00e1culo gratuito.<\/p>\n\n\n\n<p>A primera hora de la ma\u00f1ana, y en el mismo escenario donde horas antes se vivi\u00f3 una multitudinaria celebraci\u00f3n, los funcionarios destacaron la organizaci\u00f3n del evento y el normal desarrollo de una convocatoria que reuni\u00f3 a p\u00fablico de Rosario, de distintas localidades de la provincia y tambi\u00e9n de provincias vecinas.<\/p>\n\n\n\n<p>\u201cLo dijo Fito al final de su recital y creo que es lo m\u00e1s impactante para esta ciudad y para esta provincia: \u2018gracias Rosario por hacerme volver a creer\u2019. Creo que esa frase nos refleja y nos involucra a todos\u201d, expres\u00f3 Puccini.<\/p>\n\n\n\n<figure class=\"wp-block-image size-large\"><img loading=\"lazy\" decoding=\"async\" width=\"1024\" height=\"683\" src=\"https:\/\/www.almargenweb.com.ar\/web\/wp-content\/uploads\/2026\/03\/2026-03-16NID_285451O_8-1024x683.jpeg\" alt=\"\" class=\"wp-image-46166\" srcset=\"https:\/\/www.almargenweb.com.ar\/web\/wp-content\/uploads\/2026\/03\/2026-03-16NID_285451O_8-1024x683.jpeg 1024w, https:\/\/www.almargenweb.com.ar\/web\/wp-content\/uploads\/2026\/03\/2026-03-16NID_285451O_8-300x200.jpeg 300w, https:\/\/www.almargenweb.com.ar\/web\/wp-content\/uploads\/2026\/03\/2026-03-16NID_285451O_8-768x512.jpeg 768w, https:\/\/www.almargenweb.com.ar\/web\/wp-content\/uploads\/2026\/03\/2026-03-16NID_285451O_8.jpeg 1200w\" sizes=\"auto, (max-width: 1024px) 100vw, 1024px\" \/><\/figure>\n\n\n\n<p>El ministro sostuvo adem\u00e1s que lo vivido el domingo \u201cno es casualidad\u201d y que refleja una ciudad que comienza a recuperar su din\u00e1mica cultural y social. \u201cVer a 300.000 personas reunidas en un espect\u00e1culo de estas caracter\u00edsticas, con una desconcentraci\u00f3n totalmente en paz y en calma, habla de una ciudad que vuelve a animarse a grandes encuentros. Adem\u00e1s, estos eventos tambi\u00e9n movilizan la actividad productiva y tur\u00edstica, que es justamente lo que buscamos poner en valor\u201d, afirm\u00f3.<\/p>\n\n\n\n<p>En ese sentido, el titular de la cartera productiva subray\u00f3 el impacto econ\u00f3mico que genera la industria cultural cuando se organizan espect\u00e1culos de gran escala. Destac\u00f3 la llegada de visitantes y el movimiento que se produjo en sectores como la gastronom\u00eda, el turismo y los servicios.<\/p>\n\n\n\n<p>Puccini tambi\u00e9n valor\u00f3 la articulaci\u00f3n entre el sector p\u00fablico y el privado para concretar el evento. \u201cHubo un trabajo conjunto entre la Municipalidad de Rosario y el Gobierno de Santa Fe, que garantizaron la log\u00edstica, la seguridad y la infraestructura necesarias. Esa seguridad genera confianza. Y tambi\u00e9n participaron empresas privadas que sponsorearon el recital para que pudiera realizarse. Todo esto marca un camino hacia adelante para la ciudad\u201d, se\u00f1al\u00f3.<\/p>\n\n\n\n<p><strong>Una noche \u201cfant\u00e1stica y memorable\u201d<\/strong><\/p>\n\n\n\n<p>Por su parte, la ministra Rueda, calific\u00f3 la jornada como \u201cuna noche fant\u00e1stica\u201d y resalt\u00f3 el clima de convivencia con el que se desarroll\u00f3 el espect\u00e1culo.<\/p>\n\n\n\n<p>\u201cLo m\u00e1s importante fue la fiesta que se vivi\u00f3. M\u00e1s de 300.000 personas pudieron disfrutar del recital de Fito P\u00e1ez en familia y en absoluta paz. Fue un espect\u00e1culo memorable\u201d, afirm\u00f3.<\/p>\n\n\n\n<p>Rueda se\u00f1al\u00f3 adem\u00e1s que el show se extendi\u00f3 durante aproximadamente dos horas y destac\u00f3 la entrega del artista rosarino sobre el escenario. \u201cFito lo dej\u00f3 todo y fue un recital muy emotivo\u201d, indic\u00f3.<\/p>\n\n\n\n<p>La ministra tambi\u00e9n cont\u00f3 que, en la previa del concierto, el m\u00fasico mantuvo un di\u00e1logo con el gobernador Maximiliano Pullaro, en el que se mostr\u00f3 \u201csumamente agradecido\u201d por la posibilidad de celebrar este encuentro con su ciudad.<\/p>\n\n\n\n<figure class=\"wp-block-image size-large\"><img loading=\"lazy\" decoding=\"async\" width=\"1024\" height=\"640\" src=\"https:\/\/www.almargenweb.com.ar\/web\/wp-content\/uploads\/2026\/03\/2026-03-16NID_285451O_9-1024x640.jpeg\" alt=\"\" class=\"wp-image-46167\" srcset=\"https:\/\/www.almargenweb.com.ar\/web\/wp-content\/uploads\/2026\/03\/2026-03-16NID_285451O_9-1024x640.jpeg 1024w, https:\/\/www.almargenweb.com.ar\/web\/wp-content\/uploads\/2026\/03\/2026-03-16NID_285451O_9-300x188.jpeg 300w, https:\/\/www.almargenweb.com.ar\/web\/wp-content\/uploads\/2026\/03\/2026-03-16NID_285451O_9-768x480.jpeg 768w, https:\/\/www.almargenweb.com.ar\/web\/wp-content\/uploads\/2026\/03\/2026-03-16NID_285451O_9.jpeg 1200w\" sizes=\"auto, (max-width: 1024px) 100vw, 1024px\" \/><\/figure>\n\n\n\n<p>Finalmente, Rueda adelant\u00f3 que el Gobierno Provincial continuar\u00e1 trabajando para promover grandes eventos culturales en Rosario y en distintos puntos del territorio santafesino, con la mirada puesta especialmente en los Juegos Suramericanos que se celebrar\u00e1n en septiembre.<\/p>\n\n\n\n<p>\u201cVan a ser una verdadera fiesta para la provincia y estamos poniendo muchas expectativas en lo que significar\u00e1 ese evento para el deporte, la cultura y el turismo\u201d, concluy\u00f3.<\/p>\n<!-- AddThis Advanced Settings generic via filter on the_content --><!-- AddThis Share Buttons generic via filter on the_content -->","protected":false},"excerpt":{"rendered":"<p>El ministro de Desarrollo Productivo y la ministra de Cultura, Susana Rueda, realizaron un balance del [&hellip;]<!-- AddThis Advanced Settings generic via filter on get_the_excerpt --><!-- AddThis Share Buttons generic via filter on get_the_excerpt --><\/p>\n","protected":false},"author":17,"featured_media":46165,"comment_status":"closed","ping_status":"open","sticky":false,"template":"","format":"standard","meta":{"_seopress_robots_primary_cat":"none","_seopress_titles_title":"","_seopress_titles_desc":"","_seopress_robots_index":"","_themeisle_gutenberg_block_has_review":false,"footnotes":""},"categories":[3],"tags":[],"class_list":["post-46162","post","type-post","status-publish","format-standard","has-post-thumbnail","hentry","category-cultura"],"_links":{"self":[{"href":"https:\/\/www.almargenweb.com.ar\/web\/wp-json\/wp\/v2\/posts\/46162","targetHints":{"allow":["GET"]}}],"collection":[{"href":"https:\/\/www.almargenweb.com.ar\/web\/wp-json\/wp\/v2\/posts"}],"about":[{"href":"https:\/\/www.almargenweb.com.ar\/web\/wp-json\/wp\/v2\/types\/post"}],"author":[{"embeddable":true,"href":"https:\/\/www.almargenweb.com.ar\/web\/wp-json\/wp\/v2\/users\/17"}],"replies":[{"embeddable":true,"href":"https:\/\/www.almargenweb.com.ar\/web\/wp-json\/wp\/v2\/comments?post=46162"}],"version-history":[{"count":1,"href":"https:\/\/www.almargenweb.com.ar\/web\/wp-json\/wp\/v2\/posts\/46162\/revisions"}],"predecessor-version":[{"id":46168,"href":"https:\/\/www.almargenweb.com.ar\/web\/wp-json\/wp\/v2\/posts\/46162\/revisions\/46168"}],"wp:featuredmedia":[{"embeddable":true,"href":"https:\/\/www.almargenweb.com.ar\/web\/wp-json\/wp\/v2\/media\/46165"}],"wp:attachment":[{"href":"https:\/\/www.almargenweb.com.ar\/web\/wp-json\/wp\/v2\/media?parent=46162"}],"wp:term":[{"taxonomy":"category","embeddable":true,"href":"https:\/\/www.almargenweb.com.ar\/web\/wp-json\/wp\/v2\/categories?post=46162"},{"taxonomy":"post_tag","embeddable":true,"href":"https:\/\/www.almargenweb.com.ar\/web\/wp-json\/wp\/v2\/tags?post=46162"}],"curies":[{"name":"wp","href":"https:\/\/api.w.org\/{rel}","templated":true}]}}