{"id":46096,"date":"2026-03-02T16:20:39","date_gmt":"2026-03-02T19:20:39","guid":{"rendered":"https:\/\/www.almargenweb.com.ar\/web\/?p=46096"},"modified":"2026-03-02T16:20:39","modified_gmt":"2026-03-02T19:20:39","slug":"invitan-a-emprendedores-comerciantes-e-industriales-del-sector-gastronomico-a-participar-de-comemos-2026","status":"publish","type":"post","link":"https:\/\/www.almargenweb.com.ar\/web\/invitan-a-emprendedores-comerciantes-e-industriales-del-sector-gastronomico-a-participar-de-comemos-2026\/","title":{"rendered":"Invitan a emprendedores, comerciantes e industriales del sector gastron\u00f3mico a participar de \u201cComemos 2026\u201d"},"content":{"rendered":"\n<h2 class=\"wp-block-heading\">El evento se realizar\u00e1 el domingo 15 de marzo, de 10 a 19 h, en el Parque de la Agricultura.<\/h2>\n\n\n\n<p>La Municipalidad de Esperanza, a trav\u00e9s de la Secretar\u00eda de Innovaci\u00f3n y Desarrollo Econ\u00f3mico, invita a emprendedores, comerciantes e industriales del sector gastron\u00f3mico a ser parte de \u201cComemos 2026\u201d, la feria gastron\u00f3mica que se desarrollar\u00e1 el domingo 15 de marzo, de 10 a 19 h, en el Parque de la Agricultura.<\/p>\n\n\n\n<p>Se trata de la segunda edici\u00f3n de Comemos, una propuesta innovadora que atraer\u00e1 tanto a esperancinos como a turistas con nuevas experiencias culinarias. Adem\u00e1s de la oferta gastron\u00f3mica, habr\u00e1 charlas, demostraciones de cocina, feria de productos, espacios culturales y actividades art\u00edsticas vinculadas a la gastronom\u00eda.<\/p>\n\n\n\n<p>Tambi\u00e9n se ofrecer\u00e1n espacios recreativos para ni\u00f1os y un variado patio gastron\u00f3mico.<\/p>\n\n\n\n<p>En el evento, quienes participen con stand podr\u00e1n exhibir y vender sus productos, establecer contactos y capacitarse, mientras que el p\u00fablico podr\u00e1 degustar productos frescos, descubrir nuevas propuestas y disfrutar de demostraciones culinarias.<\/p>\n\n\n\n<p><strong>INSCRIPCIONES<\/strong><\/p>\n\n\n\n<p>Los emprendedores, comerciantes e industriales del sector gastron\u00f3mico que deseen participar con un stand dentro de la feria deber\u00e1n completar el siguiente&nbsp;<a href=\"https:\/\/docs.google.com\/forms\/d\/1Um8HrZJoJUH6dgc09E6fUsiYJ-yv3W2nChalMZFqm0U\/viewform?edit_requested=true&amp;pli=1\">formulario online<\/a>.<\/p>\n\n\n\n<p>Las inscripciones podr\u00e1n realizarse hasta el 6 de marzo. Se recuerda que los interesados deben realizar la lectura previa del reglamento y la informaci\u00f3n para expositores antes de completar el formulario.<\/p>\n\n\n\n<p>Por otro lado, aquellas empresas gastron\u00f3micas que quieran ofrecer sus servicios durante la jornada en el patio gastron\u00f3mico deber\u00e1n comunicarse con la Oficina de Turismo a trav\u00e9s de WhatsApp al 3496 504516.<\/p>\n\n\n\n<p><a href=\"https:\/\/esperanza.gob.ar\/#facebook\" rel=\"noreferrer noopener\" target=\"_blank\"><em><\/em><\/a><\/p>\n\n\n\n<p><\/p>\n<!-- AddThis Advanced Settings generic via filter on the_content --><!-- AddThis Share Buttons generic via filter on the_content -->","protected":false},"excerpt":{"rendered":"<p>El evento se realizar\u00e1 el domingo 15 de marzo, de 10 a 19 h, en el [&hellip;]<!-- AddThis Advanced Settings generic via filter on get_the_excerpt --><!-- AddThis Share Buttons generic via filter on get_the_excerpt --><\/p>\n","protected":false},"author":17,"featured_media":46099,"comment_status":"closed","ping_status":"open","sticky":false,"template":"","format":"standard","meta":{"_seopress_robots_primary_cat":"none","_seopress_titles_title":"","_seopress_titles_desc":"","_seopress_robots_index":"","_themeisle_gutenberg_block_has_review":false,"footnotes":""},"categories":[47],"tags":[],"class_list":["post-46096","post","type-post","status-publish","format-standard","has-post-thumbnail","hentry","category-locales"],"_links":{"self":[{"href":"https:\/\/www.almargenweb.com.ar\/web\/wp-json\/wp\/v2\/posts\/46096","targetHints":{"allow":["GET"]}}],"collection":[{"href":"https:\/\/www.almargenweb.com.ar\/web\/wp-json\/wp\/v2\/posts"}],"about":[{"href":"https:\/\/www.almargenweb.com.ar\/web\/wp-json\/wp\/v2\/types\/post"}],"author":[{"embeddable":true,"href":"https:\/\/www.almargenweb.com.ar\/web\/wp-json\/wp\/v2\/users\/17"}],"replies":[{"embeddable":true,"href":"https:\/\/www.almargenweb.com.ar\/web\/wp-json\/wp\/v2\/comments?post=46096"}],"version-history":[{"count":1,"href":"https:\/\/www.almargenweb.com.ar\/web\/wp-json\/wp\/v2\/posts\/46096\/revisions"}],"predecessor-version":[{"id":46100,"href":"https:\/\/www.almargenweb.com.ar\/web\/wp-json\/wp\/v2\/posts\/46096\/revisions\/46100"}],"wp:featuredmedia":[{"embeddable":true,"href":"https:\/\/www.almargenweb.com.ar\/web\/wp-json\/wp\/v2\/media\/46099"}],"wp:attachment":[{"href":"https:\/\/www.almargenweb.com.ar\/web\/wp-json\/wp\/v2\/media?parent=46096"}],"wp:term":[{"taxonomy":"category","embeddable":true,"href":"https:\/\/www.almargenweb.com.ar\/web\/wp-json\/wp\/v2\/categories?post=46096"},{"taxonomy":"post_tag","embeddable":true,"href":"https:\/\/www.almargenweb.com.ar\/web\/wp-json\/wp\/v2\/tags?post=46096"}],"curies":[{"name":"wp","href":"https:\/\/api.w.org\/{rel}","templated":true}]}}