{"id":46091,"date":"2026-02-27T11:44:10","date_gmt":"2026-02-27T14:44:10","guid":{"rendered":"https:\/\/www.almargenweb.com.ar\/web\/?p=46091"},"modified":"2026-02-27T11:44:11","modified_gmt":"2026-02-27T14:44:11","slug":"nuevo-ministro-de-la-corte-suprema-de-justicia-fueron-aprobados-tres-pliegos-a-favor-del-esperancino-diego-maciel","status":"publish","type":"post","link":"https:\/\/www.almargenweb.com.ar\/web\/nuevo-ministro-de-la-corte-suprema-de-justicia-fueron-aprobados-tres-pliegos-a-favor-del-esperancino-diego-maciel\/","title":{"rendered":"Nuevo Ministro de la Corte Suprema de Justicia: fueron aprobados tres pliegos a favor del esperancino Diego Maciel"},"content":{"rendered":"\n<h2 class=\"wp-block-heading\">Diputados y Senadores votaron favorablemente los pliegos de los tres candidatos que reemplazar\u00edan a tres ministros que tienen m\u00e1s de 75 a\u00f1os, dos de los cuales a\u00fan no renunciaron.<\/h2>\n\n\n\n<p>La Legislatura de Santa Fe aprob\u00f3 este jueves los pliegos de Aldo Alurralde, Jorgelina Genghini y Diego Maciel como nuevos integrantes de la Corte Suprema de Justicia santafesina.<\/p>\n\n\n\n<p>Se trata de los tres candidatos que\u00a0propuso el gobernador Maximiliano Pullaro\u00a0para reemplazar a los jueces mayores de 75 a\u00f1os \u2013l\u00edmite de edad que diga la nueva Constituci\u00f3n\u2013 que a\u00fan siguen en el m\u00e1ximo tribunal. Con una particularidad: solo uno de ellos, Eduardo Spuler, present\u00f3 la renuncia a partir del mes de septiembre. Los otros dos, Rafael Guti\u00e9rrez y Roberto Falistocco, las anunciaron verbalmente para noviembre, pero a\u00fan no la presentaron.<\/p>\n\n\n\n<p>A la hora de la votaci\u00f3n, Aldo Mario Alurralde fue designado como ministro de la Corte Suprema de Justicia de la provincia con 56 votos afirmativos, 1 voto negativo y 9 abstenciones.<\/p>\n\n\n\n<p>Diego Luis Maciel, recibi\u00f3 52 votos afirmativos, 5 votos negativos y 9 abstenciones.\u00a0En tanto, Jorgelina Mabel Genghini, fue designada por 51 votos afirmativos, 5 votos negativos y 10 abstenciones.<\/p>\n\n\n\n<p>Debate por las designaciones y renuncias<\/p>\n\n\n\n<p>Entre los temas de debate en la nueva conformaci\u00f3n de la Corte, la Red de Mujeres por la Paridad, cuestion\u00f3 que la Corte sostiene\u00a0una mayor\u00eda de hombres m\u00e1s all\u00e1 de que por primera vez habr\u00e1 dos mujeres entre los 7 ministros. Otra es el Colegio de Magistrados de Rosario, que critic\u00f3 la elecci\u00f3n de reemplazos sin que est\u00e9n todav\u00eda todas las renuncias firmadas.<\/p>\n\n\n\n<p>Ambas fueron respondidas por Lionela Cattallini, la diputada que preside la comisi\u00f3n bicameral de Acuerdos. &#8220;Valoro a las organizaciones de mujeres que hablaron de la paridad de g\u00e9nero,\u00a0entiendo que esto es un paso m\u00e1s, siempre nos cuesta mucho m\u00e1s que a los varones llegar a los lugares de decisi\u00f3n, pero tambi\u00e9n tengo que decir que es una avance que en la Corte est\u00e1n dos mujeres en lugar de una&#8221;, afirm\u00f3 la legsladora socialista.<\/p>\n\n\n\n<p>Que con respecto a que todav\u00eda no se produjeron las vacantes, sentenci\u00f3: &#8220;La Constituci\u00f3n es clara en Santa Fe, hay tres mandatos de cortesanos que est\u00e1n vencidos.\u00a0Todo funcionario judicial debe retirarse a los 75 a\u00f1os y cualquier juez de la provincia deber\u00eda hacerse eco de ello&#8221;.<\/p>\n\n\n\n<p>Luego de la audiencia, los integrantes de la comisi\u00f3n entrevistaron a los tres aspirantes a jueces de la Corte. Luego de ese tr\u00e1mite, Jorgelina Genghini dijo que &#8220;uno de los principales desaf\u00edos que tiene la Corte es recuperar y sostener la confianza de la sociedad. La legitimaci\u00f3n de este cargo la da la preservaci\u00f3n y el cuidado del orden constitucional, pero est\u00e1 faltando la credibilidad a trav\u00e9s de las resoluciones y el tiempo&#8221;. Finalmente, como cierre del tr\u00e1mite, la Asamblea Legislativa vot\u00f3 los tres pliegos por amplia mayor\u00eda.<\/p>\n\n\n\n<p><a href=\"https:\/\/www.esperanzadiaxdia.com.ar\/galeria\/fotos\/2026\/02\/26\/o_1772139775.jpg\" target=\"_blank\" rel=\"noreferrer noopener\"><\/a><\/p>\n<!-- AddThis Advanced Settings generic via filter on the_content --><!-- AddThis Share Buttons generic via filter on the_content -->","protected":false},"excerpt":{"rendered":"<p>Diputados y Senadores votaron favorablemente los pliegos de los tres candidatos que reemplazar\u00edan a tres ministros [&hellip;]<!-- AddThis Advanced Settings generic via filter on get_the_excerpt --><!-- AddThis Share Buttons generic via filter on get_the_excerpt --><\/p>\n","protected":false},"author":17,"featured_media":46094,"comment_status":"closed","ping_status":"open","sticky":false,"template":"","format":"standard","meta":{"_seopress_robots_primary_cat":"none","_seopress_titles_title":"","_seopress_titles_desc":"","_seopress_robots_index":"","_themeisle_gutenberg_block_has_review":false,"footnotes":""},"categories":[48],"tags":[],"class_list":["post-46091","post","type-post","status-publish","format-standard","has-post-thumbnail","hentry","category-provinciales"],"_links":{"self":[{"href":"https:\/\/www.almargenweb.com.ar\/web\/wp-json\/wp\/v2\/posts\/46091","targetHints":{"allow":["GET"]}}],"collection":[{"href":"https:\/\/www.almargenweb.com.ar\/web\/wp-json\/wp\/v2\/posts"}],"about":[{"href":"https:\/\/www.almargenweb.com.ar\/web\/wp-json\/wp\/v2\/types\/post"}],"author":[{"embeddable":true,"href":"https:\/\/www.almargenweb.com.ar\/web\/wp-json\/wp\/v2\/users\/17"}],"replies":[{"embeddable":true,"href":"https:\/\/www.almargenweb.com.ar\/web\/wp-json\/wp\/v2\/comments?post=46091"}],"version-history":[{"count":1,"href":"https:\/\/www.almargenweb.com.ar\/web\/wp-json\/wp\/v2\/posts\/46091\/revisions"}],"predecessor-version":[{"id":46095,"href":"https:\/\/www.almargenweb.com.ar\/web\/wp-json\/wp\/v2\/posts\/46091\/revisions\/46095"}],"wp:featuredmedia":[{"embeddable":true,"href":"https:\/\/www.almargenweb.com.ar\/web\/wp-json\/wp\/v2\/media\/46094"}],"wp:attachment":[{"href":"https:\/\/www.almargenweb.com.ar\/web\/wp-json\/wp\/v2\/media?parent=46091"}],"wp:term":[{"taxonomy":"category","embeddable":true,"href":"https:\/\/www.almargenweb.com.ar\/web\/wp-json\/wp\/v2\/categories?post=46091"},{"taxonomy":"post_tag","embeddable":true,"href":"https:\/\/www.almargenweb.com.ar\/web\/wp-json\/wp\/v2\/tags?post=46091"}],"curies":[{"name":"wp","href":"https:\/\/api.w.org\/{rel}","templated":true}]}}