{"id":46085,"date":"2026-02-27T11:38:29","date_gmt":"2026-02-27T14:38:29","guid":{"rendered":"https:\/\/www.almargenweb.com.ar\/web\/?p=46085"},"modified":"2026-02-27T11:38:30","modified_gmt":"2026-02-27T14:38:30","slug":"fin-de-semana-a-pura-cultura-en-espacios-publicos-de-santa-fe-y-rincon","status":"publish","type":"post","link":"https:\/\/www.almargenweb.com.ar\/web\/fin-de-semana-a-pura-cultura-en-espacios-publicos-de-santa-fe-y-rincon\/","title":{"rendered":"Fin de semana a pura cultura en espacios p\u00fablicos de Santa Fe y Rinc\u00f3n"},"content":{"rendered":"\n<h2 class=\"wp-block-heading\">Organizadas por el Ministerio de Cultura, habr\u00e1 tardes de juego en La Redonda, El Molino, La Esquina Encendida, los aleros de Coronel Dorrego y Las Flores, y Sapukay. Todas las actividades son libres y gratuitas.<\/h2>\n\n\n\n<p>Los espacios que el Ministerio de Cultura de la provincia tiene en las ciudades de Santa Fe y Rinc\u00f3n ofrecer\u00e1n este fin de semana propuestas para chicos y grandes, con entrada libre y gratuita. Con actividades especiales para seguir celebrando el Carnaval, La Redonda, El Molino, La Esquina Encendida, los aleros de Coronel Dorrego y Las Flores, y Sapukay \u2013 La casa de Fernando Birri, ofrecen actividades para toda la familia. La programaci\u00f3n completa puede verse en&nbsp;<a href=\"http:\/\/www.santafecultura.gob.ar\/\">www.santafecultura.gob.ar<\/a><\/p>\n\n\n\n<h4 class=\"wp-block-heading\"><strong>Programaci\u00f3n<\/strong><\/h4>\n\n\n\n<p>En La Redonda (Salvador del Carril y Belgrano), el viernes 27 de febrero, de 19 a 21.30 horas, se realizar\u00e1 un ritual de celebraci\u00f3n del carnaval, con tejidos colectivos, taller de amuletos en barro, armado de crestas y t\u00edteres, creaci\u00f3n del Libro de Hechizos, experimentaci\u00f3n sonora, juegos de agua y un gran cierre con caravana de t\u00edteres lum\u00ednicos, cuerpos de r\u00edo y la quema del Rey Momo.<\/p>\n\n\n\n<p>El s\u00e1bado 28, en barrio Las Flores, de 17 a 20 horas se celebrar\u00e1 el carnaval junto a la Murga Chicharritas, juegos de agua, disfraces y muchas sorpresas.<\/p>\n\n\n\n<p>El s\u00e1bado 28 de febrero y domingo 1 de marzo, de 15 a 20 horas, las propuestas girar\u00e1n en torno a la tem\u00e1tica del carnaval, con talleres de amuletos en barro, armado de crestas y t\u00edteres, experimentaci\u00f3n sonora y juegos de agua, entre otras actividades.<\/p>\n\n\n\n<p>En El Molino F\u00e1brica Cultural, el s\u00e1bado 28 de febrero y domingo 1 de marzo, de 16 a 20 horas, la calle p\u00fablica se convertir\u00e1 en un cauce de r\u00edo para recorrer y jugar en su orilla, donde habr\u00e1 intervenciones art\u00edsticas y pintura en vivo; construcci\u00f3n de amuletos, peces voladores, v\u00edboras, ranas saltarinas y cotorras, creaci\u00f3n de un fanzine con hechizos y muchas cosas m\u00e1s.<\/p>\n\n\n\n<p>El s\u00e1bado tambi\u00e9n se realizar\u00e1 la segunda edici\u00f3n de Terraza Conmovida, el ciclo que inici\u00f3 el a\u00f1o pasado y que propone el encuentro en lo alto del edificio del ala oeste, con propuestas ligadas a la m\u00fasica electr\u00f3nica y sonidos experimentales.<\/p>\n\n\n\n<p>En La Esquina Encendida (Zuvir\u00eda y Zeballos), el s\u00e1bado 28 de febrero y domingo 1 de marzo, de 16 a 19 horas, estar\u00e1 la propuesta Abierto para jugar: construcci\u00f3n de m\u00e1scaras y benteveos de carnaval.<\/p>\n\n\n\n<figure class=\"wp-block-image size-large\"><img loading=\"lazy\" decoding=\"async\" width=\"1024\" height=\"682\" src=\"https:\/\/www.almargenweb.com.ar\/web\/wp-content\/uploads\/2026\/02\/ESPACIO-PUBLICO-MURGA-1024x682.jpg\" alt=\"\" class=\"wp-image-46088\" srcset=\"https:\/\/www.almargenweb.com.ar\/web\/wp-content\/uploads\/2026\/02\/ESPACIO-PUBLICO-MURGA-1024x682.jpg 1024w, https:\/\/www.almargenweb.com.ar\/web\/wp-content\/uploads\/2026\/02\/ESPACIO-PUBLICO-MURGA-300x200.jpg 300w, https:\/\/www.almargenweb.com.ar\/web\/wp-content\/uploads\/2026\/02\/ESPACIO-PUBLICO-MURGA-768x512.jpg 768w, https:\/\/www.almargenweb.com.ar\/web\/wp-content\/uploads\/2026\/02\/ESPACIO-PUBLICO-MURGA.jpg 1181w\" sizes=\"auto, (max-width: 1024px) 100vw, 1024px\" \/><\/figure>\n\n\n\n<p>Finalmente, en Sapukay (Ubajay 1512, San Jos\u00e9 del Rinc\u00f3n), el s\u00e1bado 28, de 17 a 19 horas, habr\u00e1 espacios de juego y construcci\u00f3n ligados al carnaval y tambi\u00e9n tendr\u00e1 una propuesta de espect\u00e1culo, con la presentaci\u00f3n de \u201cCuentos propios y prestados\u201d, del grupo Teatro Puente. Un viaje sensorial e imaginativo donde el teatro, la narraci\u00f3n oral y la literatura se fusionan en una experiencia \u00fanica.<\/p>\n\n\n\n<p>El domingo 1 de marzo, de 17 a 21 horas en Coronel Dorrego, se celebrar\u00e1 el carnaval en el cors\u00f3dromo con las murgas barriales \u201cM\u00fasica en mis manos\u201d y \u201cPor siempre murgueros\u201d y la comparsa \u201cBrillant\u00edsima\u201d. Adem\u00e1s, habr\u00e1 juegos de agua, ritual de fuego, espacios de creaci\u00f3n de objetos musicales y de celebraci\u00f3n.<\/p>\n<!-- AddThis Advanced Settings generic via filter on the_content --><!-- AddThis Share Buttons generic via filter on the_content -->","protected":false},"excerpt":{"rendered":"<p>Organizadas por el Ministerio de Cultura, habr\u00e1 tardes de juego en La Redonda, El Molino, La [&hellip;]<!-- AddThis Advanced Settings generic via filter on get_the_excerpt --><!-- AddThis Share Buttons generic via filter on get_the_excerpt --><\/p>\n","protected":false},"author":17,"featured_media":46089,"comment_status":"closed","ping_status":"open","sticky":false,"template":"","format":"standard","meta":{"_seopress_robots_primary_cat":"none","_seopress_titles_title":"","_seopress_titles_desc":"","_seopress_robots_index":"","_themeisle_gutenberg_block_has_review":false,"footnotes":""},"categories":[2,3],"tags":[],"class_list":["post-46085","post","type-post","status-publish","format-standard","has-post-thumbnail","hentry","category-actualidad","category-cultura"],"_links":{"self":[{"href":"https:\/\/www.almargenweb.com.ar\/web\/wp-json\/wp\/v2\/posts\/46085","targetHints":{"allow":["GET"]}}],"collection":[{"href":"https:\/\/www.almargenweb.com.ar\/web\/wp-json\/wp\/v2\/posts"}],"about":[{"href":"https:\/\/www.almargenweb.com.ar\/web\/wp-json\/wp\/v2\/types\/post"}],"author":[{"embeddable":true,"href":"https:\/\/www.almargenweb.com.ar\/web\/wp-json\/wp\/v2\/users\/17"}],"replies":[{"embeddable":true,"href":"https:\/\/www.almargenweb.com.ar\/web\/wp-json\/wp\/v2\/comments?post=46085"}],"version-history":[{"count":1,"href":"https:\/\/www.almargenweb.com.ar\/web\/wp-json\/wp\/v2\/posts\/46085\/revisions"}],"predecessor-version":[{"id":46090,"href":"https:\/\/www.almargenweb.com.ar\/web\/wp-json\/wp\/v2\/posts\/46085\/revisions\/46090"}],"wp:featuredmedia":[{"embeddable":true,"href":"https:\/\/www.almargenweb.com.ar\/web\/wp-json\/wp\/v2\/media\/46089"}],"wp:attachment":[{"href":"https:\/\/www.almargenweb.com.ar\/web\/wp-json\/wp\/v2\/media?parent=46085"}],"wp:term":[{"taxonomy":"category","embeddable":true,"href":"https:\/\/www.almargenweb.com.ar\/web\/wp-json\/wp\/v2\/categories?post=46085"},{"taxonomy":"post_tag","embeddable":true,"href":"https:\/\/www.almargenweb.com.ar\/web\/wp-json\/wp\/v2\/tags?post=46085"}],"curies":[{"name":"wp","href":"https:\/\/api.w.org\/{rel}","templated":true}]}}