{"id":46075,"date":"2026-02-27T11:33:27","date_gmt":"2026-02-27T14:33:27","guid":{"rendered":"https:\/\/www.almargenweb.com.ar\/web\/?p=46075"},"modified":"2026-02-27T11:33:27","modified_gmt":"2026-02-27T14:33:27","slug":"adelantan-campana-de-vacunacion-antigripal-por-la-circulacion-de-la-nueva-variante-en-argentina","status":"publish","type":"post","link":"https:\/\/www.almargenweb.com.ar\/web\/adelantan-campana-de-vacunacion-antigripal-por-la-circulacion-de-la-nueva-variante-en-argentina\/","title":{"rendered":"Adelantan campa\u00f1a de vacunaci\u00f3n antigripal por la circulaci\u00f3n de la nueva variante en Argentina"},"content":{"rendered":"\n<h2 class=\"wp-block-heading\"><strong>Comenz\u00f3 la distribuci\u00f3n de las primeras 800 mil dosis a las provincias, con el objetivo de empezar a aplicarlas el 9 de marzo.<\/strong><\/h2>\n\n\n\n<p>El Ministerio de Salud de la Naci\u00f3n anunci\u00f3 que decidi\u00f3 adelantar la campa\u00f1a de vacunaci\u00f3n antigripal 2026 y que comenz\u00f3 con la distribuci\u00f3n de las primeras 800 mil dosis a las provincias y prev\u00e9 empezar a aplicarlas el 9 de marzo. La cartera a cargo de Mario Lugones especific\u00f3 que la medida se tom\u00f3 por la circulaci\u00f3n de la nueva variante de influenza en el pa\u00eds y al inicio cada vez m\u00e1s temprano de la temporada de virus respiratorios.<\/p>\n\n\n\n<p>\u201cNos anticipamos al calendario habitual para que la poblaci\u00f3n est\u00e9 protegida antes del pico de circulaci\u00f3n viral\u201d, plante\u00f3 el ministro en su cuenta de X, donde especific\u00f3 que \u201ccada a\u00f1o, los virus respiratorios comienzan a circular m\u00e1s temprano. Por eso decidimos actuar tempranamente para evitar el posible impacto de las nuevas variantes\u201d.<\/p>\n\n\n\n<p>El Ministerio precis\u00f3 que la planificaci\u00f3n anticipada permite que la poblaci\u00f3n objetivo pueda recibirla antes del pico de circulaci\u00f3n viral. \u00bfQui\u00e9nes deber\u00edan recibirla? Ni\u00f1os de 6 a 24 meses, adultos mayores de 65 a\u00f1os, personal de salud, embarazadas y personas con factores de riesgo.<\/p>\n\n\n\n<p>La cartera sanitaria nacional inform\u00f3 que adquiri\u00f3 8.160.000 dosis. De este total, 4.700.000 dosis corresponden a la vacuna antigripal para adultos utilizada para proteger a la poblaci\u00f3n de entre 24 meses y 64 a\u00f1os; 2.300.000 dosis son de la adyuvantada (aTIV) destinada a mayores de 65 a\u00f1os; y 1.160.000 dosis son de la vacuna antigripal pedi\u00e1trica destinada a los ni\u00f1os de 6 meses a 2 a\u00f1os de edad.<\/p>\n\n\n\n<p>\u201cEn Argentina, el aumento de la circulaci\u00f3n de los virus respiratorios ocurre entre abril y julio. En los \u00faltimos a\u00f1os, la vigilancia epidemiol\u00f3gica evidencia un inicio cada vez m\u00e1s temprano de su circulaci\u00f3n estacional. Ante este escenario, el adelantamiento de la campa\u00f1a busca asegurar una protecci\u00f3n oportuna de la poblaci\u00f3n antes del pico de transmisi\u00f3n y atenuar el posible impacto que la variante H3N2 y su nuevo subclado K, puedan ocasionar en el sistema sanitario\u201d, detall\u00f3 el ministerio en un comunicado que se difundi\u00f3 esta ma\u00f1ana.<\/p>\n\n\n\n<p>El Gobierno precis\u00f3 que si bien esta nueva variante no se asocia al desarrollo de cuadros de mayor gravedad, s\u00ed se caracteriza por una mayor contagiosidad y esto puede generar una mayor demanda para los servicios asistenciales del sistema de salud.<\/p>\n\n\n\n<p>Una baja cobertura de vacunaci\u00f3n podr\u00eda generar mayores niveles de ocupaci\u00f3n de camas, aumento de derivaciones a centros de mayor complejidad, reprogramaciones de pr\u00e1cticas diagn\u00f3sticas y quir\u00fargicas y un incremento en los costos del sistema, advirti\u00f3 la cartera a cargo de Mario Lugones.<\/p>\n\n\n\n<p>\u201cEn los tres \u00faltimos a\u00f1os, las coberturas m\u00e1s bajas se registraron en la poblaci\u00f3n de adultos mayores (con porcentajes que oscilaron entre el 41,6% y el 42,2%), y en la poblaci\u00f3n pedi\u00e1trica en la cual se observa que menos del 70% complet\u00f3 el esquema de vacunaci\u00f3n de dos dosis\u201d, advirti\u00f3.<\/p>\n\n\n\n<p>El cronograma oficial indica que la entrega de la primera tanda de vacunas se concretar\u00e1 durante esta semana y luego se completar\u00e1 con otros lotes. El objetivo es que todas las jurisdiscciones comiencen la campa\u00f1a de vacunaci\u00f3n el 9 de marzo.<\/p>\n<!-- AddThis Advanced Settings generic via filter on the_content --><!-- AddThis Share Buttons generic via filter on the_content -->","protected":false},"excerpt":{"rendered":"<p>Comenz\u00f3 la distribuci\u00f3n de las primeras 800 mil dosis a las provincias, con el objetivo de [&hellip;]<!-- AddThis Advanced Settings generic via filter on get_the_excerpt --><!-- AddThis Share Buttons generic via filter on get_the_excerpt --><\/p>\n","protected":false},"author":17,"featured_media":46078,"comment_status":"closed","ping_status":"open","sticky":false,"template":"","format":"standard","meta":{"_seopress_robots_primary_cat":"none","_seopress_titles_title":"","_seopress_titles_desc":"","_seopress_robots_index":"","_themeisle_gutenberg_block_has_review":false,"footnotes":""},"categories":[140,15],"tags":[],"class_list":["post-46075","post","type-post","status-publish","format-standard","has-post-thumbnail","hentry","category-nacionales","category-salud"],"_links":{"self":[{"href":"https:\/\/www.almargenweb.com.ar\/web\/wp-json\/wp\/v2\/posts\/46075","targetHints":{"allow":["GET"]}}],"collection":[{"href":"https:\/\/www.almargenweb.com.ar\/web\/wp-json\/wp\/v2\/posts"}],"about":[{"href":"https:\/\/www.almargenweb.com.ar\/web\/wp-json\/wp\/v2\/types\/post"}],"author":[{"embeddable":true,"href":"https:\/\/www.almargenweb.com.ar\/web\/wp-json\/wp\/v2\/users\/17"}],"replies":[{"embeddable":true,"href":"https:\/\/www.almargenweb.com.ar\/web\/wp-json\/wp\/v2\/comments?post=46075"}],"version-history":[{"count":1,"href":"https:\/\/www.almargenweb.com.ar\/web\/wp-json\/wp\/v2\/posts\/46075\/revisions"}],"predecessor-version":[{"id":46079,"href":"https:\/\/www.almargenweb.com.ar\/web\/wp-json\/wp\/v2\/posts\/46075\/revisions\/46079"}],"wp:featuredmedia":[{"embeddable":true,"href":"https:\/\/www.almargenweb.com.ar\/web\/wp-json\/wp\/v2\/media\/46078"}],"wp:attachment":[{"href":"https:\/\/www.almargenweb.com.ar\/web\/wp-json\/wp\/v2\/media?parent=46075"}],"wp:term":[{"taxonomy":"category","embeddable":true,"href":"https:\/\/www.almargenweb.com.ar\/web\/wp-json\/wp\/v2\/categories?post=46075"},{"taxonomy":"post_tag","embeddable":true,"href":"https:\/\/www.almargenweb.com.ar\/web\/wp-json\/wp\/v2\/tags?post=46075"}],"curies":[{"name":"wp","href":"https:\/\/api.w.org\/{rel}","templated":true}]}}