{"id":45933,"date":"2026-02-10T10:12:45","date_gmt":"2026-02-10T13:12:45","guid":{"rendered":"https:\/\/www.almargenweb.com.ar\/web\/?p=45933"},"modified":"2026-02-10T10:13:08","modified_gmt":"2026-02-10T13:13:08","slug":"matilde-exporta-eje-de-la-visita-del-ministro-de-desarrollo-productivo-a-la-localidad","status":"publish","type":"post","link":"https:\/\/www.almargenweb.com.ar\/web\/matilde-exporta-eje-de-la-visita-del-ministro-de-desarrollo-productivo-a-la-localidad\/","title":{"rendered":"Matilde Exporta: eje de la visita del Ministro de Desarrollo Productivo a la localidad"},"content":{"rendered":"\n<h2 class=\"wp-block-heading\">La Comuna de Matilde recibi\u00f3 la visita del Ministro de Desarrollo Productivo de la Provincia de Santa Fe, Gustavo Puccini, quien estuvo acompa\u00f1ado por la Diputada Provincial Jimena Senn, en una jornada especialmente dedicada a analizar el presente y las proyecciones del desarrollo productivo local y regional.<\/h2>\n\n\n\n<p>El encuentro form\u00f3 parte de una agenda de trabajo que puso el foco en la industria, el sector agropecuario y la generaci\u00f3n de oportunidades de crecimiento, en una localidad que contin\u00faa consolid\u00e1ndose como un punto estrat\u00e9gico dentro del entramado productivo santafesino.<br>Encuentro con el sector industrial.<\/p>\n\n\n\n<p>Durante la visita, el ministro mantuvo una reuni\u00f3n con los directivos de Molino Matilde, una de las industrias emblem\u00e1ticas de la localidad, donde se abordaron temas vinculados a la producci\u00f3n, la inversi\u00f3n y los desaf\u00edos actuales del sector.<\/p>\n\n\n\n<p>Posteriormente, las autoridades realizaron una recorrida por la nueva planta &#8220;Matilde Exporta&#8221;, un proyecto que simboliza el crecimiento sostenido, la apuesta a la innovaci\u00f3n y el potencial exportador de la comunidad. La iniciativa representa una clara muestra del compromiso del sector privado con el desarrollo local, acompa\u00f1ada por pol\u00edticas p\u00fablicas orientadas a fortalecer la producci\u00f3n.<\/p>\n\n\n\n<p><strong>Producci\u00f3n, empleo y oportunidades<\/strong><\/p>\n\n\n\n<p>La jornada continu\u00f3 con un an\u00e1lisis integral sobre el rol de la industria y el campo como motores del desarrollo econ\u00f3mico, destacando la articulaci\u00f3n entre el Estado provincial, el gobierno local y el sector productivo como eje fundamental para generar empleo y valor agregado en la regi\u00f3n.<br>La recorrida permiti\u00f3 poner en valor el trabajo que se viene realizando en Matilde para potenciar sus capacidades productivas, fomentar nuevas inversiones y consolidar un modelo de crecimiento sustentable.<\/p>\n\n\n\n<p><strong>Conferencia de prensa y balance de la visita<\/strong><\/p>\n\n\n\n<p>La actividad concluy\u00f3 en la sede comunal, donde se llev\u00f3 a cabo una conferencia de prensa. All\u00ed se dialog\u00f3 sobre la productividad de Matilde, la importancia del entramado industrial y agropecuario, y las oportunidades de desarrollo que se abren a partir de proyectos estrat\u00e9gicos como &#8220;Matilde Exporta&#8221;.<br>Desde la Comuna de Matilde expresaron su agradecimiento al Ministro Gustavo Puccini por su visita y acompa\u00f1amiento, y a la Diputada Jimena Senn por su permanente apoyo a la comunidad y a las pol\u00edticas p\u00fablicas orientadas al desarrollo productivo.<\/p>\n\n\n\n<p><strong>Un camino de crecimiento conjunto<\/strong><\/p>\n\n\n\n<p>La visita reafirm\u00f3 el compromiso de seguir trabajando de manera conjunta entre los distintos niveles del Estado y el sector privado, con el objetivo de impulsar una Matilde que crece, produce y genera oportunidades para toda la regi\u00f3n.<\/p>\n<!-- AddThis Advanced Settings generic via filter on the_content --><!-- AddThis Share Buttons generic via filter on the_content -->","protected":false},"excerpt":{"rendered":"<p>La Comuna de Matilde recibi\u00f3 la visita del Ministro de Desarrollo Productivo de la Provincia de [&hellip;]<!-- AddThis Advanced Settings generic via filter on get_the_excerpt --><!-- AddThis Share Buttons generic via filter on get_the_excerpt --><\/p>\n","protected":false},"author":17,"featured_media":45936,"comment_status":"closed","ping_status":"open","sticky":false,"template":"","format":"standard","meta":{"_seopress_robots_primary_cat":"none","_seopress_titles_title":"","_seopress_titles_desc":"","_seopress_robots_index":"","_themeisle_gutenberg_block_has_review":false,"footnotes":""},"categories":[21,866],"tags":[],"class_list":["post-45933","post","type-post","status-publish","format-standard","has-post-thumbnail","hentry","category-las-colonias","category-produccion"],"_links":{"self":[{"href":"https:\/\/www.almargenweb.com.ar\/web\/wp-json\/wp\/v2\/posts\/45933","targetHints":{"allow":["GET"]}}],"collection":[{"href":"https:\/\/www.almargenweb.com.ar\/web\/wp-json\/wp\/v2\/posts"}],"about":[{"href":"https:\/\/www.almargenweb.com.ar\/web\/wp-json\/wp\/v2\/types\/post"}],"author":[{"embeddable":true,"href":"https:\/\/www.almargenweb.com.ar\/web\/wp-json\/wp\/v2\/users\/17"}],"replies":[{"embeddable":true,"href":"https:\/\/www.almargenweb.com.ar\/web\/wp-json\/wp\/v2\/comments?post=45933"}],"version-history":[{"count":1,"href":"https:\/\/www.almargenweb.com.ar\/web\/wp-json\/wp\/v2\/posts\/45933\/revisions"}],"predecessor-version":[{"id":45937,"href":"https:\/\/www.almargenweb.com.ar\/web\/wp-json\/wp\/v2\/posts\/45933\/revisions\/45937"}],"wp:featuredmedia":[{"embeddable":true,"href":"https:\/\/www.almargenweb.com.ar\/web\/wp-json\/wp\/v2\/media\/45936"}],"wp:attachment":[{"href":"https:\/\/www.almargenweb.com.ar\/web\/wp-json\/wp\/v2\/media?parent=45933"}],"wp:term":[{"taxonomy":"category","embeddable":true,"href":"https:\/\/www.almargenweb.com.ar\/web\/wp-json\/wp\/v2\/categories?post=45933"},{"taxonomy":"post_tag","embeddable":true,"href":"https:\/\/www.almargenweb.com.ar\/web\/wp-json\/wp\/v2\/tags?post=45933"}],"curies":[{"name":"wp","href":"https:\/\/api.w.org\/{rel}","templated":true}]}}