{"id":45745,"date":"2026-01-03T15:15:36","date_gmt":"2026-01-03T18:15:36","guid":{"rendered":"https:\/\/www.almargenweb.com.ar\/web\/?p=45745"},"modified":"2026-01-03T15:15:37","modified_gmt":"2026-01-03T18:15:37","slug":"se-inauguro-la-renovada-plaza-alemania-es-el-reflejo-de-una-ciudad-que-mira-al-futuro-sin-olvidar-el-pasado-dijo-muller","status":"publish","type":"post","link":"https:\/\/www.almargenweb.com.ar\/web\/se-inauguro-la-renovada-plaza-alemania-es-el-reflejo-de-una-ciudad-que-mira-al-futuro-sin-olvidar-el-pasado-dijo-muller\/","title":{"rendered":"Se inaugur\u00f3 la renovada Plaza Alemania: \u201cEs el reflejo de una ciudad que mira al futuro sin olvidar el pasado\u201d, dijo M\u00fcller"},"content":{"rendered":"\n<h2 class=\"wp-block-heading\">El intendente encabez\u00f3 el acto inaugural del espacio ubicado en el barrio Oeste, que se llev\u00f3 a cabo gracias a un aporte del Programa de Obras Urbanas del Gobierno de Santa Fe.<\/h2>\n\n\n\n<p>El intendente de Esperanza, Rodrigo M\u00fcller, encabez\u00f3 este martes la inauguraci\u00f3n de la obra de renovaci\u00f3n de la Plaza Alemania, ubicada en el barrio Oeste de la ciudad, un espacio que fue completamente puesto en valor para ofrecer m\u00e1s comodidades, mejores servicios y nuevas propuestas recreativas para vecinos y vecinas de todas las edades.<\/p>\n\n\n\n<p>De la ceremonia tambi\u00e9n participaron la diputada provincial Jimena Senn; el subsecretario de Planificaci\u00f3n Estrat\u00e9gica del Ministerio de Obras P\u00fablicas, Marcelo M\u00e1ntaras; el subdirector provincial de Gesti\u00f3n Territorial del H\u00e1bitat, Claudio Ardisana; concejales e integrantes del gabinete municipal; representantes de la Asociaci\u00f3n Alemana \u201cDeutscher Verein\u201d y dem\u00e1s colectividades de la ciudad, entre otros.<\/p>\n\n\n\n<p>En la oportunidad, M\u00fcller se mostr\u00f3 \u201cmuy contento por estar inaugurando un nuevo espacio p\u00fablico pensado para el disfrute de toda la comunidad. As\u00ed como lo hicimos con la Plaza Suiza, la Sirio Libanesa y la De Las Carretas, hoy seguimos renovando plazas que forman parte de nuestra identidad, que recuerdan a los inmigrantes que construyeron Esperanza y que, al mismo tiempo, incorporan infraestructura y juegos modernos\u201d.<\/p>\n\n\n\n<p>En ese sentido, el intendente destac\u00f3 que la renovaci\u00f3n de la Plaza Alemania \u201ces el reflejo de una ciudad que mira al futuro sin olvidar el pasado. Respetamos la historia y el significado de estos espacios, pero los adaptamos a las necesidades actuales de los vecinos, con m\u00e1s comodidad, accesibilidad, iluminaci\u00f3n y propuestas recreativas innovadoras para ni\u00f1os y ni\u00f1as\u201d.<\/p>\n\n\n\n<p>M\u00fcller remarc\u00f3 adem\u00e1s que \u201ccada obra en una plaza es una mejora concreta en la calidad de vida del barrio. Queremos que los vecinos recuperen los espacios p\u00fablicos, se apropien de ellos y puedan disfrutarlos de forma segura para encontrarse, jugar y compartir\u201d.<\/p>\n\n\n\n<p>Por su parte, M\u00e1ntaras destac\u00f3 que \u201cesta es la segunda de cuatro plazas que se van a renovar en la ciudad en el marco del Programa de Obras Urbanas\u201d y agreg\u00f3 que \u201ces una obra realizada con recursos de los santafesinos, que vuelve en forma de obras que mejoran la calidad de vida de los vecinos\u201d.<\/p>\n\n\n\n<p>Finalmente, la presidenta de la Asociaci\u00f3n Alemana \u201cDeutscher Verein\u201d, Mar\u00eda Elena Engler, indic\u00f3 que \u201cpara nosotros es una alegr\u00eda muy grande que esta plaza haya sido restaurada. En un principio desconoc\u00edamos d\u00f3nde quedaba la Plaza Alemania y, poco a poco, pudimos ir gestionando para mejorarla\u201d.<\/p>\n\n\n\n<p>\u201cAgradecemos al intendente Rodrigo M\u00fcller y a todo su equipo por haber elegido este lugar para ponerlo en valor y deseamos que pueda ser disfrutado por todos los esperancinos\u201d, concluy\u00f3.<\/p>\n\n\n\n<p><strong>\u00c1RBOL SIMB\u00d3LICO<\/strong><\/p>\n\n\n\n<p>Durante la ceremonia, el intendente, junto a familiares de Carina Valdez y Mar\u00eda de los \u00c1ngeles Segui, vecinos de la plaza, quienes impulsaron y solicitaron oportunamente las mejoras y la puesta en valor de este espacio p\u00fablico, realizaron la plantaci\u00f3n simb\u00f3lica de un \u00e1rbol en la plaza.<\/p>\n\n\n\n<figure class=\"wp-block-image size-large\"><img loading=\"lazy\" decoding=\"async\" width=\"1024\" height=\"683\" src=\"https:\/\/www.almargenweb.com.ar\/web\/wp-content\/uploads\/2026\/01\/alemania4-1536x1024-1-1024x683.jpg\" alt=\"\" class=\"wp-image-45748\" srcset=\"https:\/\/www.almargenweb.com.ar\/web\/wp-content\/uploads\/2026\/01\/alemania4-1536x1024-1-1024x683.jpg 1024w, https:\/\/www.almargenweb.com.ar\/web\/wp-content\/uploads\/2026\/01\/alemania4-1536x1024-1-300x200.jpg 300w, https:\/\/www.almargenweb.com.ar\/web\/wp-content\/uploads\/2026\/01\/alemania4-1536x1024-1-768x512.jpg 768w, https:\/\/www.almargenweb.com.ar\/web\/wp-content\/uploads\/2026\/01\/alemania4-1536x1024-1.jpg 1200w\" sizes=\"auto, (max-width: 1024px) 100vw, 1024px\" \/><\/figure>\n\n\n\n<p><strong>PUESTA EN VALOR<\/strong><\/p>\n\n\n\n<p>Gracias al aporte del Gobierno de la Provincia de Santa Fe, a trav\u00e9s del Ministerio de Obras P\u00fablicas y del Programa de Obras Urbanas (POU), la Municipalidad de Esperanza llev\u00f3 adelante la puesta en valor de este espacio.<\/p>\n\n\n\n<p>Los trabajos fueron ejecutados de manera articulada por la Secretar\u00eda de Obras e Infraestructura P\u00fablica, la Secretar\u00eda de Ambiente y Servicios P\u00fablicos y la Secretar\u00eda de Planeamiento y Proyectos, autora del proyecto y responsable de la administraci\u00f3n de las tareas y de la gesti\u00f3n para la adquisici\u00f3n de los materiales.<\/p>\n\n\n\n<p>Entre las principales tareas realizadas se destacan: la ejecuci\u00f3n de veredas perimetrales, internas y accesos, materializados en hormig\u00f3n armado; la actualizaci\u00f3n del sistema de alumbrado con nuevas columnas y luminarias LED de alta tecnolog\u00eda, con cableado subterr\u00e1neo; la ampliaci\u00f3n del sistema de monitoreo mediante la instalaci\u00f3n de una nueva c\u00e1mara para el control integral de la plaza; la incorporaci\u00f3n de un patio de juegos tem\u00e1tico y la restauraci\u00f3n de los juegos existentes; el reemplazo del mobiliario urbano por bancos premoldeados de hormig\u00f3n con respaldo y la incorporaci\u00f3n de cestos para residuos con separaci\u00f3n seco\/h\u00famedo; la puesta en valor del monumento; la parquizaci\u00f3n con vegetaci\u00f3n aut\u00f3ctona; el trazado de conexi\u00f3n de agua para el sistema de riego; y la colocaci\u00f3n de una estaci\u00f3n solar matera para la provisi\u00f3n de agua caliente y recarga USB.<\/p>\n<!-- AddThis Advanced Settings generic via filter on the_content --><!-- AddThis Share Buttons generic via filter on the_content -->","protected":false},"excerpt":{"rendered":"<p>El intendente encabez\u00f3 el acto inaugural del espacio ubicado en el barrio Oeste, que se llev\u00f3 [&hellip;]<!-- AddThis Advanced Settings generic via filter on get_the_excerpt --><!-- AddThis Share Buttons generic via filter on get_the_excerpt --><\/p>\n","protected":false},"author":17,"featured_media":45749,"comment_status":"closed","ping_status":"open","sticky":false,"template":"","format":"standard","meta":{"_seopress_robots_primary_cat":"none","_seopress_titles_title":"","_seopress_titles_desc":"","_seopress_robots_index":"","_themeisle_gutenberg_block_has_review":false,"footnotes":""},"categories":[47,24],"tags":[],"class_list":["post-45745","post","type-post","status-publish","format-standard","has-post-thumbnail","hentry","category-locales","category-obras-publicas"],"_links":{"self":[{"href":"https:\/\/www.almargenweb.com.ar\/web\/wp-json\/wp\/v2\/posts\/45745","targetHints":{"allow":["GET"]}}],"collection":[{"href":"https:\/\/www.almargenweb.com.ar\/web\/wp-json\/wp\/v2\/posts"}],"about":[{"href":"https:\/\/www.almargenweb.com.ar\/web\/wp-json\/wp\/v2\/types\/post"}],"author":[{"embeddable":true,"href":"https:\/\/www.almargenweb.com.ar\/web\/wp-json\/wp\/v2\/users\/17"}],"replies":[{"embeddable":true,"href":"https:\/\/www.almargenweb.com.ar\/web\/wp-json\/wp\/v2\/comments?post=45745"}],"version-history":[{"count":1,"href":"https:\/\/www.almargenweb.com.ar\/web\/wp-json\/wp\/v2\/posts\/45745\/revisions"}],"predecessor-version":[{"id":45750,"href":"https:\/\/www.almargenweb.com.ar\/web\/wp-json\/wp\/v2\/posts\/45745\/revisions\/45750"}],"wp:featuredmedia":[{"embeddable":true,"href":"https:\/\/www.almargenweb.com.ar\/web\/wp-json\/wp\/v2\/media\/45749"}],"wp:attachment":[{"href":"https:\/\/www.almargenweb.com.ar\/web\/wp-json\/wp\/v2\/media?parent=45745"}],"wp:term":[{"taxonomy":"category","embeddable":true,"href":"https:\/\/www.almargenweb.com.ar\/web\/wp-json\/wp\/v2\/categories?post=45745"},{"taxonomy":"post_tag","embeddable":true,"href":"https:\/\/www.almargenweb.com.ar\/web\/wp-json\/wp\/v2\/tags?post=45745"}],"curies":[{"name":"wp","href":"https:\/\/api.w.org\/{rel}","templated":true}]}}