{"id":45730,"date":"2025-12-29T18:22:36","date_gmt":"2025-12-29T21:22:36","guid":{"rendered":"https:\/\/www.almargenweb.com.ar\/web\/?p=45730"},"modified":"2025-12-29T18:22:37","modified_gmt":"2025-12-29T21:22:37","slug":"microtrafico-la-provincia-derrumbo-el-bunker-n-100-de-venta-de-drogas","status":"publish","type":"post","link":"https:\/\/www.almargenweb.com.ar\/web\/microtrafico-la-provincia-derrumbo-el-bunker-n-100-de-venta-de-drogas\/","title":{"rendered":"Microtr\u00e1fico: la Provincia derrumb\u00f3 el b\u00fanker N\u00b0 100 de venta de drogas"},"content":{"rendered":"\n<h2 class=\"wp-block-heading\">A dos a\u00f1os de la implementaci\u00f3n de la Ley de Microtr\u00e1fico, la inactivaci\u00f3n del punto de venta de estupefacientes se realiz\u00f3 este lunes por la ma\u00f1ana en la ciudad de Venado Tuerto.<\/h2>\n\n\n\n<p>El Gobierno Provincial, a trav\u00e9s del Ministerio de Justicia y Seguridad, efectiviz\u00f3 este lunes el derribo del b\u00fanker N\u00b0100 desde que se implement\u00f3, hace dos a\u00f1os, la Ley de Microtr\u00e1fico. Este punto de venta de estupefacientes se encontraba en calle Pav\u00f3n 568 de la ciudad de Venado Tuerto (departamento General L\u00f3pez). Estos procedimientos significan un golpe a las bandas narcocriminales, as\u00ed como una reducci\u00f3n ostensible de los niveles de circulaci\u00f3n de violencia altamente lesiva y la pacificaci\u00f3n de los barrios, llevando tranquilidad a los vecinos.<\/p>\n\n\n\n<p>Al derrumbe asisti\u00f3 el ministro de Justicia y Seguridad de Santa Fe, Pablo Cococcioni, quien estuvo acompa\u00f1ado por el intendente local, Leonel Chiarella; la senadora departamental, Leticia Di Gregorio; el diputado provincial Leonardo Calaianov; y los fiscales del Ministerio P\u00fablico de la Acusaci\u00f3n (MPA), Franco Carbone e Iv\u00e1n Raposo; el&nbsp;Fiscal Regional,&nbsp;Mat\u00edas Merlo.<\/p>\n\n\n\n<p>\u201cAyer se cumplieron 2 a\u00f1os de vigencia de la Ley de Microtr\u00e1fico, una herramienta que nos ha dado una respuesta frente a una situaci\u00f3n que asolaba a much\u00edsimas localidades\u201d, record\u00f3 Cococcioni, quien asegur\u00f3 que esta norma \u201cnos est\u00e1 permitiendo dar una respuesta inmediata, efectiva, y trabajar en coordinaci\u00f3n con la fiscal\u00eda\u201d.<\/p>\n\n\n\n<p><strong>Ley clave<\/strong><\/p>\n\n\n\n<p>Sobre la problem\u00e1tica, el funcionario provincial insisti\u00f3 en que esta ley es \u201cfundamental en la pol\u00edtica de seguridad, porque donde hay venta barrial de estupefacientes, hay uso de armas, hay personas con antecedentes, hay comisi\u00f3n de otros delitos, hay robos, hay robo para comprar estupefacientes, hay promoci\u00f3n de la prostituci\u00f3n. Alrededor de cada punto de venta de droga se potencia la probabilidad de comisi\u00f3n de otros delitos y empeora la calidad de vida de la gente\u201d, y por eso \u201ccada b\u00fanker derribado es un poco m\u00e1s de tranquilidad que devolvemos a los santafesinos, y es un pedazo de nuestro territorio que vuelve a controlar nuestra polic\u00eda y no est\u00e1 en manos de los delincuentes\u201d.<\/p>\n\n\n\n<p>En ese sentido, el ministro asever\u00f3 que \u201cnosotros hemos enfocado como prioridad el microtr\u00e1fico, porque ac\u00e1 no estamos hablando solamente del tr\u00e1fico de droga, sino de los otros delitos que genera y que en algunos lugares generaba much\u00edsima violencia\u201d; y record\u00f3 al respecto que \u201cla semana pasada se present\u00f3 la nueva Unidad Fiscal Especial de Microtr\u00e1fico a nivel provincial, que va a tomar el tema y coordinarlo en toda la provincia con cada una de las fiscal\u00edas regionales\u201d, concluy\u00f3.<\/p>\n\n\n\n<p><strong>Inactivaci\u00f3n de b\u00fankeres<\/strong><\/p>\n\n\n\n<p>Las intervenciones vinculadas a la Ley de Microtr\u00e1fico se desarrollan de manera sostenida desde comienzos de 2024. El abordaje contempla la inactivaci\u00f3n de puntos de venta de estupefacientes y de inmuebles asociados a la circulaci\u00f3n de violencia altamente lesiva, con el objetivo de desarticular estructuras del narcotr\u00e1fico a escala barrial. El trabajo coordinado entre el Gobierno, el MPA y los municipios y comunas constituye una herramienta clave para combatir el crimen organizado y fortalecer la seguridad en todo el territorio santafesino.<\/p>\n\n\n\n<p><strong>Lo que la provincia necesitaba<\/strong><\/p>\n\n\n\n<p>Durante la conferencia de prensa, el intendente local mencion\u00f3 que el derribo \u201ces un mensaje muy fuerte e importante en la lucha que llevamos adelante contra el narcotr\u00e1fico. Esto era lo que la provincia necesitaba\u201d. Asimismo, agradeci\u00f3 \u201cal ministro y el respaldo del gobernador Maximiliano Pullaro en este trabajo que se viene haciendo para combatir al narcotr\u00e1fico\u201d, gracias a lo cual \u201choy hay delincuentes que est\u00e1n presos, como David Arreche y Alejandra Tiseyra, junto a su banda de ocho personas\u201d, record\u00f3.<\/p>\n\n\n\n<p>Luego, Chiarella dijo que en Venado Tuerto se desactivaron \u201c3 o 4 b\u00fankeres y ya hemos denunciado varios m\u00e1s en diferentes puntos de la de la ciudad, y estamos esperando la resoluci\u00f3n judicial para seguir con los derrumbes\u201d.<\/p>\n\n\n\n<p>Mientras, Di Gregorio expres\u00f3 su satisfacci\u00f3n porque \u201cen diciembre de 2023 aprobamos la Ley de Microtr\u00e1fico y gracias al excelente trabajo de la Justicia y de los fiscales, hoy vemos estos resultados que implican mucho para la paz social. Por eso hoy festejamos este derrumbe, porque es un s\u00edmbolo de lo que queremos para la sociedad: paz y que puedan vivir tranquilos\u201d.<\/p>\n\n\n\n<p>Finalmente, Franco Carbone, a cargo de la Unidad Fiscal Especial de Microtr\u00e1fico, reconoci\u00f3 que con la Ley de Microtr\u00e1fico \u201ctenemos otros tiempos distintos a lo que siempre fue una investigaci\u00f3n de narcotr\u00e1fico, y ahora en poco tiempo podemos allanar, imputar a las personas, dejarlos presos y sobre todo esto tan importante, que es la inactivaci\u00f3n de los puntos de venta y lo que significa y representa esto para un barrio\u201d.<\/p>\n\n\n\n<p><\/p>\n<!-- AddThis Advanced Settings generic via filter on the_content --><!-- AddThis Share Buttons generic via filter on the_content -->","protected":false},"excerpt":{"rendered":"<p>A dos a\u00f1os de la implementaci\u00f3n de la Ley de Microtr\u00e1fico, la inactivaci\u00f3n del punto de [&hellip;]<!-- AddThis Advanced Settings generic via filter on get_the_excerpt --><!-- AddThis Share Buttons generic via filter on get_the_excerpt --><\/p>\n","protected":false},"author":17,"featured_media":45733,"comment_status":"closed","ping_status":"open","sticky":false,"template":"","format":"standard","meta":{"_seopress_robots_primary_cat":"none","_seopress_titles_title":"","_seopress_titles_desc":"","_seopress_robots_index":"","_themeisle_gutenberg_block_has_review":false,"footnotes":""},"categories":[709],"tags":[],"class_list":["post-45730","post","type-post","status-publish","format-standard","has-post-thumbnail","hentry","category-seguridad"],"_links":{"self":[{"href":"https:\/\/www.almargenweb.com.ar\/web\/wp-json\/wp\/v2\/posts\/45730","targetHints":{"allow":["GET"]}}],"collection":[{"href":"https:\/\/www.almargenweb.com.ar\/web\/wp-json\/wp\/v2\/posts"}],"about":[{"href":"https:\/\/www.almargenweb.com.ar\/web\/wp-json\/wp\/v2\/types\/post"}],"author":[{"embeddable":true,"href":"https:\/\/www.almargenweb.com.ar\/web\/wp-json\/wp\/v2\/users\/17"}],"replies":[{"embeddable":true,"href":"https:\/\/www.almargenweb.com.ar\/web\/wp-json\/wp\/v2\/comments?post=45730"}],"version-history":[{"count":1,"href":"https:\/\/www.almargenweb.com.ar\/web\/wp-json\/wp\/v2\/posts\/45730\/revisions"}],"predecessor-version":[{"id":45734,"href":"https:\/\/www.almargenweb.com.ar\/web\/wp-json\/wp\/v2\/posts\/45730\/revisions\/45734"}],"wp:featuredmedia":[{"embeddable":true,"href":"https:\/\/www.almargenweb.com.ar\/web\/wp-json\/wp\/v2\/media\/45733"}],"wp:attachment":[{"href":"https:\/\/www.almargenweb.com.ar\/web\/wp-json\/wp\/v2\/media?parent=45730"}],"wp:term":[{"taxonomy":"category","embeddable":true,"href":"https:\/\/www.almargenweb.com.ar\/web\/wp-json\/wp\/v2\/categories?post=45730"},{"taxonomy":"post_tag","embeddable":true,"href":"https:\/\/www.almargenweb.com.ar\/web\/wp-json\/wp\/v2\/tags?post=45730"}],"curies":[{"name":"wp","href":"https:\/\/api.w.org\/{rel}","templated":true}]}}