{"id":45706,"date":"2025-12-24T09:46:54","date_gmt":"2025-12-24T12:46:54","guid":{"rendered":"https:\/\/www.almargenweb.com.ar\/web\/?p=45706"},"modified":"2025-12-24T09:46:55","modified_gmt":"2025-12-24T12:46:55","slug":"el-comite-de-la-ucr-esperanza-emitio-su-balance-y-saludo-de-fin-de-ano","status":"publish","type":"post","link":"https:\/\/www.almargenweb.com.ar\/web\/el-comite-de-la-ucr-esperanza-emitio-su-balance-y-saludo-de-fin-de-ano\/","title":{"rendered":"El Comit\u00e9 de la UCR Esperanza emiti\u00f3 su balance y saludo de fin de a\u00f1o"},"content":{"rendered":"\n<h2 class=\"wp-block-heading\">Firmado por su Presidenta y diputada provincial, Jimena Senn, el Comit\u00e9 de la UCR Esperanza &#8220;Dr. Aldo E. Tessio&#8221; hace llegar a sus afiliados y simpatizantes el deseo de una feliz navidad y prospero a\u00f1o nuevo. Asimismo, trazaron un breve y positivo balance del a\u00f1o que finaliza.<\/h2>\n\n\n\n<p>El comunicado del Comit\u00e9 local de la UCR inicia comentando que &#8220;atravesamos un a\u00f1o electoral en el que se pusieron en juego muchas cosas, levantando siempre las banderas de nuestro partido, a favor de la democracia, la libertad y los derechos sociales&#8221;. <\/p>\n\n\n\n<p>Y contin\u00faan se\u00f1alando que &#8220;en la elecci\u00f3n de concejales, nuestro candidato Cristian Cammisi fue el m\u00e1s votado, lo que representa un respaldo y reconocimiento para la gesti\u00f3n de nuestro intendente Rodrigo M\u00fcller&#8221;.<\/p>\n\n\n\n<p>En tal sentido, agregan que &#8220;sin dudas, falta mucho por hacer, pero vamos por el camino correcto y tenemos una ciudad en marcha, dejando atr\u00e1s la situaci\u00f3n de estancamiento heredada. Una ciudad que recuper\u00f3 el orden, la tranquilidad y el brillo que siempre nos caracterizaron. Una ciudad con obras, cultura, educaci\u00f3n, desarrollo y oportunidades para todos&#8221;.<\/p>\n\n\n\n<p>&#8220;Tambi\u00e9n fuimos part\u00edcipes de un momento hist\u00f3rico: la sanci\u00f3n de una nueva Constituci\u00f3n Provincial, m\u00e1s moderna e inclusiva, que pone a la Provincia Invencible de Santa Fe a la vanguardia del pa\u00eds y nos proyecta hacia el futuro&#8221;, agregan desde el Comit\u00e9.<\/p>\n\n\n\n<p>En referencia a los logros alcanzados, agregan que se di\u00f3 &#8220;todo eso, en un contexto econ\u00f3mico dif\u00edcil y un clima pol\u00edtico muchas veces adverso, donde observamos, a nivel nacional, resistencia a los cambios que el pa\u00eds necesita. Mientras en el orden local, avizoramos con preocupaci\u00f3n la puesta en marcha de una verdadera &#8216;m\u00e1quina de impedir&#8217;. El &#8216;nuevo&#8217; Concejo Municipal nos muestra una alianza extra\u00f1a e in\u00e9dita de sectores pol\u00edticos antag\u00f3nicos entre s\u00ed, dispuestos a oponerse a todo. Pero que dif\u00edcilmente podr\u00e1n consensuar propuestas certeras para construir&#8221;.<\/p>\n\n\n\n<p>Profundizando en el contexto actual de nuestro pa\u00eds, mediante su comunicado la UCR local afirma que &#8220;es el signo de estos tiempos: la demagogia y el populismo, cualquiera sea su signo, promoviendo a trav\u00e9s de los medios electr\u00f3nicos y las redes el malestar social (muchas veces justificado) pero vac\u00edo de proyectos, acciones y soluciones concretas&#8221;.<\/p>\n\n\n\n<p>&#8220;Ante esto, la UCR y los partidos aliados, UNIDOS PARA CAMBIAR SANTA FE, renovamos nuestro compromiso de seguir trabajando juntos por una ciudad, una provincia y un pa\u00eds mejor, asumiendo el legado y las ense\u00f1anzas de nuestros pr\u00f3ceres y tendiendo nuestra mano a todas las personas de buena voluntad. \u00a1Felices fiestas!&#8221;, finaliza el comunicado firmado por su presidenta y diputada provincial Jimena Senn.<\/p>\n<!-- AddThis Advanced Settings generic via filter on the_content --><!-- AddThis Share Buttons generic via filter on the_content -->","protected":false},"excerpt":{"rendered":"<p>Firmado por su Presidenta y diputada provincial, Jimena Senn, el Comit\u00e9 de la UCR Esperanza &#8220;Dr. [&hellip;]<!-- AddThis Advanced Settings generic via filter on get_the_excerpt --><!-- AddThis Share Buttons generic via filter on get_the_excerpt --><\/p>\n","protected":false},"author":17,"featured_media":45709,"comment_status":"closed","ping_status":"open","sticky":false,"template":"","format":"standard","meta":{"_seopress_robots_primary_cat":"none","_seopress_titles_title":"","_seopress_titles_desc":"","_seopress_robots_index":"","_themeisle_gutenberg_block_has_review":false,"footnotes":""},"categories":[9],"tags":[],"class_list":["post-45706","post","type-post","status-publish","format-standard","has-post-thumbnail","hentry","category-politica"],"_links":{"self":[{"href":"https:\/\/www.almargenweb.com.ar\/web\/wp-json\/wp\/v2\/posts\/45706","targetHints":{"allow":["GET"]}}],"collection":[{"href":"https:\/\/www.almargenweb.com.ar\/web\/wp-json\/wp\/v2\/posts"}],"about":[{"href":"https:\/\/www.almargenweb.com.ar\/web\/wp-json\/wp\/v2\/types\/post"}],"author":[{"embeddable":true,"href":"https:\/\/www.almargenweb.com.ar\/web\/wp-json\/wp\/v2\/users\/17"}],"replies":[{"embeddable":true,"href":"https:\/\/www.almargenweb.com.ar\/web\/wp-json\/wp\/v2\/comments?post=45706"}],"version-history":[{"count":1,"href":"https:\/\/www.almargenweb.com.ar\/web\/wp-json\/wp\/v2\/posts\/45706\/revisions"}],"predecessor-version":[{"id":45710,"href":"https:\/\/www.almargenweb.com.ar\/web\/wp-json\/wp\/v2\/posts\/45706\/revisions\/45710"}],"wp:featuredmedia":[{"embeddable":true,"href":"https:\/\/www.almargenweb.com.ar\/web\/wp-json\/wp\/v2\/media\/45709"}],"wp:attachment":[{"href":"https:\/\/www.almargenweb.com.ar\/web\/wp-json\/wp\/v2\/media?parent=45706"}],"wp:term":[{"taxonomy":"category","embeddable":true,"href":"https:\/\/www.almargenweb.com.ar\/web\/wp-json\/wp\/v2\/categories?post=45706"},{"taxonomy":"post_tag","embeddable":true,"href":"https:\/\/www.almargenweb.com.ar\/web\/wp-json\/wp\/v2\/tags?post=45706"}],"curies":[{"name":"wp","href":"https:\/\/api.w.org\/{rel}","templated":true}]}}