{"id":45630,"date":"2025-12-03T17:37:51","date_gmt":"2025-12-03T20:37:51","guid":{"rendered":"https:\/\/www.almargenweb.com.ar\/web\/?p=45630"},"modified":"2025-12-03T17:37:51","modified_gmt":"2025-12-03T20:37:51","slug":"felipe-michlig-seguira-al-frente-de-la-ucr-santafesina","status":"publish","type":"post","link":"https:\/\/www.almargenweb.com.ar\/web\/felipe-michlig-seguira-al-frente-de-la-ucr-santafesina\/","title":{"rendered":"Felipe Michlig seguir\u00e1 al frente de la UCR santafesina"},"content":{"rendered":"\n<h2 class=\"wp-block-heading\">Este martes venc\u00eda el plazo para la presentaci\u00f3n de listas. Se oficializ\u00f3 una \u00fanica n\u00f3mina llamada &#8220;Lista Unidad&#8221;. Tambi\u00e9n se propusieron cuatro delegados por Santa Fe ante el Comit\u00e9 nacional, y una nueva Junta Electoral.<\/h2>\n\n\n\n<p>El\u00a0senador\u00a0santafesino\u00a0Felipe Michlig\u00a0volver\u00e1 a presidir el Comit\u00e9 Provincial de la Uni\u00f3n C\u00edvica Radical en Santa Fe por un nuevo per\u00edodo. As\u00ed surge de la presentaci\u00f3n de listas de cara a las elecciones internas del pr\u00f3ximo 4 de enero de 2026 &#8211; ser\u00e1n una formalidad atento a la presentaci\u00f3n de una lista \u00fanica-, y cuyo vencimiento operaba este martes 2 de diciembre. El resto de las autoridades se renovar\u00e1n en marzo.<\/p>\n\n\n\n<p>Oficialmente, se ingres\u00f3 ante las autoridades de la Junta Electoral partidaria una sola n\u00f3mina denominada &#8220;Lista Unidad&#8221;.<\/p>\n\n\n\n<p>La misma propone al representante en el Senado por el\u00a0departamento San Crist\u00f3bal\u00a0como titular del Comit\u00e9, en tanto que tambi\u00e9n se formulan las postulaciones de Juan Cruz C\u00e1ndido, Jimena Senn, Dar\u00edo Boscarol y Melina Giorgi como delegados titulares por Santa Fe ante el Comit\u00e9 Nacional. Como delegados suplentes se propone a Alejandro Duarte y Antonella Venturini.<\/p>\n\n\n\n<p>Del mismo modo, se oficializ\u00f3 la lista para constituir la nueva Junta Electoral partidaria. En tal sentido, se proponen a Agust\u00edn Carlos Lemos, Mar\u00eda Julieta Gonz\u00e1lez, Jos\u00e9 Mascheroni, Angeles Alvarez, Federico Bast\u00edas y Florencia Cabrera como titulares, en tanto que Arturo Ferrero, Dana Costa, Sergio Antonio Acosta y Nadia Soledad Amalevi fueron propuestos como suplentes.<\/p>\n\n\n\n<h2 class=\"wp-block-heading\"><strong>A nivel nacional<\/strong><\/h2>\n\n\n\n<p>El radicalismo tambi\u00e9n encara un proceso de renovaci\u00f3n a nivel nacional. Dicha instancia se cumplir\u00e1 el pr\u00f3ximo 12 de diciembre a partir de las 14, cuando la dirigencia se re\u00fana en la casa central partidaria de calle Alsina, en\u00a0Ciudad Aut\u00f3noma de Buenos Aires.<\/p>\n\n\n\n<p>El recambio implicar\u00eda el fin del mandato de Mart\u00edn Lousteau al frente de la conducci\u00f3n.<\/p>\n\n\n\n<p>El Plenario de Delegados que deber\u00e1 resolver est\u00e1 integrado por cuatro representantes de cada jurisdicci\u00f3n provincial, dos de la Juventud Radical, Franja Morada, el Foro de Intendentes, la Organizaci\u00f3n de Trabajadores Radicales y la UCR Diversidad.<\/p>\n<!-- AddThis Advanced Settings generic via filter on the_content --><!-- AddThis Share Buttons generic via filter on the_content -->","protected":false},"excerpt":{"rendered":"<p>Este martes venc\u00eda el plazo para la presentaci\u00f3n de listas. Se oficializ\u00f3 una \u00fanica n\u00f3mina llamada [&hellip;]<!-- AddThis Advanced Settings generic via filter on get_the_excerpt --><!-- AddThis Share Buttons generic via filter on get_the_excerpt --><\/p>\n","protected":false},"author":17,"featured_media":45633,"comment_status":"closed","ping_status":"open","sticky":false,"template":"","format":"standard","meta":{"_seopress_robots_primary_cat":"none","_seopress_titles_title":"","_seopress_titles_desc":"","_seopress_robots_index":"","_themeisle_gutenberg_block_has_review":false,"footnotes":""},"categories":[9],"tags":[],"class_list":["post-45630","post","type-post","status-publish","format-standard","has-post-thumbnail","hentry","category-politica"],"_links":{"self":[{"href":"https:\/\/www.almargenweb.com.ar\/web\/wp-json\/wp\/v2\/posts\/45630","targetHints":{"allow":["GET"]}}],"collection":[{"href":"https:\/\/www.almargenweb.com.ar\/web\/wp-json\/wp\/v2\/posts"}],"about":[{"href":"https:\/\/www.almargenweb.com.ar\/web\/wp-json\/wp\/v2\/types\/post"}],"author":[{"embeddable":true,"href":"https:\/\/www.almargenweb.com.ar\/web\/wp-json\/wp\/v2\/users\/17"}],"replies":[{"embeddable":true,"href":"https:\/\/www.almargenweb.com.ar\/web\/wp-json\/wp\/v2\/comments?post=45630"}],"version-history":[{"count":1,"href":"https:\/\/www.almargenweb.com.ar\/web\/wp-json\/wp\/v2\/posts\/45630\/revisions"}],"predecessor-version":[{"id":45634,"href":"https:\/\/www.almargenweb.com.ar\/web\/wp-json\/wp\/v2\/posts\/45630\/revisions\/45634"}],"wp:featuredmedia":[{"embeddable":true,"href":"https:\/\/www.almargenweb.com.ar\/web\/wp-json\/wp\/v2\/media\/45633"}],"wp:attachment":[{"href":"https:\/\/www.almargenweb.com.ar\/web\/wp-json\/wp\/v2\/media?parent=45630"}],"wp:term":[{"taxonomy":"category","embeddable":true,"href":"https:\/\/www.almargenweb.com.ar\/web\/wp-json\/wp\/v2\/categories?post=45630"},{"taxonomy":"post_tag","embeddable":true,"href":"https:\/\/www.almargenweb.com.ar\/web\/wp-json\/wp\/v2\/tags?post=45630"}],"curies":[{"name":"wp","href":"https:\/\/api.w.org\/{rel}","templated":true}]}}