{"id":45560,"date":"2025-11-07T09:47:03","date_gmt":"2025-11-07T12:47:03","guid":{"rendered":"https:\/\/www.almargenweb.com.ar\/web\/?p=45560"},"modified":"2025-11-07T09:47:08","modified_gmt":"2025-11-07T12:47:08","slug":"a-partir-de-diciembre-la-tgi-incluira-un-bono-voluntario-para-colaborar-con-aane","status":"publish","type":"post","link":"https:\/\/www.almargenweb.com.ar\/web\/a-partir-de-diciembre-la-tgi-incluira-un-bono-voluntario-para-colaborar-con-aane\/","title":{"rendered":"A partir de diciembre, la TGI incluir\u00e1 un bono voluntario para colaborar con AANE"},"content":{"rendered":"\n<h2 class=\"wp-block-heading\"><strong>\u201cEs un granito de arena m\u00e1s que promovemos para colaborar con una instituci\u00f3n tan importante de la ciudad\u201d, dijo el intendente Rodrigo M\u00fcller.<\/strong><\/h2>\n\n\n\n<p>El intendente de Esperanza, Rodrigo M\u00fcller, anunci\u00f3 que, a partir de diciembre, los vecinos podr\u00e1n colaborar con la Asociaci\u00f3n Ayuda Ni\u00f1os Especiales (AANE) a trav\u00e9s de un aporte voluntario que se anexar\u00e1 a la Tasa General de Inmuebles (TGI).<\/p>\n\n\n\n<p>El aporte voluntario ser\u00e1 de $1.500, estar\u00e1 destinado a un fondo de asistencia y se implementar\u00e1 por el plazo de doce meses, prorrogables por igual per\u00edodo, o finalizar\u00e1 antes si se garantiza y normaliza el financiamiento por parte del Gobierno Nacional.<\/p>\n\n\n\n<p>Al respecto, M\u00fcller indic\u00f3 que \u201ces un granito de arena m\u00e1s que queremos promover desde el municipio para colaborar con esta instituci\u00f3n tan importante de la ciudad, que se encuentra en una situaci\u00f3n muy dif\u00edcil\u201d.<\/p>\n\n\n\n<p>\u201cSi bien no es una responsabilidad del municipio, el problema se origin\u00f3 por la desatenci\u00f3n del Gobierno Nacional en materia de discapacidad. Aun as\u00ed, creemos que debemos actuar para acompa\u00f1ar a las familias que dependen de AANE. Esta es una medida paliativa: no queremos que la instituci\u00f3n cierre, pero seguiremos exigiendo que el Gobierno Nacional asuma su responsabilidad y brinde una soluci\u00f3n definitiva\u201d, agreg\u00f3.<\/p>\n\n\n\n<figure class=\"wp-block-image size-large\"><img loading=\"lazy\" decoding=\"async\" width=\"1024\" height=\"683\" src=\"https:\/\/www.almargenweb.com.ar\/web\/wp-content\/uploads\/2025\/11\/aane4-1536x1024-1-1024x683.jpg\" alt=\"\" class=\"wp-image-45563\" srcset=\"https:\/\/www.almargenweb.com.ar\/web\/wp-content\/uploads\/2025\/11\/aane4-1536x1024-1-1024x683.jpg 1024w, https:\/\/www.almargenweb.com.ar\/web\/wp-content\/uploads\/2025\/11\/aane4-1536x1024-1-300x200.jpg 300w, https:\/\/www.almargenweb.com.ar\/web\/wp-content\/uploads\/2025\/11\/aane4-1536x1024-1-768x512.jpg 768w, https:\/\/www.almargenweb.com.ar\/web\/wp-content\/uploads\/2025\/11\/aane4-1536x1024-1.jpg 1200w\" sizes=\"auto, (max-width: 1024px) 100vw, 1024px\" \/><\/figure>\n\n\n\n<p>Luego, record\u00f3 que \u201cdesde que comenz\u00f3 la problem\u00e1tica estuvimos trabajando junto a la instituci\u00f3n, colaborando con un bingo solidario, realizando aportes no reembolsables y contribuyendo a la implementaci\u00f3n de un sistema de energ\u00eda solar para reducir los costos operativos. Esperamos a que Naci\u00f3n aplique la Ley de Emergencia en Discapacidad pero como eso no pas\u00f3 decidimos impulsar esta medida\u00bb.<\/p>\n\n\n\n<p>Por \u00faltimo, el intendente reafirm\u00f3 que \u201clos vecinos deben saber que aqu\u00ed hay un gobierno municipal y unos concejales comprometidos con la situaci\u00f3n, que trabajan a destajo para mejorar la calidad de vida de todos los esperancinos\u201d.<\/p>\n\n\n\n<p><strong>FONDO DE ASISTENCIA<\/strong><\/p>\n\n\n\n<p>Mediante el Decreto N\u00b0 19643, el intendente constituy\u00f3 el Fondo de Asistencia para la Asociaci\u00f3n Ayuda Ni\u00f1os Especiales (A.A.N.E.), que estar\u00e1 conformado por el aporte voluntario de los vecinos.<br>El importe recaudado por el municipio ser\u00e1 depositado dentro de los 30 d\u00edas posteriores al vencimiento de la tasa.<\/p>\n\n\n\n<p>Mensualmente, AANE deber\u00e1 presentar al Departamento Ejecutivo un balance de ingresos y gastos, informando el destino de los fondos transferidos.<\/p>\n\n\n\n<figure class=\"wp-block-image size-large\"><img loading=\"lazy\" decoding=\"async\" width=\"1024\" height=\"596\" src=\"https:\/\/www.almargenweb.com.ar\/web\/wp-content\/uploads\/2025\/11\/aane3-1536x894-1-1024x596.jpg\" alt=\"\" class=\"wp-image-45564\" srcset=\"https:\/\/www.almargenweb.com.ar\/web\/wp-content\/uploads\/2025\/11\/aane3-1536x894-1-1024x596.jpg 1024w, https:\/\/www.almargenweb.com.ar\/web\/wp-content\/uploads\/2025\/11\/aane3-1536x894-1-300x175.jpg 300w, https:\/\/www.almargenweb.com.ar\/web\/wp-content\/uploads\/2025\/11\/aane3-1536x894-1-768x447.jpg 768w, https:\/\/www.almargenweb.com.ar\/web\/wp-content\/uploads\/2025\/11\/aane3-1536x894-1.jpg 1200w\" sizes=\"auto, (max-width: 1024px) 100vw, 1024px\" \/><\/figure>\n\n\n\n<p><strong>PRESENTES<\/strong><\/p>\n\n\n\n<p>De la conferencia tambi\u00e9n formaron parte los secretarios de Gobierno y Reforma del Estado, Andr\u00e9s Gren\u00f3n; de Hacienda y Finanzas, Mara Rivolta; de Desarrollo Humano, Florencia Blanche; y los concejales Mariano Puig, Guillermo Bonvin y Mar\u00eda del Rosario Galleano.<a href=\"https:\/\/esperanza.gob.ar\/#facebook\" target=\"_blank\" rel=\"noreferrer noopener\"><\/a><\/p>\n<!-- AddThis Advanced Settings generic via filter on the_content --><!-- AddThis Share Buttons generic via filter on the_content -->","protected":false},"excerpt":{"rendered":"<p>\u201cEs un granito de arena m\u00e1s que promovemos para colaborar con una instituci\u00f3n tan importante de [&hellip;]<!-- AddThis Advanced Settings generic via filter on get_the_excerpt --><!-- AddThis Share Buttons generic via filter on get_the_excerpt --><\/p>\n","protected":false},"author":17,"featured_media":45565,"comment_status":"closed","ping_status":"open","sticky":false,"template":"","format":"standard","meta":{"_seopress_robots_primary_cat":"none","_seopress_titles_title":"","_seopress_titles_desc":"","_seopress_robots_index":"","_themeisle_gutenberg_block_has_review":false,"footnotes":""},"categories":[47],"tags":[],"class_list":["post-45560","post","type-post","status-publish","format-standard","has-post-thumbnail","hentry","category-locales"],"_links":{"self":[{"href":"https:\/\/www.almargenweb.com.ar\/web\/wp-json\/wp\/v2\/posts\/45560","targetHints":{"allow":["GET"]}}],"collection":[{"href":"https:\/\/www.almargenweb.com.ar\/web\/wp-json\/wp\/v2\/posts"}],"about":[{"href":"https:\/\/www.almargenweb.com.ar\/web\/wp-json\/wp\/v2\/types\/post"}],"author":[{"embeddable":true,"href":"https:\/\/www.almargenweb.com.ar\/web\/wp-json\/wp\/v2\/users\/17"}],"replies":[{"embeddable":true,"href":"https:\/\/www.almargenweb.com.ar\/web\/wp-json\/wp\/v2\/comments?post=45560"}],"version-history":[{"count":1,"href":"https:\/\/www.almargenweb.com.ar\/web\/wp-json\/wp\/v2\/posts\/45560\/revisions"}],"predecessor-version":[{"id":45566,"href":"https:\/\/www.almargenweb.com.ar\/web\/wp-json\/wp\/v2\/posts\/45560\/revisions\/45566"}],"wp:featuredmedia":[{"embeddable":true,"href":"https:\/\/www.almargenweb.com.ar\/web\/wp-json\/wp\/v2\/media\/45565"}],"wp:attachment":[{"href":"https:\/\/www.almargenweb.com.ar\/web\/wp-json\/wp\/v2\/media?parent=45560"}],"wp:term":[{"taxonomy":"category","embeddable":true,"href":"https:\/\/www.almargenweb.com.ar\/web\/wp-json\/wp\/v2\/categories?post=45560"},{"taxonomy":"post_tag","embeddable":true,"href":"https:\/\/www.almargenweb.com.ar\/web\/wp-json\/wp\/v2\/tags?post=45560"}],"curies":[{"name":"wp","href":"https:\/\/api.w.org\/{rel}","templated":true}]}}