{"id":45425,"date":"2025-10-02T17:43:28","date_gmt":"2025-10-02T20:43:28","guid":{"rendered":"https:\/\/www.almargenweb.com.ar\/web\/?p=45425"},"modified":"2025-10-02T17:43:31","modified_gmt":"2025-10-02T20:43:31","slug":"felicia-se-viste-de-fiesta-con-la-celebracion-de-la-virgen-del-milagro","status":"publish","type":"post","link":"https:\/\/www.almargenweb.com.ar\/web\/felicia-se-viste-de-fiesta-con-la-celebracion-de-la-virgen-del-milagro\/","title":{"rendered":"Felicia se viste de fiesta con la celebraci\u00f3n de la Virgen del Milagro"},"content":{"rendered":"\n<h2 class=\"wp-block-heading\">Con una agenda cargada de actividades religiosas, comunitarias y culturales, la Comuna de Felicia celebra la tradicional Fiesta de la Virgen del Milagro, que tendr\u00e1 su punto central con la hist\u00f3rica Peregrinaci\u00f3n y la 8a Vuelta a la Colonia.<\/h2>\n\n\n\n<p><br>La Comuna de Felicia invita a toda la comunidad y a los devotos de la regi\u00f3n a participar de la Fiesta de la Virgen del Milagro 2025. Las celebraciones se extienden desde fines de septiembre hasta la segunda semana de octubre, combinando profundos momentos de fe con encuentros sociales y espect\u00e1culos.<\/p>\n\n\n\n<p><strong>Agenda Destacada: Fe. Tradici\u00f3n y Comunidad<\/strong><br>La programaci\u00f3n oficial se estructura en torno a las siguientes actividades centrales:<\/p>\n\n\n\n<ul class=\"wp-block-list\">\n<li>Desde el 30 de Septiembre al 8 de Octubre (18:00 hs.): Se realizar\u00e1 la Novena en Honor a la Virgen todos los d\u00edas en la Capilla.<\/li>\n\n\n\n<li>S\u00e1bado 4 de Octubre (03:00 hs.): Se inicia la 8a Vuelta a la Colonia, con la salida desde el Predio de la Agrupaci\u00f3n Gaucha.<\/li>\n\n\n\n<li>Mi\u00e9rcoles 9 de Octubre (16:00 hs.): Espect\u00e1culo Musical.<\/li>\n\n\n\n<li>Mi\u00e9rcoles 9 de Octubre (17:30 hs.): Celebraci\u00f3n de la Misa en el Patio de la Capilla, que incluir\u00e1 la bendici\u00f3n de objetos religiosos y agua.<\/li>\n<\/ul>\n\n\n\n<p><strong>Peregrinaci\u00f3n y Solidaridad<\/strong><br>El punto culminante de la fe se vivir\u00e1 el domingo 5 de octubre con la Peregrinaci\u00f3n Virgen del Milagro, que partir\u00e1 a las 06:00 horas desde Nuevo Torino. Los peregrinos que participen podr\u00e1n obtener la Indulgencia Plenaria.<\/p>\n\n\n\n<p>Adem\u00e1s de los actos religiosos, la jornada del domingo tendr\u00e1 un importante componente solidario. Durante las misas de 9:00 y 17:00 horas, se recibir\u00e1n alimentos no perecederos para C\u00e1ritas, invitando a la comunidad a colaborar con quienes m\u00e1s lo necesitan.<\/p>\n\n\n\n<p>La celebraci\u00f3n de la Misa Criolla a las 19:30 horas en la Iglesia Cat\u00f3lica pondr\u00e1 el cierre a un d\u00eda intenso de devoci\u00f3n y tradici\u00f3n.<\/p>\n\n\n\n<p>La Comuna de Felicia invita a todos a sumarse a esta gran fiesta que honra la fe y refuerza los lazos comunitarios en la regi\u00f3n.<\/p>\n<!-- AddThis Advanced Settings generic via filter on the_content --><!-- AddThis Share Buttons generic via filter on the_content -->","protected":false},"excerpt":{"rendered":"<p>Con una agenda cargada de actividades religiosas, comunitarias y culturales, la Comuna de Felicia celebra la [&hellip;]<!-- AddThis Advanced Settings generic via filter on get_the_excerpt --><!-- AddThis Share Buttons generic via filter on get_the_excerpt --><\/p>\n","protected":false},"author":17,"featured_media":45428,"comment_status":"closed","ping_status":"open","sticky":false,"template":"","format":"standard","meta":{"_seopress_robots_primary_cat":"none","_seopress_titles_title":"","_seopress_titles_desc":"","_seopress_robots_index":"","_themeisle_gutenberg_block_has_review":false,"footnotes":""},"categories":[28,21],"tags":[],"class_list":["post-45425","post","type-post","status-publish","format-standard","has-post-thumbnail","hentry","category-fiestas","category-las-colonias"],"_links":{"self":[{"href":"https:\/\/www.almargenweb.com.ar\/web\/wp-json\/wp\/v2\/posts\/45425","targetHints":{"allow":["GET"]}}],"collection":[{"href":"https:\/\/www.almargenweb.com.ar\/web\/wp-json\/wp\/v2\/posts"}],"about":[{"href":"https:\/\/www.almargenweb.com.ar\/web\/wp-json\/wp\/v2\/types\/post"}],"author":[{"embeddable":true,"href":"https:\/\/www.almargenweb.com.ar\/web\/wp-json\/wp\/v2\/users\/17"}],"replies":[{"embeddable":true,"href":"https:\/\/www.almargenweb.com.ar\/web\/wp-json\/wp\/v2\/comments?post=45425"}],"version-history":[{"count":1,"href":"https:\/\/www.almargenweb.com.ar\/web\/wp-json\/wp\/v2\/posts\/45425\/revisions"}],"predecessor-version":[{"id":45429,"href":"https:\/\/www.almargenweb.com.ar\/web\/wp-json\/wp\/v2\/posts\/45425\/revisions\/45429"}],"wp:featuredmedia":[{"embeddable":true,"href":"https:\/\/www.almargenweb.com.ar\/web\/wp-json\/wp\/v2\/media\/45428"}],"wp:attachment":[{"href":"https:\/\/www.almargenweb.com.ar\/web\/wp-json\/wp\/v2\/media?parent=45425"}],"wp:term":[{"taxonomy":"category","embeddable":true,"href":"https:\/\/www.almargenweb.com.ar\/web\/wp-json\/wp\/v2\/categories?post=45425"},{"taxonomy":"post_tag","embeddable":true,"href":"https:\/\/www.almargenweb.com.ar\/web\/wp-json\/wp\/v2\/tags?post=45425"}],"curies":[{"name":"wp","href":"https:\/\/api.w.org\/{rel}","templated":true}]}}