{"id":45414,"date":"2025-09-29T17:12:05","date_gmt":"2025-09-29T20:12:05","guid":{"rendered":"https:\/\/www.almargenweb.com.ar\/web\/?p=45414"},"modified":"2025-09-29T17:12:08","modified_gmt":"2025-09-29T20:12:08","slug":"la-municipalidad-invirtio-150-000-000-en-la-compra-de-un-camion-regador-0-km","status":"publish","type":"post","link":"https:\/\/www.almargenweb.com.ar\/web\/la-municipalidad-invirtio-150-000-000-en-la-compra-de-un-camion-regador-0-km\/","title":{"rendered":"La municipalidad invirti\u00f3 $150.000.000 en la compra de un cami\u00f3n regador 0 km"},"content":{"rendered":"\n<h2 class=\"wp-block-heading\">\u201cCuando asumimos hab\u00eda tres camiones y hoy contamos con seis\u201d, dijo el intendente Rodrigo M\u00fcller.<\/h2>\n\n\n\n<p><a href=\"https:\/\/esperanza.gob.ar\/#facebook\" target=\"_blank\" rel=\"noreferrer noopener\"><\/a>El intendente de Esperanza, Rodrigo M\u00fcller, y la secretaria de Ambiente y Servicios P\u00fablicos, Lorena Domig, presentaron este jueves frente al Palacio Municipal el nuevo cami\u00f3n regador 0 km que el gobierno municipal adquiri\u00f3 para mejorar la prestaci\u00f3n del servicio que se brinda en la ciudad.<\/p>\n\n\n\n<p>La nueva unidad demand\u00f3 una inversi\u00f3n de $150.000.000, financiada a trav\u00e9s del Programa Municipal de Inversiones (PROMUDI), que funciona bajo la \u00f3rbita de la Subsecretar\u00eda de Proyectos de Inversi\u00f3n del Ministerio de Econom\u00eda, y que est\u00e1 destinado a financiar la adquisici\u00f3n de equipos para la prestaci\u00f3n de servicios p\u00fablicos y el fortalecimiento institucional en municipios y comunas de la provincia de Santa Fe.<\/p>\n\n\n\n<p>\u201cComo equipo de gesti\u00f3n estamos muy contentos de recibir este nuevo cami\u00f3n, que pudimos adquirir gracias a la aprobaci\u00f3n del Concejo Municipal y lo afrontamos con recursos propios del municipio\u201d, indic\u00f3 el intendente durante la conferencia.<\/p>\n\n\n\n<p>Luego, M\u00fcller explic\u00f3 que \u201clo ideal para la ciudad ser\u00eda contar con siete camiones regadores. Cuando asumimos la gesti\u00f3n hab\u00eda solo tres y hoy, con mucho orgullo, informamos esta nueva adquisici\u00f3n que nos permite tener seis veh\u00edculos brindando un servicio tan importante en Esperanza\u201d.<\/p>\n\n\n\n<p>\u201cTuvimos que recuperar camiones que estaban parados, invertir y ponerlos en funcionamiento. Tambi\u00e9n trabajamos en las bocas de expendio de agua y logramos disminuir el tiempo de carga de 30 a casi 10 minutos\u201d, agreg\u00f3 el intendente.<\/p>\n\n\n\n<figure class=\"wp-block-image size-large\"><img loading=\"lazy\" decoding=\"async\" width=\"1024\" height=\"683\" src=\"https:\/\/www.almargenweb.com.ar\/web\/wp-content\/uploads\/2025\/09\/regador1-1536x1024-1-1024x683.jpg\" alt=\"\" class=\"wp-image-45418\" srcset=\"https:\/\/www.almargenweb.com.ar\/web\/wp-content\/uploads\/2025\/09\/regador1-1536x1024-1-1024x683.jpg 1024w, https:\/\/www.almargenweb.com.ar\/web\/wp-content\/uploads\/2025\/09\/regador1-1536x1024-1-300x200.jpg 300w, https:\/\/www.almargenweb.com.ar\/web\/wp-content\/uploads\/2025\/09\/regador1-1536x1024-1-768x512.jpg 768w, https:\/\/www.almargenweb.com.ar\/web\/wp-content\/uploads\/2025\/09\/regador1-1536x1024-1.jpg 1200w\" sizes=\"auto, (max-width: 1024px) 100vw, 1024px\" \/><\/figure>\n\n\n\n<p>Por \u00faltimo, Rodrigo M\u00fcller remarc\u00f3 que \u201cesto es una muestra m\u00e1s de lo que se logra gracias a un trabajo eficiente, cuidando los recursos que son de los esperancinos e invirti\u00e9ndolos en el beneficio de todos\u201d.<\/p>\n\n\n\n<p>A su turno, Lorena Domig explic\u00f3 que \u201ceste nuevo veh\u00edculo nos permitir\u00e1 ampliar los recorridos de riego, sobre todo para el verano, y cumplir de una mejor manera con un servicio fundamental para mantener los caminos de tierra y ripio\u201d.<\/p>\n\n\n\n<p>Luego, explic\u00f3 que \u201ctenemos camiones de muchos a\u00f1os, con p\u00e9rdidas en los tanques de fibra de vidrio. Hoy estamos incorporando uno que cuenta con un tanque de metal, lo que le da muchos m\u00e1s a\u00f1os de vida \u00fatil\u201d.<\/p>\n\n\n\n<p>Por \u00faltimo, mencion\u00f3 que \u201cla ciudad cuenta con 5.000 cuadras en las que se brinda el servicio de riego por d\u00eda, dos o tres veces, seg\u00fan la calle. Se trata de un trabajo importante que debemos realizar con la mayor eficiencia posible\u201d.<\/p>\n<!-- AddThis Advanced Settings generic via filter on the_content --><!-- AddThis Share Buttons generic via filter on the_content -->","protected":false},"excerpt":{"rendered":"<p>\u201cCuando asumimos hab\u00eda tres camiones y hoy contamos con seis\u201d, dijo el intendente Rodrigo M\u00fcller. El [&hellip;]<!-- AddThis Advanced Settings generic via filter on get_the_excerpt --><!-- AddThis Share Buttons generic via filter on get_the_excerpt --><\/p>\n","protected":false},"author":17,"featured_media":45417,"comment_status":"closed","ping_status":"open","sticky":false,"template":"","format":"standard","meta":{"_seopress_robots_primary_cat":"none","_seopress_titles_title":"","_seopress_titles_desc":"","_seopress_robots_index":"","_themeisle_gutenberg_block_has_review":false,"footnotes":""},"categories":[47],"tags":[44,121,313],"class_list":["post-45414","post","type-post","status-publish","format-standard","has-post-thumbnail","hentry","category-locales","tag-esperanza","tag-rodrigo-muller","tag-servicios"],"_links":{"self":[{"href":"https:\/\/www.almargenweb.com.ar\/web\/wp-json\/wp\/v2\/posts\/45414","targetHints":{"allow":["GET"]}}],"collection":[{"href":"https:\/\/www.almargenweb.com.ar\/web\/wp-json\/wp\/v2\/posts"}],"about":[{"href":"https:\/\/www.almargenweb.com.ar\/web\/wp-json\/wp\/v2\/types\/post"}],"author":[{"embeddable":true,"href":"https:\/\/www.almargenweb.com.ar\/web\/wp-json\/wp\/v2\/users\/17"}],"replies":[{"embeddable":true,"href":"https:\/\/www.almargenweb.com.ar\/web\/wp-json\/wp\/v2\/comments?post=45414"}],"version-history":[{"count":1,"href":"https:\/\/www.almargenweb.com.ar\/web\/wp-json\/wp\/v2\/posts\/45414\/revisions"}],"predecessor-version":[{"id":45419,"href":"https:\/\/www.almargenweb.com.ar\/web\/wp-json\/wp\/v2\/posts\/45414\/revisions\/45419"}],"wp:featuredmedia":[{"embeddable":true,"href":"https:\/\/www.almargenweb.com.ar\/web\/wp-json\/wp\/v2\/media\/45417"}],"wp:attachment":[{"href":"https:\/\/www.almargenweb.com.ar\/web\/wp-json\/wp\/v2\/media?parent=45414"}],"wp:term":[{"taxonomy":"category","embeddable":true,"href":"https:\/\/www.almargenweb.com.ar\/web\/wp-json\/wp\/v2\/categories?post=45414"},{"taxonomy":"post_tag","embeddable":true,"href":"https:\/\/www.almargenweb.com.ar\/web\/wp-json\/wp\/v2\/tags?post=45414"}],"curies":[{"name":"wp","href":"https:\/\/api.w.org\/{rel}","templated":true}]}}