{"id":45372,"date":"2025-09-19T17:46:39","date_gmt":"2025-09-19T20:46:39","guid":{"rendered":"https:\/\/www.almargenweb.com.ar\/web\/?p=45372"},"modified":"2025-09-19T17:46:43","modified_gmt":"2025-09-19T20:46:43","slug":"congreso-de-coninagro-pullaro-reclamo-que-se-terminen-las-retenciones-al-campo","status":"publish","type":"post","link":"https:\/\/www.almargenweb.com.ar\/web\/congreso-de-coninagro-pullaro-reclamo-que-se-terminen-las-retenciones-al-campo\/","title":{"rendered":"Congreso de Coninagro: Pullaro reclam\u00f3 que &#8220;se terminen las retenciones al campo&#8221;"},"content":{"rendered":"\n<h2 class=\"wp-block-heading\">As\u00ed lo afirm\u00f3 el gobernador de Santa Fe al participar del 8\u00b0 Congreso Internacional de Coninagro, en Buenos Aires. Adem\u00e1s, se\u00f1al\u00f3 que \u201cuna Argentina distinta es posible con un desarrollo econ\u00f3mico que nos permita generar trabajo y crecimiento\u201d.<\/h2>\n\n\n\n<p>El gobernador de Santa Fe, Maximiliano Pullaro, particip\u00f3 del 8\u00b0 Congreso Internacional de la Confederaci\u00f3n Intercooperativa Agropecuaria (Coninagro) que bajo el lema \u201cLas Cooperativas, protagonistas del desarrollo argentino\u201d se desarroll\u00f3 este jueves en la Bolsa de Cereales de Buenos Aires.<\/p>\n\n\n\n<p>En ese marco, Pullaro volvi\u00f3 a reclamar que \u201cse terminen las retenciones al campo\u201d, porque asegur\u00f3 que \u201ccuando a nuestros productores les va bien, invierten en su campo, en tecnolog\u00eda, en maquinaria, apuestan al desarrollo local, fortalecen las econom\u00edas regionales y eso muestra la verdadera Argentina del interior productivo\u201d, por lo cual remarc\u00f3 que si no hubiese retenciones, \u201cesas inversiones ser\u00edan mucho mayores y pondr\u00edan al pa\u00eds en un lugar de crecimiento\u201d.&nbsp;<\/p>\n\n\n\n<p>Para el gobernador santafesino \u201cla mirada porte\u00f1oc\u00e9ntrica que gobierna al pa\u00eds hace al menos 30 a\u00f1os, hizo que las decisiones perjudiquen al interior productivo\u201d y no permitieron tener \u201cun debate sincero sobre el rol que debe tener el campo, el agro y como salir de las retenciones\u201d, asegur\u00f3.&nbsp;<\/p>\n\n\n\n<p><strong>Un pa\u00eds distinto sin volver atr\u00e1s<\/strong><\/p>\n\n\n\n<p>En otro tramo de su exposici\u00f3n, Pullaro se refiri\u00f3 al rechazo por parte de la C\u00e1mara de Diputados de la Naci\u00f3n a los vetos del presidente, Javier Milei, a la Ley de Financiamiento Universitario y la Ley de Emergencia pedi\u00e1trica, afirmando que se puso \u201csensatez a temas importantes\u201d, pero al mismo tiempo asegur\u00f3 que no existe una \u201calianza con el kirchnerismo\u201d pese a haber coincidido en la votaci\u00f3n, porque \u201cno tenemos nada que ver y entendemos que la sociedad argentina no quiere volver atr\u00e1s\u201d.&nbsp;<\/p>\n\n\n\n<p>\u201cPensamos igual a muchos gobernadores de provincias que pretenden cuidar y fortalecer al sistema productivo\u201d, sentenci\u00f3 Pullaro, quien reconoci\u00f3 que quienes conforman Provincias Unidas se unieron para \u201cpensar un programa de pa\u00eds distinto que cuide al sistema productivo y que nos permita tener una Argentina diferente\u201d, mostr\u00e1ndose convencido que la forma de salir adelante \u201cno es con recortes sino con desarrollo econ\u00f3mico para generar trabajo y crecimiento\u201d.&nbsp;&nbsp;<\/p>\n\n\n\n<p>Para el mandatario santafesino eso se lograr\u00e1 \u201cconstruyendo una salida al gobierno nacional de este momento pero sin tener que volver atr\u00e1s, sin tener que volver al kirchnerismo\u201d porque \u201csi se debate entre el populismo de derecha o de izquierda, vamos a seguir encerrados entre los extremos\u201d y por eso asegur\u00f3 que se debe construir \u201cuna agenda de gesti\u00f3n seria y sensata que pueda resolver los problemas de Argentina\u201d.<\/p>\n\n\n\n<p><strong>Un Estado virtuoso que invierta en infraestructura<\/strong><\/p>\n\n\n\n<p>Pullaro tambi\u00e9n plante\u00f3 el modelo de pa\u00eds que proponen quienes integran Provincias Unidas como \u201ccapitalista\u201d porque \u201ccreemos en un Estado virtuoso que tiene que acompa\u00f1ar el desarrollo econ\u00f3mico y que no desproteja a los m\u00e1s vulnerables\u201d y ejemplific\u00f3 lo hecho por su gesti\u00f3n ante los recortes del gobierno nacional: \u201cNos recortaron partidas de medicamentos, sin embargo a ning\u00fan santafesino le faltan medicamentos; nos recortaron alimentos, pero a ning\u00fan santafesino le faltan; recortaron subsidios al transporte y sin embargo el Boleto Educativo sigue estando\u201d. Enumer\u00f3 tambi\u00e9n las reparaciones en las rutas que ejecut\u00f3 Provincia, la inversi\u00f3n en desarrollo energ\u00e9tico con \u201cseis gasoductos para llegar con la energ\u00eda a las industrias, generar m\u00e1s empleo y bajar costos\u201d.&nbsp;<\/p>\n\n\n\n<p>Por \u00faltimo, el gobernador santafesino reconoci\u00f3 que no se puede pensar una \u201cArgentina que pretende ingresar al primer mundo si tenemos la infraestructura actual con el deterioro que presenta, sobre todo la vial y la energ\u00e9tica\u201d, a la vez que record\u00f3 el estado actual de las rutas nacionales que atraviesan el territorio provincial, defini\u00e9ndolo como \u201clamentable\u201d. En ese sentido, dijo entender que el Gobierno Nacional \u201cse debi\u00f3 haber hecho cargo e invertir\u201d, sin embargo, \u201ctermin\u00f3 comi\u00e9ndose un activo vial de alrededor de 8 mil millones de d\u00f3lares\u201d y lo contemplado en el Presupuesto 2026 \u201cno llega a corregir el abandono en infraestructura estos dos a\u00f1os\u201d.<\/p>\n<!-- AddThis Advanced Settings generic via filter on the_content --><!-- AddThis Share Buttons generic via filter on the_content -->","protected":false},"excerpt":{"rendered":"<p>As\u00ed lo afirm\u00f3 el gobernador de Santa Fe al participar del 8\u00b0 Congreso Internacional de Coninagro, [&hellip;]<!-- AddThis Advanced Settings generic via filter on get_the_excerpt --><!-- AddThis Share Buttons generic via filter on get_the_excerpt --><\/p>\n","protected":false},"author":17,"featured_media":45375,"comment_status":"closed","ping_status":"open","sticky":false,"template":"","format":"standard","meta":{"_seopress_robots_primary_cat":"none","_seopress_titles_title":"","_seopress_titles_desc":"","_seopress_robots_index":"","_themeisle_gutenberg_block_has_review":false,"footnotes":""},"categories":[866],"tags":[665,85,133],"class_list":["post-45372","post","type-post","status-publish","format-standard","has-post-thumbnail","hentry","category-produccion","tag-inversiones","tag-produccion","tag-retenciones"],"_links":{"self":[{"href":"https:\/\/www.almargenweb.com.ar\/web\/wp-json\/wp\/v2\/posts\/45372","targetHints":{"allow":["GET"]}}],"collection":[{"href":"https:\/\/www.almargenweb.com.ar\/web\/wp-json\/wp\/v2\/posts"}],"about":[{"href":"https:\/\/www.almargenweb.com.ar\/web\/wp-json\/wp\/v2\/types\/post"}],"author":[{"embeddable":true,"href":"https:\/\/www.almargenweb.com.ar\/web\/wp-json\/wp\/v2\/users\/17"}],"replies":[{"embeddable":true,"href":"https:\/\/www.almargenweb.com.ar\/web\/wp-json\/wp\/v2\/comments?post=45372"}],"version-history":[{"count":1,"href":"https:\/\/www.almargenweb.com.ar\/web\/wp-json\/wp\/v2\/posts\/45372\/revisions"}],"predecessor-version":[{"id":45376,"href":"https:\/\/www.almargenweb.com.ar\/web\/wp-json\/wp\/v2\/posts\/45372\/revisions\/45376"}],"wp:featuredmedia":[{"embeddable":true,"href":"https:\/\/www.almargenweb.com.ar\/web\/wp-json\/wp\/v2\/media\/45375"}],"wp:attachment":[{"href":"https:\/\/www.almargenweb.com.ar\/web\/wp-json\/wp\/v2\/media?parent=45372"}],"wp:term":[{"taxonomy":"category","embeddable":true,"href":"https:\/\/www.almargenweb.com.ar\/web\/wp-json\/wp\/v2\/categories?post=45372"},{"taxonomy":"post_tag","embeddable":true,"href":"https:\/\/www.almargenweb.com.ar\/web\/wp-json\/wp\/v2\/tags?post=45372"}],"curies":[{"name":"wp","href":"https:\/\/api.w.org\/{rel}","templated":true}]}}