{"id":45359,"date":"2025-09-16T18:04:29","date_gmt":"2025-09-16T21:04:29","guid":{"rendered":"https:\/\/www.almargenweb.com.ar\/web\/?p=45359"},"modified":"2025-09-16T18:04:33","modified_gmt":"2025-09-16T21:04:33","slug":"rodrigo-muller-el-balance-de-la-fiesta-fue-muy-positivo-demostramos-estar-a-la-altura-de-un-espectaculo-de-nivel-internacional","status":"publish","type":"post","link":"https:\/\/www.almargenweb.com.ar\/web\/rodrigo-muller-el-balance-de-la-fiesta-fue-muy-positivo-demostramos-estar-a-la-altura-de-un-espectaculo-de-nivel-internacional\/","title":{"rendered":"Rodrigo M\u00fcller: \u201cEl balance de la fiesta fue muy positivo, demostramos estar a la altura de un espect\u00e1culo de nivel internacional\u201d"},"content":{"rendered":"\n<h2 class=\"wp-block-heading\">El intendente, acompa\u00f1ado por secretarios del gabinete municipal, brind\u00f3 una conferencia de prensa sobre el balance de la 81\u00b0 Fiesta Nacional de la Agricultura.<\/h2>\n\n\n\n<p>El intendente de Esperanza, Rodrigo M\u00fcller, junto a las secretarias de Cultura y Educaci\u00f3n, Mar\u00eda Laura L\u00f3pez; de Ambiente y Servicios P\u00fablicos, Lorena Domig; de Innovaci\u00f3n y Desarrollo Econ\u00f3mico, Mar\u00eda Victoria Nagel; y el secretario de Control y Seguridad, C\u00e9sar Gioria, brindaron una conferencia de prensa sobre el balance de la 81\u00b0 Fiesta Nacional de la Agricultura.<\/p>\n\n\n\n<p>En primer lugar, M\u00fcller destac\u00f3 que \u201cel balance es muy positivo porque demostramos estar a la altura de un espect\u00e1culo de nivel internacional. Hac\u00eda mucho que Esperanza no recib\u00eda una propuesta art\u00edstica de esta magnitud, y se desarroll\u00f3 con total normalidad, con gran participaci\u00f3n de p\u00fablico tanto local como visitante\u201d.<\/p>\n\n\n\n<p>Tambi\u00e9n subray\u00f3 que la afluencia de turistas \u201cgenera movimiento econ\u00f3mico, promociona nuestra ciudad y trae recursos, todo en un marco de limpieza inmediata y seguridad para que los esperancinos y visitantes disfruten con tranquilidad\u201d.<\/p>\n\n\n\n<figure class=\"wp-block-image size-large\"><img loading=\"lazy\" decoding=\"async\" width=\"1024\" height=\"684\" src=\"https:\/\/www.almargenweb.com.ar\/web\/wp-content\/uploads\/2025\/09\/Autoridades-1024x684.jpg\" alt=\"\" class=\"wp-image-45363\" srcset=\"https:\/\/www.almargenweb.com.ar\/web\/wp-content\/uploads\/2025\/09\/Autoridades-1024x684.jpg 1024w, https:\/\/www.almargenweb.com.ar\/web\/wp-content\/uploads\/2025\/09\/Autoridades-300x200.jpg 300w, https:\/\/www.almargenweb.com.ar\/web\/wp-content\/uploads\/2025\/09\/Autoridades-768x513.jpg 768w, https:\/\/www.almargenweb.com.ar\/web\/wp-content\/uploads\/2025\/09\/Autoridades.jpg 1200w\" sizes=\"auto, (max-width: 1024px) 100vw, 1024px\" \/><\/figure>\n\n\n\n<p>\u201cEstamos satisfechos pero no nos quedamos con esto, porque tomamos en cuenta las sugerencias y sabemos que siempre se puede mejorar. Esa forma de trabajo, de escuchar y ajustar, es lo que nos distingue. Agradezco al equipo de gesti\u00f3n, a los secretarios y agentes municipales que hicieron posible este evento. Nos quedan dos a\u00f1os de gesti\u00f3n y vamos a seguir con la misma voluntad de cambio y transformaci\u00f3n, para mejorar la calidad de vida de todos\u201d, concluy\u00f3 M\u00fcller.<\/p>\n\n\n\n<p>La secretaria de Cultura y Educaci\u00f3n remarc\u00f3 que \u201cpensamos en que fuera una fiesta familiar, y la gente entendi\u00f3 ese concepto. No quer\u00edamos perder la esencia de una celebraci\u00f3n popular y cercana, donde todos puedan disfrutarla\u201d.<\/p>\n\n\n\n<p>En cuanto a la participaci\u00f3n de instituciones, destac\u00f3 la instalaci\u00f3n de 21 kioscos pertenecientes a entidades deportivas y educativas: \u201cEl balance es muy positivo porque todos vendieron muy bien, en ambos d\u00edas, lo que es un gran beneficio para ellos\u201d.<\/p>\n\n\n\n<figure class=\"wp-block-image size-large\"><img loading=\"lazy\" decoding=\"async\" width=\"1024\" height=\"683\" src=\"https:\/\/www.almargenweb.com.ar\/web\/wp-content\/uploads\/2025\/09\/Recital-1024x683.jpg\" alt=\"\" class=\"wp-image-45364\" srcset=\"https:\/\/www.almargenweb.com.ar\/web\/wp-content\/uploads\/2025\/09\/Recital-1024x683.jpg 1024w, https:\/\/www.almargenweb.com.ar\/web\/wp-content\/uploads\/2025\/09\/Recital-300x200.jpg 300w, https:\/\/www.almargenweb.com.ar\/web\/wp-content\/uploads\/2025\/09\/Recital-768x512.jpg 768w, https:\/\/www.almargenweb.com.ar\/web\/wp-content\/uploads\/2025\/09\/Recital.jpg 1200w\" sizes=\"auto, (max-width: 1024px) 100vw, 1024px\" \/><\/figure>\n\n\n\n<p>Gioria resalt\u00f3 que \u201cel s\u00e1bado hubo m\u00e1s de 35.000 personas en la plaza durante el show de La K\u2019onga, y el domingo otras 15.000 al cierre de Sergio Torres, sin contar la gran cantidad de vecinos y visitantes que circularon por toda la ciudad\u201d.<\/p>\n\n\n\n<p>Agradeci\u00f3 a la Polic\u00eda de la Unidad Regional XI, al sistema de salud y al centro de monitoreo \u201cporque fueron clave para que el operativo sea exitoso\u201d. Seg\u00fan detall\u00f3, entre ambos d\u00edas el sistema de salud atendi\u00f3 a 64 personas, de las cuales 16 fueron trasladadas a nosocomios locales. \u201cRecibimos muchas felicitaciones de los vecinos por el cerramiento de la plaza, que les gener\u00f3 una sensaci\u00f3n de mayor seguridad ante un evento tan masivo\u201d, agreg\u00f3.<\/p>\n\n\n\n<p>Mar\u00eda Victoria Nagel destac\u00f3 que se realizaron encuestas sobre gastronom\u00eda, espect\u00e1culos, organizaci\u00f3n, limpieza y seguridad, \u201ccon muy buenas evaluaciones, tanto de esperancinos como de turistas\u201d. Se\u00f1al\u00f3 adem\u00e1s que este a\u00f1o se registr\u00f3 un p\u00fablico m\u00e1s joven y un crecimiento en la llegada de visitantes de localidades y departamentos vecinos.<\/p>\n\n\n\n<p>\u201cSe duplic\u00f3 la cantidad de personas que pernoctaron en la ciudad, lo que tiene un impacto muy positivo en la econom\u00eda local. Tambi\u00e9n priorizamos a los emprendedores esperancinos dentro de las limitaciones y restricciones: mientras que el a\u00f1o pasado hubo 44 puestos de afuera, este a\u00f1o solo fueron 5\u201d, indic\u00f3.<\/p>\n\n\n\n<figure class=\"wp-block-image size-large\"><img loading=\"lazy\" decoding=\"async\" width=\"1024\" height=\"684\" src=\"https:\/\/www.almargenweb.com.ar\/web\/wp-content\/uploads\/2025\/09\/soberanas-1024x684.jpg\" alt=\"\" class=\"wp-image-45365\" srcset=\"https:\/\/www.almargenweb.com.ar\/web\/wp-content\/uploads\/2025\/09\/soberanas-1024x684.jpg 1024w, https:\/\/www.almargenweb.com.ar\/web\/wp-content\/uploads\/2025\/09\/soberanas-300x200.jpg 300w, https:\/\/www.almargenweb.com.ar\/web\/wp-content\/uploads\/2025\/09\/soberanas-768x513.jpg 768w, https:\/\/www.almargenweb.com.ar\/web\/wp-content\/uploads\/2025\/09\/soberanas.jpg 1200w\" sizes=\"auto, (max-width: 1024px) 100vw, 1024px\" \/><\/figure>\n\n\n\n<p>Por \u00faltimo, la secretaria de Ambiente y Servicios P\u00fablicos destac\u00f3 el trabajo de los empleados municipal ya que \u201capenas termin\u00f3 el espect\u00e1culo del s\u00e1bado, ya estaba todo el personal trabajando. El domingo a la ma\u00f1ana la plaza estaba en condiciones, y en la madrugada del lunes comenz\u00f3 el operativo final para que hoy mismo la plaza luzca como el viernes previo a la fiesta\u201d.<a href=\"https:\/\/esperanza.gob.ar\/#facebook\" target=\"_blank\" rel=\"noreferrer noopener\"><\/a><\/p>\n<!-- AddThis Advanced Settings generic via filter on the_content --><!-- AddThis Share Buttons generic via filter on the_content -->","protected":false},"excerpt":{"rendered":"<p>El intendente, acompa\u00f1ado por secretarios del gabinete municipal, brind\u00f3 una conferencia de prensa sobre el balance [&hellip;]<!-- AddThis Advanced Settings generic via filter on get_the_excerpt --><!-- AddThis Share Buttons generic via filter on get_the_excerpt --><\/p>\n","protected":false},"author":17,"featured_media":45362,"comment_status":"closed","ping_status":"open","sticky":false,"template":"","format":"standard","meta":{"_seopress_robots_primary_cat":"none","_seopress_titles_title":"","_seopress_titles_desc":"","_seopress_robots_index":"","_themeisle_gutenberg_block_has_review":false,"footnotes":""},"categories":[47],"tags":[1068,44,1110,592],"class_list":["post-45359","post","type-post","status-publish","format-standard","has-post-thumbnail","hentry","category-locales","tag-agricultura","tag-esperanza","tag-fiestas","tag-las-colonias"],"_links":{"self":[{"href":"https:\/\/www.almargenweb.com.ar\/web\/wp-json\/wp\/v2\/posts\/45359","targetHints":{"allow":["GET"]}}],"collection":[{"href":"https:\/\/www.almargenweb.com.ar\/web\/wp-json\/wp\/v2\/posts"}],"about":[{"href":"https:\/\/www.almargenweb.com.ar\/web\/wp-json\/wp\/v2\/types\/post"}],"author":[{"embeddable":true,"href":"https:\/\/www.almargenweb.com.ar\/web\/wp-json\/wp\/v2\/users\/17"}],"replies":[{"embeddable":true,"href":"https:\/\/www.almargenweb.com.ar\/web\/wp-json\/wp\/v2\/comments?post=45359"}],"version-history":[{"count":1,"href":"https:\/\/www.almargenweb.com.ar\/web\/wp-json\/wp\/v2\/posts\/45359\/revisions"}],"predecessor-version":[{"id":45366,"href":"https:\/\/www.almargenweb.com.ar\/web\/wp-json\/wp\/v2\/posts\/45359\/revisions\/45366"}],"wp:featuredmedia":[{"embeddable":true,"href":"https:\/\/www.almargenweb.com.ar\/web\/wp-json\/wp\/v2\/media\/45362"}],"wp:attachment":[{"href":"https:\/\/www.almargenweb.com.ar\/web\/wp-json\/wp\/v2\/media?parent=45359"}],"wp:term":[{"taxonomy":"category","embeddable":true,"href":"https:\/\/www.almargenweb.com.ar\/web\/wp-json\/wp\/v2\/categories?post=45359"},{"taxonomy":"post_tag","embeddable":true,"href":"https:\/\/www.almargenweb.com.ar\/web\/wp-json\/wp\/v2\/tags?post=45359"}],"curies":[{"name":"wp","href":"https:\/\/api.w.org\/{rel}","templated":true}]}}