{"id":45347,"date":"2025-09-11T16:33:40","date_gmt":"2025-09-11T19:33:40","guid":{"rendered":"https:\/\/www.almargenweb.com.ar\/web\/?p=45347"},"modified":"2025-09-11T16:33:43","modified_gmt":"2025-09-11T19:33:43","slug":"pullaro-sobre-la-nueva-constitucion-lo-mas-valorable-de-este-proceso-fue-el-dialogo-el-debate-profundo-y-los-consensos-logrados","status":"publish","type":"post","link":"https:\/\/www.almargenweb.com.ar\/web\/pullaro-sobre-la-nueva-constitucion-lo-mas-valorable-de-este-proceso-fue-el-dialogo-el-debate-profundo-y-los-consensos-logrados\/","title":{"rendered":"Pullaro sobre la nueva Constituci\u00f3n: \u201cLo m\u00e1s valorable de este proceso fue el di\u00e1logo, el debate profundo y los consensos logrados\u201d"},"content":{"rendered":"\n<h2 class=\"wp-block-heading\">Lo sostuvo el gobernador al finalizar la \u00faltima sesi\u00f3n de la Convenci\u00f3n Reformadora. Subray\u00f3 que el nuevo texto \u201ces de vanguardia\u201d y \u201cubica a Santa Fe en un lugar distinto en la Argentina\u201d.<\/h2>\n\n\n\n<p>El gobernador Maximiliano Pullaro se refiri\u00f3 este mi\u00e9rcoles al cierre de la Convenci\u00f3n Reformadora de la Constituci\u00f3n de Santa Fe, que concluy\u00f3 con la aprobaci\u00f3n del texto final. Durante el proceso, el mandatario se desempe\u00f1\u00f3 como convencional constituyente, elegido en abril pasado.<\/p>\n\n\n\n<p>\u201cSiento un profundo honor de haber sido parte de esta Generaci\u00f3n del \u201825, que logr\u00f3 construir los consensos para alcanzar una ley que hac\u00eda 63 a\u00f1os no se daba, que era la necesidad de la reforma\u201d, se\u00f1al\u00f3. En di\u00e1logo con la prensa tras la aprobaci\u00f3n del texto, agradeci\u00f3 \u201ca todos los bloques legislativos que acompa\u00f1aron la iniciativa y el debate profundo\u201d, y record\u00f3 que el proceso incluy\u00f3 una elecci\u00f3n en la que se conformaron mayor\u00edas y minor\u00edas, para luego transitar \u201c58 d\u00edas que hoy nos permiten haber terminado una nueva Constituci\u00f3n\u201d.<\/p>\n\n\n\n<p>Pullaro valor\u00f3 que \u201ctenemos una Constituci\u00f3n de avanzada, que nos ubica en un lugar diferente en la Rep\u00fablica Argentina, que nos muestra que hemos logrado mucho consenso\u201d.&nbsp;<\/p>\n\n\n\n<p>Seg\u00fan precis\u00f3, \u201cel 93 % de los art\u00edculos han salido con m\u00e1s del 67 % de los votos, otros con m\u00e1s votos a\u00fan\u201d. Y a\u00f1adi\u00f3: \u201cEsto demuestra que en Santa Fe somos distintos. Tenemos diferencias, pero podemos dialogar, escucharnos y, desde ese lugar, construir algo grande\u201d.<\/p>\n\n\n\n<figure class=\"wp-block-image size-large\"><img loading=\"lazy\" decoding=\"async\" width=\"1024\" height=\"683\" src=\"https:\/\/www.almargenweb.com.ar\/web\/wp-content\/uploads\/2025\/09\/2025-09-11NID_284052O_2-1024x683.jpeg\" alt=\"\" class=\"wp-image-45350\" srcset=\"https:\/\/www.almargenweb.com.ar\/web\/wp-content\/uploads\/2025\/09\/2025-09-11NID_284052O_2-1024x683.jpeg 1024w, https:\/\/www.almargenweb.com.ar\/web\/wp-content\/uploads\/2025\/09\/2025-09-11NID_284052O_2-300x200.jpeg 300w, https:\/\/www.almargenweb.com.ar\/web\/wp-content\/uploads\/2025\/09\/2025-09-11NID_284052O_2-768x512.jpeg 768w, https:\/\/www.almargenweb.com.ar\/web\/wp-content\/uploads\/2025\/09\/2025-09-11NID_284052O_2.jpeg 1200w\" sizes=\"auto, (max-width: 1024px) 100vw, 1024px\" \/><\/figure>\n\n\n\n<p><strong>Fin a los privilegios<\/strong><\/p>\n\n\n\n<p>El mandatario sostuvo que la nueva Constituci\u00f3n \u201ctermina con muchos privilegios que ten\u00eda la pol\u00edtica, pone al equilibrio fiscal como valor fundamental y convierte en norma constitucional la Ficha Limpia, que antes era solo una ley\u201d. Para Pullaro, se trata de logros alcanzados \u201ccon mucho di\u00e1logo\u201d, lo que genera \u201cuna gran satisfacci\u00f3n\u201d.<\/p>\n\n\n\n<p>Asimismo, explic\u00f3 que \u201ctenemos una nueva organizaci\u00f3n en la provincia, hasta tenemos un nuevo poder, que es el Ministerio P\u00fablico, donde va a estar el Ministerio P\u00fablico Fiscal y el Ministerio P\u00fablico de la Defensa. Tenemos una justicia que va a ser m\u00e1s moderna porque tiene otras reglas de juego. Tenemos un Poder Ejecutivo que tiene menos poder. Esto no es normal en la Rep\u00fablica Argentina, hoy hemos avanzado mucho\u201d.<\/p>\n\n\n\n<p>En ese sentido, remarc\u00f3: \u201cSiento que podemos mostrarle a toda la Argentina que en Santa Fe somos distintos, somos diferentes y que tenemos una buena Constituci\u00f3n\u201d.<\/p>\n\n\n\n<p>Pullaro concluy\u00f3 con un mensaje de unidad: \u201cLo que quiero destacar de este proceso es el di\u00e1logo. Escuchamos, cedimos, tuvimos mucha vocaci\u00f3n democr\u00e1tica y logramos el consenso. Lo m\u00e1s valorable de este proceso es el di\u00e1logo, el debate profundo y el consenso que hemos logrado en esta Constituci\u00f3n\u201d.<\/p>\n<!-- AddThis Advanced Settings generic via filter on the_content --><!-- AddThis Share Buttons generic via filter on the_content -->","protected":false},"excerpt":{"rendered":"<p>Lo sostuvo el gobernador al finalizar la \u00faltima sesi\u00f3n de la Convenci\u00f3n Reformadora. Subray\u00f3 que el [&hellip;]<!-- AddThis Advanced Settings generic via filter on get_the_excerpt --><!-- AddThis Share Buttons generic via filter on get_the_excerpt --><\/p>\n","protected":false},"author":17,"featured_media":45351,"comment_status":"closed","ping_status":"open","sticky":false,"template":"","format":"standard","meta":{"_seopress_robots_primary_cat":"none","_seopress_titles_title":"","_seopress_titles_desc":"","_seopress_robots_index":"","_themeisle_gutenberg_block_has_review":false,"footnotes":""},"categories":[9,48],"tags":[1107,1019,595,71],"class_list":["post-45347","post","type-post","status-publish","format-standard","has-post-thumbnail","hentry","category-politica","category-provinciales","tag-convencion-reformadora","tag-convencionales-constituyentes","tag-maximiliano-pullaro","tag-santa-fe"],"_links":{"self":[{"href":"https:\/\/www.almargenweb.com.ar\/web\/wp-json\/wp\/v2\/posts\/45347","targetHints":{"allow":["GET"]}}],"collection":[{"href":"https:\/\/www.almargenweb.com.ar\/web\/wp-json\/wp\/v2\/posts"}],"about":[{"href":"https:\/\/www.almargenweb.com.ar\/web\/wp-json\/wp\/v2\/types\/post"}],"author":[{"embeddable":true,"href":"https:\/\/www.almargenweb.com.ar\/web\/wp-json\/wp\/v2\/users\/17"}],"replies":[{"embeddable":true,"href":"https:\/\/www.almargenweb.com.ar\/web\/wp-json\/wp\/v2\/comments?post=45347"}],"version-history":[{"count":1,"href":"https:\/\/www.almargenweb.com.ar\/web\/wp-json\/wp\/v2\/posts\/45347\/revisions"}],"predecessor-version":[{"id":45352,"href":"https:\/\/www.almargenweb.com.ar\/web\/wp-json\/wp\/v2\/posts\/45347\/revisions\/45352"}],"wp:featuredmedia":[{"embeddable":true,"href":"https:\/\/www.almargenweb.com.ar\/web\/wp-json\/wp\/v2\/media\/45351"}],"wp:attachment":[{"href":"https:\/\/www.almargenweb.com.ar\/web\/wp-json\/wp\/v2\/media?parent=45347"}],"wp:term":[{"taxonomy":"category","embeddable":true,"href":"https:\/\/www.almargenweb.com.ar\/web\/wp-json\/wp\/v2\/categories?post=45347"},{"taxonomy":"post_tag","embeddable":true,"href":"https:\/\/www.almargenweb.com.ar\/web\/wp-json\/wp\/v2\/tags?post=45347"}],"curies":[{"name":"wp","href":"https:\/\/api.w.org\/{rel}","templated":true}]}}