{"id":45335,"date":"2025-09-08T19:44:24","date_gmt":"2025-09-08T22:44:24","guid":{"rendered":"https:\/\/www.almargenweb.com.ar\/web\/?p=45335"},"modified":"2025-09-08T19:44:28","modified_gmt":"2025-09-08T22:44:28","slug":"81-fiesta-nacional-de-la-agricultura-el-municipio-habilitara-un-sector-de-sillas-para-personas-con-discapacidad-y-o-movilidad-reducida","status":"publish","type":"post","link":"https:\/\/www.almargenweb.com.ar\/web\/81-fiesta-nacional-de-la-agricultura-el-municipio-habilitara-un-sector-de-sillas-para-personas-con-discapacidad-y-o-movilidad-reducida\/","title":{"rendered":"81\u00b0 Fiesta Nacional de la Agricultura: el municipio habilitar\u00e1 un sector de sillas para personas con discapacidad y\/o movilidad reducida"},"content":{"rendered":"\n<h2 class=\"wp-block-heading\">El espacio asignado tiene cupo limitado, y estar\u00e1 reservado para tal fin el d\u00eda s\u00e1bado 13, de 19 a 20:30 horas, y el domingo 14, de 18 a 19:30 horas.<\/h2>\n\n\n\n<p><a href=\"https:\/\/esperanza.gob.ar\/#facebook\" target=\"_blank\" rel=\"noreferrer noopener\"><\/a>La Municipalidad de Esperanza, a trav\u00e9s de la Secretar\u00eda de Desarrollo Humano informa que, como todos los a\u00f1os, para la 81\u00b0 Fiesta Nacional de la Agricultura habr\u00e1 un sector de sillas disponible para las personas con discapacidad y\/o movilidad reducida.<\/p>\n\n\n\n<p>El espacio asignado tiene cupo limitado, y estar\u00e1 reservado para tal fin el d\u00eda s\u00e1bado 13 de 19 a 20:30 horas y el domingo 14, de 18 a 19:30 horas. Transcurrido ese tiempo, las sillas ser\u00e1n liberadas al p\u00fablico en general.<br>El ingreso al sector estar\u00e1 ubicado sobre calle Sarmiento, al noroeste del escenario principal.<\/p>\n\n\n\n<p><strong>CRONOGRAMA<br><\/strong>La 81\u00b0 Fiesta Nacional de la Agricultura se llevar\u00e1 a cabo en Plaza San Mart\u00edn, los d\u00edas 13 y 14 de septiembre. A continuaci\u00f3n, compartimos el cronograma:<br>S\u00e1bado 13<br>18:00 hs. Recepci\u00f3n de autoridades en Intendencia<br>19:00 hs. Acto protocolar. Distinciones a Sociedad Rural de las Colonias e Inmigrantes.<br>Presentaci\u00f3n de Reinas, Princesas, Embajadora y Postulantes.<br>\u201cChispazos de Tradici\u00f3n\u201d -Ballet Esencia.<br>\u201cGrupo Fusi\u00f3n\u201d -Sol Gym.<br>\u201cMe Ver\u00e1s Volar\u201d -Banda Verde Musgo<br>\u201cRadiogaga\u201d, Medley electro pop \u2013 Grupo Yoka.<br>Coronaci\u00f3n nueva Soberana y Princesas de la 81\u00ba Fiesta Nacional de la Agricultura.<br>Coronaci\u00f3n nueva Embajadora de la 81\u00ba Fiesta Nacional de la Agricultura.<br>Show musical de La K\u00b4onga<\/p>\n\n\n\n<p>Domingo 14<br>18:00 hs. Actuaci\u00f3n de \u201cSin Morlakos\u201d<br>\u201cTradici\u00f3n en Movimiento\u201d -Danzas Folkl\u00f3ricas Argentinas<br>del liceo Municipal \u201cJos\u00e9 Pedroni\u201d.<br>\u201cRenacer de Mi Tierra\u201d -Ballet de Danza Cl\u00e1sica<br>del Liceo Municipal \u201cJos\u00e9 Pedroni\u201d.<br>\u201cAll\u00e1 en Mi Pueblo\u201d -Danza Contempor\u00e1nea<br>del Liceo Municipal \u201cJos\u00e9 Pedroni\u201d.<br>\u201cA\u00f1oranza\u201d -Pareja de Baile del Grupo Yachay.<br>Elecci\u00f3n del Deportista del A\u00f1o \u201cMedalla de Oro 2025\u201d.<br>\u201cMadre Tierra\u201d -Ballet La Baguala.<br>\u201cK-pop\u201d Grupo Starlight -Escuela Arte en Movimiento.<br>\u201cHuella de Una Voz Eterna\u201d -Taller Cultural Municipal<br>de Folclore El Algarrobal.<br>\u201cCrisol de Razas, un Largo Camino a Casa\u201d -Academia Luluat.<br>Actuaci\u00f3n de \u201cMaroma Show\u201d.<br>Show musical de Sergio Torres.<\/p>\n\n\n\n<p><strong>MEDIDAS DE SEGURIDAD<br><\/strong>La entrada al evento es libre y gratuita y para que todos disfruten de ambas jornadas, desde el municipio informaron sobre los elementos permitidos y no permitidos:<br>Elementos no permitidos: bebidas, pirot\u00e9cnica, objetos cortantes o punzantes, objetos de vidrio y conservadoras.<br>Elementos permitidos: celulares, ri\u00f1oneras, mochilas, bandoleras o carteras que puedan examinarse, equipo de mate, botellas vac\u00edas de pl\u00e1stico.<\/p>\n<!-- AddThis Advanced Settings generic via filter on the_content --><!-- AddThis Share Buttons generic via filter on the_content -->","protected":false},"excerpt":{"rendered":"<p>El espacio asignado tiene cupo limitado, y estar\u00e1 reservado para tal fin el d\u00eda s\u00e1bado 13, [&hellip;]<!-- AddThis Advanced Settings generic via filter on get_the_excerpt --><!-- AddThis Share Buttons generic via filter on get_the_excerpt --><\/p>\n","protected":false},"author":17,"featured_media":45338,"comment_status":"closed","ping_status":"open","sticky":false,"template":"","format":"standard","meta":{"_seopress_robots_primary_cat":"none","_seopress_titles_title":"","_seopress_titles_desc":"","_seopress_robots_index":"","_themeisle_gutenberg_block_has_review":false,"footnotes":""},"categories":[3,28],"tags":[44,1103,592,121],"class_list":["post-45335","post","type-post","status-publish","format-standard","has-post-thumbnail","hentry","category-cultura","category-fiestas","tag-esperanza","tag-fiesta-de-la-agricultura","tag-las-colonias","tag-rodrigo-muller"],"_links":{"self":[{"href":"https:\/\/www.almargenweb.com.ar\/web\/wp-json\/wp\/v2\/posts\/45335","targetHints":{"allow":["GET"]}}],"collection":[{"href":"https:\/\/www.almargenweb.com.ar\/web\/wp-json\/wp\/v2\/posts"}],"about":[{"href":"https:\/\/www.almargenweb.com.ar\/web\/wp-json\/wp\/v2\/types\/post"}],"author":[{"embeddable":true,"href":"https:\/\/www.almargenweb.com.ar\/web\/wp-json\/wp\/v2\/users\/17"}],"replies":[{"embeddable":true,"href":"https:\/\/www.almargenweb.com.ar\/web\/wp-json\/wp\/v2\/comments?post=45335"}],"version-history":[{"count":1,"href":"https:\/\/www.almargenweb.com.ar\/web\/wp-json\/wp\/v2\/posts\/45335\/revisions"}],"predecessor-version":[{"id":45339,"href":"https:\/\/www.almargenweb.com.ar\/web\/wp-json\/wp\/v2\/posts\/45335\/revisions\/45339"}],"wp:featuredmedia":[{"embeddable":true,"href":"https:\/\/www.almargenweb.com.ar\/web\/wp-json\/wp\/v2\/media\/45338"}],"wp:attachment":[{"href":"https:\/\/www.almargenweb.com.ar\/web\/wp-json\/wp\/v2\/media?parent=45335"}],"wp:term":[{"taxonomy":"category","embeddable":true,"href":"https:\/\/www.almargenweb.com.ar\/web\/wp-json\/wp\/v2\/categories?post=45335"},{"taxonomy":"post_tag","embeddable":true,"href":"https:\/\/www.almargenweb.com.ar\/web\/wp-json\/wp\/v2\/tags?post=45335"}],"curies":[{"name":"wp","href":"https:\/\/api.w.org\/{rel}","templated":true}]}}