{"id":45319,"date":"2025-09-04T16:29:06","date_gmt":"2025-09-04T19:29:06","guid":{"rendered":"https:\/\/www.almargenweb.com.ar\/web\/?p=45319"},"modified":"2025-09-04T16:29:09","modified_gmt":"2025-09-04T19:29:09","slug":"81-fiesta-nacional-de-la-agricultura-presentaron-el-cronograma-y-las-medidas-de-seguridad","status":"publish","type":"post","link":"https:\/\/www.almargenweb.com.ar\/web\/81-fiesta-nacional-de-la-agricultura-presentaron-el-cronograma-y-las-medidas-de-seguridad\/","title":{"rendered":"81\u00b0 Fiesta Nacional de la Agricultura: Presentaron el cronograma y las medidas de seguridad"},"content":{"rendered":"\n<h2 class=\"wp-block-heading\">\u201cSer\u00e1 una fiesta especial y queremos que todos la puedan disfrutar\u201d, dijo el intendente Rodrigo M\u00fcller.<\/h2>\n\n\n\n<p><a href=\"https:\/\/esperanza.gob.ar\/#facebook\" target=\"_blank\" rel=\"noreferrer noopener\"><\/a>El intendente de Esperanza, Rodrigo M\u00fcller, acompa\u00f1ado por la secretaria de Cultura y Educaci\u00f3n, Mar\u00eda Laura L\u00f3pez, el secretario de Control y Seguridad, C\u00e9sar Gioria, y el jefe de la Unidad Regional XI, Rodrigo Villalba, brindaron este martes una conferencia de prensa anunciando el cronograma y las medidas de seguridad para la 81\u00b0 Fiesta Nacional de la Agricultura.<\/p>\n\n\n\n<p><br>En primer lugar, el intendente remarc\u00f3 \u201cel trabajo que se viene realizando desde todas las secretar\u00edas municipales en conjunto con el gobierno provincial, la Polic\u00eda y otras instituciones con el objetivo de estar preparados para un evento de tal magnitud\u201d.<\/p>\n\n\n\n<figure class=\"wp-block-image size-large\"><img loading=\"lazy\" decoding=\"async\" width=\"1024\" height=\"683\" src=\"https:\/\/www.almargenweb.com.ar\/web\/wp-content\/uploads\/2025\/09\/conferenciaFA2-1536x1024-1-1024x683.jpg\" alt=\"\" class=\"wp-image-45322\" srcset=\"https:\/\/www.almargenweb.com.ar\/web\/wp-content\/uploads\/2025\/09\/conferenciaFA2-1536x1024-1-1024x683.jpg 1024w, https:\/\/www.almargenweb.com.ar\/web\/wp-content\/uploads\/2025\/09\/conferenciaFA2-1536x1024-1-300x200.jpg 300w, https:\/\/www.almargenweb.com.ar\/web\/wp-content\/uploads\/2025\/09\/conferenciaFA2-1536x1024-1-768x512.jpg 768w, https:\/\/www.almargenweb.com.ar\/web\/wp-content\/uploads\/2025\/09\/conferenciaFA2-1536x1024-1.jpg 1200w\" sizes=\"auto, (max-width: 1024px) 100vw, 1024px\" \/><\/figure>\n\n\n\n<p>\u201cSer\u00e1 una fiesta muy especial, no solo porque es nuestra fiesta, sino por la calidad de los artistas y el gran aforo que se espera, y queremos que todos la puedan disfrutar\u201d, agreg\u00f3 M\u00fcller.<\/p>\n\n\n\n<p><br>Por \u00faltimo, indic\u00f3 que \u201cesta fiesta es una oportunidad para mostrar lo que somos como comunidad, nuestra cultura y nuestra identidad, y tambi\u00e9n para recibir a quienes nos visitan con la calidez que caracteriza a Esperanza. Estoy convencido de que ser\u00e1 un fin de semana inolvidable\u201d.<\/p>\n\n\n\n<p><br>A su turno, Gioria explic\u00f3 que \u201centre los distintos actores consensuamos un operativo que nos permita estar a la altura de este evento que convocar\u00e1 a todos los esperancinos y a visitantes de la regi\u00f3n\u201d.<\/p>\n\n\n\n<p><br>Entre otros aspectos, el secretario describi\u00f3 que \u201cpara el s\u00e1bado solo habr\u00e1 cuatro puntos de acceso a la plaza, en los cuales, con colaboraci\u00f3n policial, se realizar\u00e1n chequeos preventivos para evitar el ingreso de elementos de vidrio, entre otros\u201d.<\/p>\n\n\n\n<figure class=\"wp-block-image size-full\"><img loading=\"lazy\" decoding=\"async\" width=\"576\" height=\"812\" src=\"https:\/\/www.almargenweb.com.ar\/web\/wp-content\/uploads\/2025\/09\/Plano-plaza.jpg\" alt=\"\" class=\"wp-image-45324\" srcset=\"https:\/\/www.almargenweb.com.ar\/web\/wp-content\/uploads\/2025\/09\/Plano-plaza.jpg 576w, https:\/\/www.almargenweb.com.ar\/web\/wp-content\/uploads\/2025\/09\/Plano-plaza-213x300.jpg 213w\" sizes=\"auto, (max-width: 576px) 100vw, 576px\" \/><\/figure>\n\n\n\n<p>\u201cEn la primera noche la venta de bebidas alcoh\u00f3licas estar\u00e1 permitida hasta las 2 de la madrugada del domingo, mientras que en la segunda jornada ser\u00e1 hasta las 23 horas\u201d, a\u00f1adi\u00f3.<\/p>\n\n\n\n<p><br>Por otro lado, Gioria mencion\u00f3 que \u201chabr\u00e1 puntos de hidrataci\u00f3n y de encuentro para personas perdidas en la plaza\u201d y que \u201clos colectivos que lleguen a la ciudad bajar\u00e1n en la terminal y luego se trasladar\u00e1n al predio del exferrocarril hasta que termine la fiesta, donde volver\u00e1n a buscar a los pasajeros a la terminal\u201d.<\/p>\n\n\n\n<p><br>Del mismo modo, Villalba indic\u00f3 que \u201ctrabajamos con el objetivo de brindar un servicio acorde a la magnitud de la fiesta sin descuidar lo que corresponde a la seguridad normal en la ciudad\u201d.<\/p>\n\n\n\n<p><br>En ese sentido, detall\u00f3 que \u201cse hizo un an\u00e1lisis del posible aforo para cada d\u00eda y en base a eso se realiz\u00f3 un c\u00e1lculo de efectivos para brindar un servicio acorde. Determinamos m\u00e1s de 100 efectivos para el s\u00e1bado y la mitad para el domingo, entre los que incluimos personal de la Unidad Regional XI con el acompa\u00f1amiento de la Guardia Provincial, realizando controles en ruta en cuatro puntos de acceso y personal de la Polic\u00eda de Acci\u00f3n T\u00e1ctica y Bomberos Zapadores en la plaza\u201d.<\/p>\n\n\n\n<p><br><strong>MEDIDAS DE SEGURIDAD<br><\/strong>Elementos no permitidos: bebidas, pirot\u00e9cnica, objetos cortantes o punzantes, objetos de vidrio y conservadoras.<br>Elementos permitidos: celulares, ri\u00f1oneras, mochilas, bandoleras o carteras que puedan examinarse, botellas vac\u00edas de pl\u00e1stico.<\/p>\n\n\n\n<p><strong>GRILLA DE ESPECT\u00c1CULOS<br><\/strong>Mar\u00eda Laura L\u00f3pez inform\u00f3 el cronograma de ambas jornadas del evento: \u201crecibimos m\u00e1s de 260 propuestas de artistas que quer\u00edan formar parte de la fiesta. En base a eso hicimos una elecci\u00f3n, principalmente de artistas locales para el d\u00eda domingo y de propuestas espec\u00edficas para el s\u00e1bado\u201d.<\/p>\n\n\n\n<p>Luego, agradeci\u00f3 \u201cel trabajo en equipo entre todas las secretar\u00edas con el objetivo de que todos los esperancinos y los visitantes de otras localidades puedan vivir este gran acontecimiento cultural\u201d.<\/p>\n\n\n\n<figure class=\"wp-block-image size-full\"><img loading=\"lazy\" decoding=\"async\" width=\"580\" height=\"814\" src=\"https:\/\/www.almargenweb.com.ar\/web\/wp-content\/uploads\/2025\/09\/Grilla.jpg\" alt=\"\" class=\"wp-image-45325\" srcset=\"https:\/\/www.almargenweb.com.ar\/web\/wp-content\/uploads\/2025\/09\/Grilla.jpg 580w, https:\/\/www.almargenweb.com.ar\/web\/wp-content\/uploads\/2025\/09\/Grilla-214x300.jpg 214w\" sizes=\"auto, (max-width: 580px) 100vw, 580px\" \/><\/figure>\n<!-- AddThis Advanced Settings generic via filter on the_content --><!-- AddThis Share Buttons generic via filter on the_content -->","protected":false},"excerpt":{"rendered":"<p>\u201cSer\u00e1 una fiesta especial y queremos que todos la puedan disfrutar\u201d, dijo el intendente Rodrigo M\u00fcller. [&hellip;]<!-- AddThis Advanced Settings generic via filter on get_the_excerpt --><!-- AddThis Share Buttons generic via filter on get_the_excerpt --><\/p>\n","protected":false},"author":17,"featured_media":45323,"comment_status":"closed","ping_status":"open","sticky":false,"template":"","format":"standard","meta":{"_seopress_robots_primary_cat":"none","_seopress_titles_title":"","_seopress_titles_desc":"","_seopress_robots_index":"","_themeisle_gutenberg_block_has_review":false,"footnotes":""},"categories":[2,3,28,47],"tags":[909,55,592,121],"class_list":["post-45319","post","type-post","status-publish","format-standard","has-post-thumbnail","hentry","category-actualidad","category-cultura","category-fiestas","category-locales","tag-fiesta-nacional-de-la-agricultura","tag-jimena-senn","tag-las-colonias","tag-rodrigo-muller"],"_links":{"self":[{"href":"https:\/\/www.almargenweb.com.ar\/web\/wp-json\/wp\/v2\/posts\/45319","targetHints":{"allow":["GET"]}}],"collection":[{"href":"https:\/\/www.almargenweb.com.ar\/web\/wp-json\/wp\/v2\/posts"}],"about":[{"href":"https:\/\/www.almargenweb.com.ar\/web\/wp-json\/wp\/v2\/types\/post"}],"author":[{"embeddable":true,"href":"https:\/\/www.almargenweb.com.ar\/web\/wp-json\/wp\/v2\/users\/17"}],"replies":[{"embeddable":true,"href":"https:\/\/www.almargenweb.com.ar\/web\/wp-json\/wp\/v2\/comments?post=45319"}],"version-history":[{"count":1,"href":"https:\/\/www.almargenweb.com.ar\/web\/wp-json\/wp\/v2\/posts\/45319\/revisions"}],"predecessor-version":[{"id":45326,"href":"https:\/\/www.almargenweb.com.ar\/web\/wp-json\/wp\/v2\/posts\/45319\/revisions\/45326"}],"wp:featuredmedia":[{"embeddable":true,"href":"https:\/\/www.almargenweb.com.ar\/web\/wp-json\/wp\/v2\/media\/45323"}],"wp:attachment":[{"href":"https:\/\/www.almargenweb.com.ar\/web\/wp-json\/wp\/v2\/media?parent=45319"}],"wp:term":[{"taxonomy":"category","embeddable":true,"href":"https:\/\/www.almargenweb.com.ar\/web\/wp-json\/wp\/v2\/categories?post=45319"},{"taxonomy":"post_tag","embeddable":true,"href":"https:\/\/www.almargenweb.com.ar\/web\/wp-json\/wp\/v2\/tags?post=45319"}],"curies":[{"name":"wp","href":"https:\/\/api.w.org\/{rel}","templated":true}]}}