{"id":45196,"date":"2025-07-30T18:33:46","date_gmt":"2025-07-30T21:33:46","guid":{"rendered":"https:\/\/www.almargenweb.com.ar\/web\/?p=45196"},"modified":"2025-07-30T18:33:50","modified_gmt":"2025-07-30T21:33:50","slug":"la-municipalidad-de-esperanza-incorporo-un-alcoholimetro-de-ultima-generacion-para-reforzar-los-controles-de-transito","status":"publish","type":"post","link":"https:\/\/www.almargenweb.com.ar\/web\/la-municipalidad-de-esperanza-incorporo-un-alcoholimetro-de-ultima-generacion-para-reforzar-los-controles-de-transito\/","title":{"rendered":"La Municipalidad de Esperanza incorpor\u00f3 un alcohol\u00edmetro de \u00faltima generaci\u00f3n para reforzar los controles de tr\u00e1nsito"},"content":{"rendered":"\n<h2 class=\"wp-block-heading\">Fue entregado en comodato por la Agencia Provincial de Seguridad Vial (APSV) y se utilizar\u00e1 para profundizar las tareas de control y prevenci\u00f3n en la ciudad.<\/h2>\n\n\n\n<p><a href=\"https:\/\/esperanzaciudad.online\/#facebook\" target=\"_blank\" rel=\"noreferrer noopener\"><\/a>La Municipalidad de Esperanza, a trav\u00e9s de la Secretar\u00eda de Control y Seguridad, sum\u00f3 un nuevo alcohol\u00edmetro de \u00faltima generaci\u00f3n, marca Dr\u00e4ger, que fue cedido en comodato por la Agencia Provincial de Seguridad Vial (APSV), y ser\u00e1 utilizado para detectar de manera m\u00e1s eficiente a conductores que circulen bajo los efectos del alcohol.<\/p>\n\n\n\n<p>El intendente Rodrigo M\u00fcller firm\u00f3 el acuerdo en una reuni\u00f3n realizada en la ciudad de Santa Fe, de la que tambi\u00e9n particip\u00f3 el secretario de Control y Seguridad, C\u00e9sar Gioria. La nueva herramienta permite medir con exactitud el nivel de alcohol en sangre mediante una pipeta descartable y una exhalaci\u00f3n del conductor.<\/p>\n\n\n\n<figure class=\"wp-block-image size-large\"><img loading=\"lazy\" decoding=\"async\" width=\"1024\" height=\"683\" src=\"https:\/\/www.almargenweb.com.ar\/web\/wp-content\/uploads\/2025\/07\/A2-1024x683.jpg\" alt=\"\" class=\"wp-image-45200\" srcset=\"https:\/\/www.almargenweb.com.ar\/web\/wp-content\/uploads\/2025\/07\/A2-1024x683.jpg 1024w, https:\/\/www.almargenweb.com.ar\/web\/wp-content\/uploads\/2025\/07\/A2-300x200.jpg 300w, https:\/\/www.almargenweb.com.ar\/web\/wp-content\/uploads\/2025\/07\/A2-768x512.jpg 768w, https:\/\/www.almargenweb.com.ar\/web\/wp-content\/uploads\/2025\/07\/A2.jpg 1200w\" sizes=\"auto, (max-width: 1024px) 100vw, 1024px\" \/><\/figure>\n\n\n\n<p>\u201cEl municipio cuenta con dos alcohol\u00edmetros y, con este nuevo equipo, ya son tres. Esto nos permite reforzar los controles y evitar el costo que implicar\u00eda adquirir otro dispositivo\u201d, explic\u00f3 Gioria.<\/p>\n\n\n\n<p>El funcionario destac\u00f3 que la incorporaci\u00f3n de esta herramienta se enmarca en el trabajo sostenido del municipio para mejorar la seguridad vial en la ciudad: \u201cSistemas como este son fundamentales para intensificar las tareas de control y prevenci\u00f3n que realizamos en toda Esperanza\u201d, mencion\u00f3.<\/p>\n\n\n\n<p>Finalmente, Gioria valor\u00f3 \u201cel apoyo de la Agencia Provincial de Seguridad Vial que complementa las acciones diarias del municipio para mejorar el ordenamiento urbano y la seguridad vial que incluyen campa\u00f1as de educaci\u00f3n y concientizaci\u00f3n, reductores de velocidad, c\u00e1maras de seguridad y controles peri\u00f3dicos\u201d.<\/p>\n<!-- AddThis Advanced Settings generic via filter on the_content --><!-- AddThis Share Buttons generic via filter on the_content -->","protected":false},"excerpt":{"rendered":"<p>Fue entregado en comodato por la Agencia Provincial de Seguridad Vial (APSV) y se utilizar\u00e1 para [&hellip;]<!-- AddThis Advanced Settings generic via filter on get_the_excerpt --><!-- AddThis Share Buttons generic via filter on get_the_excerpt --><\/p>\n","protected":false},"author":17,"featured_media":45199,"comment_status":"closed","ping_status":"open","sticky":false,"template":"","format":"standard","meta":{"_seopress_robots_primary_cat":"none","_seopress_titles_title":"","_seopress_titles_desc":"","_seopress_robots_index":"","_themeisle_gutenberg_block_has_review":false,"footnotes":""},"categories":[47,317],"tags":[44,592,121,700,944],"class_list":["post-45196","post","type-post","status-publish","format-standard","has-post-thumbnail","hentry","category-locales","category-transporte","tag-esperanza","tag-las-colonias","tag-rodrigo-muller","tag-seguridad-vial","tag-transito"],"_links":{"self":[{"href":"https:\/\/www.almargenweb.com.ar\/web\/wp-json\/wp\/v2\/posts\/45196","targetHints":{"allow":["GET"]}}],"collection":[{"href":"https:\/\/www.almargenweb.com.ar\/web\/wp-json\/wp\/v2\/posts"}],"about":[{"href":"https:\/\/www.almargenweb.com.ar\/web\/wp-json\/wp\/v2\/types\/post"}],"author":[{"embeddable":true,"href":"https:\/\/www.almargenweb.com.ar\/web\/wp-json\/wp\/v2\/users\/17"}],"replies":[{"embeddable":true,"href":"https:\/\/www.almargenweb.com.ar\/web\/wp-json\/wp\/v2\/comments?post=45196"}],"version-history":[{"count":1,"href":"https:\/\/www.almargenweb.com.ar\/web\/wp-json\/wp\/v2\/posts\/45196\/revisions"}],"predecessor-version":[{"id":45201,"href":"https:\/\/www.almargenweb.com.ar\/web\/wp-json\/wp\/v2\/posts\/45196\/revisions\/45201"}],"wp:featuredmedia":[{"embeddable":true,"href":"https:\/\/www.almargenweb.com.ar\/web\/wp-json\/wp\/v2\/media\/45199"}],"wp:attachment":[{"href":"https:\/\/www.almargenweb.com.ar\/web\/wp-json\/wp\/v2\/media?parent=45196"}],"wp:term":[{"taxonomy":"category","embeddable":true,"href":"https:\/\/www.almargenweb.com.ar\/web\/wp-json\/wp\/v2\/categories?post=45196"},{"taxonomy":"post_tag","embeddable":true,"href":"https:\/\/www.almargenweb.com.ar\/web\/wp-json\/wp\/v2\/tags?post=45196"}],"curies":[{"name":"wp","href":"https:\/\/api.w.org\/{rel}","templated":true}]}}