{"id":45175,"date":"2025-07-28T18:09:56","date_gmt":"2025-07-28T21:09:56","guid":{"rendered":"https:\/\/www.almargenweb.com.ar\/web\/?p=45175"},"modified":"2025-07-28T18:10:00","modified_gmt":"2025-07-28T21:10:00","slug":"81-fiesta-nacional-de-la-agricultura-convocatoria-a-artistas-con-propuestas-escenicas-o-musicales","status":"publish","type":"post","link":"https:\/\/www.almargenweb.com.ar\/web\/81-fiesta-nacional-de-la-agricultura-convocatoria-a-artistas-con-propuestas-escenicas-o-musicales\/","title":{"rendered":"81\u00b0 Fiesta Nacional de la Agricultura: convocatoria a artistas con propuestas esc\u00e9nicas o musicales"},"content":{"rendered":"\n<h2 class=\"wp-block-heading\">Hasta el 15 de agosto, la Secretar\u00eda de Cultura y Educaci\u00f3n recibir\u00e1 propuestas para participar de la programaci\u00f3n del evento. La inscripci\u00f3n se realiza mediante un formulario online.<\/h2>\n\n\n\n<p>La Municipalidad de Esperanza, a trav\u00e9s de la Secretar\u00eda de Cultura y Educaci\u00f3n, abri\u00f3 la convocatoria destinada a artistas con propuestas esc\u00e9nicas o musicales que deseen formar parte de la programaci\u00f3n de la 81\u00b0 Fiesta Nacional de la Agricultura.<\/p>\n\n\n\n<p>Quienes deseen postularse deben completar el siguiente&nbsp;<a href=\"https:\/\/docs.google.com\/forms\/d\/1jERRbR-M9kNeVaWVmsSN4509cQb9PU1k0fVjCEzADo8\/viewform?edit_requested=true\">formulario<\/a>&nbsp;antes del 15 de agosto.<\/p>\n\n\n\n<p>Las propuestas ser\u00e1n evaluadas por el equipo de la Secretar\u00eda de Cultura y Educaci\u00f3n, que tendr\u00e1 a su cargo la conformaci\u00f3n de la grilla art\u00edstica del evento m\u00e1s representativo de la ciudad.<\/p>\n\n\n\n<p>Esta convocatoria abierta y transparente permite ampliar la oferta de opciones, brindando mayores posibilidades de seleccionar espect\u00e1culos que representen la diversidad de expresiones art\u00edsticas locales y regionales. De este modo, se busca conformar una programaci\u00f3n que refleje la identidad cultural de nuestra comunidad y que pueda ser disfrutada por todos los esperancinos.<\/p>\n\n\n\n<p><strong>81\u00b0 FIESTA NACIONAL DE LA AGRICULTURA<\/strong><\/p>\n\n\n\n<p>La agenda comenzar\u00e1 el lunes 8 de septiembre, D\u00eda de la Natividad de la Virgen. En esta ocasi\u00f3n, adhiriendo a la Fiesta Patronal y el acto religioso, se sumar\u00e1 un desfile aleg\u00f3rico a la Agricultura, que contar\u00e1 con la participaci\u00f3n de diversas instituciones.<\/p>\n\n\n\n<p>El s\u00e1bado 13 tendr\u00e1 lugar el acto protocolar, con la elecci\u00f3n de la Reina Nacional de la Agricultura, reconocimientos por el D\u00eda del Agricultor a cargo de entidades ruralistas y el show de La K\u2019onga. En la segunda jornada, el domingo 14, se elegir\u00e1 \u201cEl deportista del a\u00f1o\u201d, con la presentaci\u00f3n de artistas locales y el cierre de Sergio Torres.<\/p>\n\n\n\n<p><a href=\"https:\/\/esperanzaciudad.online\/#facebook\" rel=\"noreferrer noopener\" target=\"_blank\"><em><\/em><\/a><\/p>\n<!-- AddThis Advanced Settings generic via filter on the_content --><!-- AddThis Share Buttons generic via filter on the_content -->","protected":false},"excerpt":{"rendered":"<p>Hasta el 15 de agosto, la Secretar\u00eda de Cultura y Educaci\u00f3n recibir\u00e1 propuestas para participar de [&hellip;]<!-- AddThis Advanced Settings generic via filter on get_the_excerpt --><!-- AddThis Share Buttons generic via filter on get_the_excerpt --><\/p>\n","protected":false},"author":17,"featured_media":45178,"comment_status":"closed","ping_status":"open","sticky":false,"template":"","format":"standard","meta":{"_seopress_robots_primary_cat":"none","_seopress_titles_title":"","_seopress_titles_desc":"","_seopress_robots_index":"","_themeisle_gutenberg_block_has_review":false,"footnotes":""},"categories":[47],"tags":[44,592,121],"class_list":["post-45175","post","type-post","status-publish","format-standard","has-post-thumbnail","hentry","category-locales","tag-esperanza","tag-las-colonias","tag-rodrigo-muller"],"_links":{"self":[{"href":"https:\/\/www.almargenweb.com.ar\/web\/wp-json\/wp\/v2\/posts\/45175","targetHints":{"allow":["GET"]}}],"collection":[{"href":"https:\/\/www.almargenweb.com.ar\/web\/wp-json\/wp\/v2\/posts"}],"about":[{"href":"https:\/\/www.almargenweb.com.ar\/web\/wp-json\/wp\/v2\/types\/post"}],"author":[{"embeddable":true,"href":"https:\/\/www.almargenweb.com.ar\/web\/wp-json\/wp\/v2\/users\/17"}],"replies":[{"embeddable":true,"href":"https:\/\/www.almargenweb.com.ar\/web\/wp-json\/wp\/v2\/comments?post=45175"}],"version-history":[{"count":1,"href":"https:\/\/www.almargenweb.com.ar\/web\/wp-json\/wp\/v2\/posts\/45175\/revisions"}],"predecessor-version":[{"id":45179,"href":"https:\/\/www.almargenweb.com.ar\/web\/wp-json\/wp\/v2\/posts\/45175\/revisions\/45179"}],"wp:featuredmedia":[{"embeddable":true,"href":"https:\/\/www.almargenweb.com.ar\/web\/wp-json\/wp\/v2\/media\/45178"}],"wp:attachment":[{"href":"https:\/\/www.almargenweb.com.ar\/web\/wp-json\/wp\/v2\/media?parent=45175"}],"wp:term":[{"taxonomy":"category","embeddable":true,"href":"https:\/\/www.almargenweb.com.ar\/web\/wp-json\/wp\/v2\/categories?post=45175"},{"taxonomy":"post_tag","embeddable":true,"href":"https:\/\/www.almargenweb.com.ar\/web\/wp-json\/wp\/v2\/tags?post=45175"}],"curies":[{"name":"wp","href":"https:\/\/api.w.org\/{rel}","templated":true}]}}