{"id":44977,"date":"2025-06-04T17:37:24","date_gmt":"2025-06-04T20:37:24","guid":{"rendered":"https:\/\/www.almargenweb.com.ar\/web\/?p=44977"},"modified":"2025-06-04T17:37:27","modified_gmt":"2025-06-04T20:37:27","slug":"volvio-a-operar-la-planta-de-tratamiento-de-efluentes-cloacales-es-un-hecho-muy-importante-para-la-ciudad-afirmo-muller","status":"publish","type":"post","link":"https:\/\/www.almargenweb.com.ar\/web\/volvio-a-operar-la-planta-de-tratamiento-de-efluentes-cloacales-es-un-hecho-muy-importante-para-la-ciudad-afirmo-muller\/","title":{"rendered":"Volvi\u00f3 a operar la Planta de Tratamiento de Efluentes Cloacales: \u201cEs un hecho muy importante para la ciudad\u201d, afirm\u00f3 M\u00fcller"},"content":{"rendered":"\n<p><strong>Despu\u00e9s de 8 a\u00f1os vuelven a ser tratados los l\u00edquidos cloacales antes de ser volcados al r\u00edo Salado, lo que representa un avance significativo en materia ambiental para la ciudad de Esperanza.<\/strong><\/p>\n\n\n\n<p>Luego de ocho a\u00f1os, la<strong> Planta de Tratamiento de Efluentes Cloacales de Esperanza <\/strong>volvi\u00f3 a funcionar. A partir de ahora, procesar\u00e1 los l\u00edquidos residuales generados por la ciudad, que anteriormente se volcaban directamente al r\u00edo Salado.<\/p>\n\n\n\n<p>En este marco, el intendente de Esperanza, <strong>Rodrigo M\u00fcller<\/strong>, junto a la presidenta del Directorio de ASSA, <strong>Renata Ghilotti<\/strong>, la diputada provincial,<strong> Jimena Senn<\/strong> y el jefe del distrito Esperanza de ASSA, <strong>Oscar Ramassotti<\/strong>, brindaron una conferencia de prensa en el lugar.<\/p>\n\n\n\n<p>En primer lugar, el intendente valor\u00f3 <em>\u201cel hecho de recuperar el funcionamiento de la planta en beneficio de los vecinos y del medio ambiente\u201d.<\/em><\/p>\n\n\n\n<p><em>\u201cEn el a\u00f1o 2017 dej\u00f3 de funcionar y, luego de gestiones del municipio y la diputada Jimena Senn, y una decisi\u00f3n pol\u00edtica del gobierno provincial, hoy estamos muy contentos de volver a contar con la planta en funcionamiento\u201d<\/em>, mencion\u00f3 el intendente.<\/p>\n\n\n\n<figure class=\"wp-block-image size-large\"><img loading=\"lazy\" decoding=\"async\" width=\"1024\" height=\"683\" src=\"https:\/\/www.almargenweb.com.ar\/web\/wp-content\/uploads\/2025\/06\/efluentes3-1536x1024-1-1024x683.jpg\" alt=\"\" class=\"wp-image-44981\" srcset=\"https:\/\/www.almargenweb.com.ar\/web\/wp-content\/uploads\/2025\/06\/efluentes3-1536x1024-1-1024x683.jpg 1024w, https:\/\/www.almargenweb.com.ar\/web\/wp-content\/uploads\/2025\/06\/efluentes3-1536x1024-1-300x200.jpg 300w, https:\/\/www.almargenweb.com.ar\/web\/wp-content\/uploads\/2025\/06\/efluentes3-1536x1024-1-768x512.jpg 768w, https:\/\/www.almargenweb.com.ar\/web\/wp-content\/uploads\/2025\/06\/efluentes3-1536x1024-1.jpg 1200w\" sizes=\"auto, (max-width: 1024px) 100vw, 1024px\" \/><\/figure>\n\n\n\n<p>Luego, explic\u00f3 que <em>\u201cEsta obra que llev\u00f3 adelante la provincia posibilita el tratamiento de los l\u00edquidos que antes se volcaban directamente al r\u00edo pero no permite generar nuevas conexiones de cloacas en la ciudad\u201d.<\/em><\/p>\n\n\n\n<p><em>\u201cPara poder extender nuevas redes, primero debemos construir una nueva planta de efluentes. En ese sentido, ya se encuentra avanzado el proceso de expropiaci\u00f3n del predio ubicado frente a la planta actual, que permitir\u00e1 la futura toma de posesi\u00f3n por parte de ASSA de 24 hect\u00e1reas para la planta, y por parte del municipio de 18 hect\u00e1reas destinadas al Limpes\u201d<\/em>, concluy\u00f3 <strong>Rodrigo M\u00fcller.<\/strong><\/p>\n\n\n\n<p>A su turno,<strong> Ghilotti<\/strong> explic\u00f3 que <em>\u201cla obra arranc\u00f3 el a\u00f1o pasado, guiada por la decisi\u00f3n del gobernador de Santa Fe, Maximiliano Pullaro, de invertir en obras de saneamiento y agua potable en toda la provincia\u201d.<\/em><\/p>\n\n\n\n<p><em>\u201cAssa se encuentra en un proceso de reordenamiento y equilibrio, y una empresa equilibrada nos permite llevar adelante obras que mejoran la calidad de vida de los santafesinos\u201d<\/em>, agreg\u00f3.<\/p>\n\n\n\n<p>Por \u00faltimo, indic\u00f3 que <em>\u201cpara el pr\u00f3ximo a\u00f1o tenemos prevista en Esperanza una inversi\u00f3n de 1300 millones de pesos destinados a la rehabilitaci\u00f3n de ca\u00f1er\u00edas de agua potable y cloacas\u201d.<\/em><\/p>\n\n\n\n<p>Ramasotti destac\u00f3 que <em>\u201ca partir de ahora la planta vuelve a realizar el proceso correcto del tratamiento de los efluentes de la ciudad que incluye el paso por el desarenador, las lagunas anaer\u00f3bicas y facultativas, la cloraci\u00f3n y el posterior vuelvo al r\u00edo\u201d.<\/em><\/p>\n\n\n\n<p>Tambi\u00e9n valor\u00f3 <em>\u201cel trabajo conjunto con la Municipalidad de Esperanza para posibilitar que los camiones atmosf\u00e9ricos lleguen a la planta a volcar los l\u00edquidos, gracias al ripiado que se hizo en la calle de ingreso al predio\u201d.<\/em><\/p>\n\n\n\n<figure class=\"wp-block-image size-large\"><img loading=\"lazy\" decoding=\"async\" width=\"1024\" height=\"683\" src=\"https:\/\/www.almargenweb.com.ar\/web\/wp-content\/uploads\/2025\/06\/efluentes2-1536x1024-1-1024x683.jpg\" alt=\"\" class=\"wp-image-44982\" srcset=\"https:\/\/www.almargenweb.com.ar\/web\/wp-content\/uploads\/2025\/06\/efluentes2-1536x1024-1-1024x683.jpg 1024w, https:\/\/www.almargenweb.com.ar\/web\/wp-content\/uploads\/2025\/06\/efluentes2-1536x1024-1-300x200.jpg 300w, https:\/\/www.almargenweb.com.ar\/web\/wp-content\/uploads\/2025\/06\/efluentes2-1536x1024-1-768x512.jpg 768w, https:\/\/www.almargenweb.com.ar\/web\/wp-content\/uploads\/2025\/06\/efluentes2-1536x1024-1.jpg 1200w\" sizes=\"auto, (max-width: 1024px) 100vw, 1024px\" \/><\/figure>\n\n\n\n<p><strong>LA OBRA<br><\/strong>Con una inversi\u00f3n de $556.622.311,19, la obra de puesta en funcionamiento de la planta de tratamiento incluy\u00f3 los siguientes trabajos:<\/p>\n\n\n\n<p>Demolici\u00f3n de bocas de registro y pantallas existentes en la facultativa norte y ca\u00f1er\u00edas viejas; Tendido de ca\u00f1er\u00edas, boca de registro y c\u00e1mara para la conducci\u00f3n de l\u00edquidos cloacales a la entrada y salada de todas las lagunas; Ejecuci\u00f3n de dos nuevas entradas y salidas de l\u00edquidos cloacales en laguna facultativa norte; Desmalezado y perfilado de taludes en las cuatro lagunas; Desbarrado de las dos lagunas anaer\u00f3bicas; la colocaci\u00f3n de 1400 metros de cerco perimetral.<\/p>\n\n\n\n<p><strong>PRESENTES<br><\/strong>De la recorrida tambi\u00e9n participaron los concejales Cristian Cammisi, Mariano Puig, Guillermo Bonvin y Mar\u00eda del Rosario Galleano; y las secretarias de Obras e Infraestructura P\u00fablica, Micaela Nagel y de Planeamiento y Proyectos, Evangelina Pirola.<a href=\"https:\/\/esperanzaciudad.online\/#facebook\" target=\"_blank\" rel=\"noreferrer noopener\"><\/a><\/p>\n\n\n\n<p><\/p>\n<!-- AddThis Advanced Settings generic via filter on the_content --><!-- AddThis Share Buttons generic via filter on the_content -->","protected":false},"excerpt":{"rendered":"<p>Despu\u00e9s de 8 a\u00f1os vuelven a ser tratados los l\u00edquidos cloacales antes de ser volcados al [&hellip;]<!-- AddThis Advanced Settings generic via filter on get_the_excerpt --><!-- AddThis Share Buttons generic via filter on get_the_excerpt --><\/p>\n","protected":false},"author":17,"featured_media":44980,"comment_status":"closed","ping_status":"open","sticky":false,"template":"","format":"standard","meta":{"_seopress_robots_primary_cat":"none","_seopress_titles_title":"","_seopress_titles_desc":"","_seopress_robots_index":"","_themeisle_gutenberg_block_has_review":false,"footnotes":""},"categories":[164,47],"tags":[44,55,592,121,265],"class_list":["post-44977","post","type-post","status-publish","format-standard","has-post-thumbnail","hentry","category-ambiente","category-locales","tag-esperanza","tag-jimena-senn","tag-las-colonias","tag-rodrigo-muller","tag-salud-2"],"_links":{"self":[{"href":"https:\/\/www.almargenweb.com.ar\/web\/wp-json\/wp\/v2\/posts\/44977","targetHints":{"allow":["GET"]}}],"collection":[{"href":"https:\/\/www.almargenweb.com.ar\/web\/wp-json\/wp\/v2\/posts"}],"about":[{"href":"https:\/\/www.almargenweb.com.ar\/web\/wp-json\/wp\/v2\/types\/post"}],"author":[{"embeddable":true,"href":"https:\/\/www.almargenweb.com.ar\/web\/wp-json\/wp\/v2\/users\/17"}],"replies":[{"embeddable":true,"href":"https:\/\/www.almargenweb.com.ar\/web\/wp-json\/wp\/v2\/comments?post=44977"}],"version-history":[{"count":1,"href":"https:\/\/www.almargenweb.com.ar\/web\/wp-json\/wp\/v2\/posts\/44977\/revisions"}],"predecessor-version":[{"id":44983,"href":"https:\/\/www.almargenweb.com.ar\/web\/wp-json\/wp\/v2\/posts\/44977\/revisions\/44983"}],"wp:featuredmedia":[{"embeddable":true,"href":"https:\/\/www.almargenweb.com.ar\/web\/wp-json\/wp\/v2\/media\/44980"}],"wp:attachment":[{"href":"https:\/\/www.almargenweb.com.ar\/web\/wp-json\/wp\/v2\/media?parent=44977"}],"wp:term":[{"taxonomy":"category","embeddable":true,"href":"https:\/\/www.almargenweb.com.ar\/web\/wp-json\/wp\/v2\/categories?post=44977"},{"taxonomy":"post_tag","embeddable":true,"href":"https:\/\/www.almargenweb.com.ar\/web\/wp-json\/wp\/v2\/tags?post=44977"}],"curies":[{"name":"wp","href":"https:\/\/api.w.org\/{rel}","templated":true}]}}