{"id":44693,"date":"2025-03-31T17:43:52","date_gmt":"2025-03-31T20:43:52","guid":{"rendered":"https:\/\/www.almargenweb.com.ar\/web\/?p=44693"},"modified":"2025-03-31T17:47:01","modified_gmt":"2025-03-31T20:47:01","slug":"michlig-el-deporte-es-una-de-las-herramientas-mas-poderosas-para-construir-una-sociedad-mejor","status":"publish","type":"post","link":"https:\/\/www.almargenweb.com.ar\/web\/michlig-el-deporte-es-una-de-las-herramientas-mas-poderosas-para-construir-una-sociedad-mejor\/","title":{"rendered":"Michlig: \u201cEl deporte es una de las herramientas m\u00e1s poderosas para construir una sociedad mejor\u201d"},"content":{"rendered":"\n<p><strong>Este domingo, en el Club Deportivo Las Palmeras el senador provincial Felipe Michlig, junto al diputado Marcelo Gonz\u00e1lez y la presidente comunal de Las Palmeras, Dana Astore, participaron del Encuentro de F\u00fatbol Infantil, que en esta edici\u00f3n reuni\u00f3 a m\u00e1s de 500 ni\u00f1os de 19 clubes de la regi\u00f3n, con 46 categor\u00edas en competencia.<\/strong><\/p>\n\n\n\n<p>En el marco del evento, el <strong>senador Felipe Michlig<\/strong> encabez\u00f3 un sencillo acto en donde se realiz\u00f3 la entrega de aportes legislativos del <strong>Programa de Fortalecimiento Institucional (PFI)<\/strong> y pelotas a todos los clubes participantes.<\/p>\n\n\n\n<p><em>&#8220;Hoy estamos aqu\u00ed no solo para compartir esta maravillosa jornada deportiva, sino tambi\u00e9n para reafirmar nuestro compromiso con el deporte y con cada uno de los clubes que d\u00eda a d\u00eda trabajan para brindarles oportunidades a nuestros ni\u00f1os. Queremos que todos los equipos que participan hoy lleven pelotas de f\u00fatbol, porque sabemos que siempre hacen falta para la formaci\u00f3n deportiva y personal de nuestros j\u00f3venes\u201d<\/em>, se\u00f1al\u00f3 el legislador.<\/p>\n\n\n\n<p class=\"has-medium-font-size\"><strong>Entrega de aportes del PFI<\/strong><\/p>\n\n\n\n<p>En el marco del evento, los legisladores provinciales hicieron entrega de aportes del Programa de Fortalecimiento Institucional (PFI) a las siguientes localidades:<\/p>\n\n\n\n<ul class=\"wp-block-list\">\n<li>Las Palmeras: recibi\u00f3 la presidente comunal Dana Astore.<\/li>\n\n\n\n<li>Capivara: recibi\u00f3 su presidente comunal Adriana C\u00f3rdoba.<\/li>\n\n\n\n<li>Colonia Bossi: recibi\u00f3 su presidente comunal Gustavo Capella.<\/li>\n\n\n\n<li>Colonia Rosa: recibi\u00f3 su presidente comunal Silvana Imoberdorf.<\/li>\n\n\n\n<li>Curupaity: recibi\u00f3 su presidente comunal Gustavo Dalmasso.<\/li>\n\n\n\n<li>Dos Rosas y La Legua: recibi\u00f3 la presidente comunal Carina Frank.<\/li>\n\n\n\n<li>La Rubia: recibi\u00f3 un representante de la comuna.<\/li>\n\n\n\n<li>Monigotes: recibi\u00f3 el presidente comunal Andr\u00e9s Villarreal.<\/li>\n\n\n\n<li>Monte Oscuridad: recibi\u00f3 el presidente comunal Daniel Boscarol.<\/li>\n\n\n\n<li>Palacios: recibi\u00f3 el presidente comunal Lucas Bussi.<\/li>\n\n\n\n<li>Colonia Ana: recibi\u00f3 su presidente comunal Marcos Clausen.<\/li>\n\n\n\n<li>San Guillermo: recibi\u00f3 la intendente Romina L\u00f3pez.<\/li>\n<\/ul>\n\n\n\n<figure class=\"wp-block-image size-large\"><img loading=\"lazy\" decoding=\"async\" width=\"1024\" height=\"614\" src=\"https:\/\/www.almargenweb.com.ar\/web\/wp-content\/uploads\/2025\/03\/las-palmeras-futbol-9-1024x614.jpg\" alt=\"\" class=\"wp-image-44697\" srcset=\"https:\/\/www.almargenweb.com.ar\/web\/wp-content\/uploads\/2025\/03\/las-palmeras-futbol-9-1024x614.jpg 1024w, https:\/\/www.almargenweb.com.ar\/web\/wp-content\/uploads\/2025\/03\/las-palmeras-futbol-9-300x180.jpg 300w, https:\/\/www.almargenweb.com.ar\/web\/wp-content\/uploads\/2025\/03\/las-palmeras-futbol-9-768x461.jpg 768w, https:\/\/www.almargenweb.com.ar\/web\/wp-content\/uploads\/2025\/03\/las-palmeras-futbol-9.jpg 1200w\" sizes=\"auto, (max-width: 1024px) 100vw, 1024px\" \/><\/figure>\n\n\n\n<p class=\"has-medium-font-size\"><strong>Participaci\u00f3n de clubes de toda la regi\u00f3n<\/strong><\/p>\n\n\n\n<p>Entre los equipos que se sumaron a la competencia estuvieron: 9 de Julio de Sunchales, Alpina, Colonia Bossi, C.U.D.A de Arruf\u00f3, Capivara, Colonia Rosa, Curupaity, Dos Rosas y La Legua, Independiente de San Crist\u00f3bal, La Rubia, Las Palmeras, Las Ranitas de Brinkmann, Monigotes, Monte Oscuridad, Palacios, Salamanca, San Jos\u00e9 de San Crist\u00f3bal, Tiro Federal de Mois\u00e9s Ville y Uni\u00f3n de San Guillermo.<\/p>\n\n\n\n<p><strong>Michlig<\/strong> se\u00f1al\u00f3 que <em>\u201cm\u00e1s all\u00e1 de los l\u00edmites departamentales o provinciales, nuestra mirada est\u00e1 puesta en el futuro y en el fortalecimiento de cada instituci\u00f3n que le abre las puertas a nuestros chicos. Hace muy poco logramos la sanci\u00f3n de la Ley 14.334 de Infraestructura Deportiva y quiero contarles que el gobernador Maximiliano Pullaro, quien les env\u00eda un afectuoso saludo, ya est\u00e1 trabajando en su reglamentaci\u00f3n para que los clubes amateurs de toda la provincia puedan acceder a los fondos necesarios para mejorar sus instalaciones y brindar mejores condiciones para el desarrollo del deporte\u201d.<\/em><\/p>\n\n\n\n<p class=\"has-medium-font-size\"><strong>Respeto, el esfuerzo, el compa\u00f1erismo y la solidaridad<\/strong>\u00a0<\/p>\n\n\n\n<p>Durante el acto central la presidente comunal <strong>Dana Astore<\/strong> dio la bienvenida a todos los clubes participantes y agradeci\u00f3 a las autoridades presentes por su apoyo constante al deporte infantil.<\/p>\n\n\n\n<p>A su turno, el <strong>diputado Marcelo Gonz\u00e1lez <\/strong>resalt\u00f3 la importancia de estos espacios para la formaci\u00f3n de valores en los ni\u00f1os que practican f\u00fatbol en sus respectivas localidades.<\/p>\n\n\n\n<figure class=\"wp-block-image size-large\"><img loading=\"lazy\" decoding=\"async\" width=\"1024\" height=\"614\" src=\"https:\/\/www.almargenweb.com.ar\/web\/wp-content\/uploads\/2025\/03\/las-palmeras-futbol-8-1024x614.jpg\" alt=\"\" class=\"wp-image-44698\" srcset=\"https:\/\/www.almargenweb.com.ar\/web\/wp-content\/uploads\/2025\/03\/las-palmeras-futbol-8-1024x614.jpg 1024w, https:\/\/www.almargenweb.com.ar\/web\/wp-content\/uploads\/2025\/03\/las-palmeras-futbol-8-300x180.jpg 300w, https:\/\/www.almargenweb.com.ar\/web\/wp-content\/uploads\/2025\/03\/las-palmeras-futbol-8-768x461.jpg 768w, https:\/\/www.almargenweb.com.ar\/web\/wp-content\/uploads\/2025\/03\/las-palmeras-futbol-8.jpg 1200w\" sizes=\"auto, (max-width: 1024px) 100vw, 1024px\" \/><\/figure>\n\n\n\n<p><em>\u201cCreemos firmemente que el deporte es una de las herramientas m\u00e1s poderosas para construir una sociedad mejor. Es en estos espacios donde se aprenden valores como el respeto, el esfuerzo, el compa\u00f1erismo y la solidaridad. Por eso, nuestro compromiso es seguir apoyando a cada instituci\u00f3n, a cada profesor y a cada familia que hace un esfuerzo inmenso para que estos chicos tengan la posibilidad de crecer en un entorno sano, con sue\u00f1os y con oportunidades. Gracias por el esfuerzo, por la pasi\u00f3n y por seguir apostando al deporte como un pilar fundamental de nuestra comunidad\u201d<\/em>, finaliz\u00f3 <strong>Felipe Michlig<\/strong>.<\/p>\n<!-- AddThis Advanced Settings generic via filter on the_content --><!-- AddThis Share Buttons generic via filter on the_content -->","protected":false},"excerpt":{"rendered":"<p>Este domingo, en el Club Deportivo Las Palmeras el senador provincial Felipe Michlig, junto al diputado [&hellip;]<!-- AddThis Advanced Settings generic via filter on get_the_excerpt --><!-- AddThis Share Buttons generic via filter on get_the_excerpt --><\/p>\n","protected":false},"author":17,"featured_media":44696,"comment_status":"closed","ping_status":"open","sticky":false,"template":"","format":"standard","meta":{"_seopress_robots_primary_cat":"none","_seopress_titles_title":"","_seopress_titles_desc":"","_seopress_robots_index":"","_themeisle_gutenberg_block_has_review":false,"footnotes":""},"categories":[230,321],"tags":[694,616,1028,265,1027],"class_list":["post-44693","post","type-post","status-publish","format-standard","has-post-thumbnail","hentry","category-deportes","category-san-cristobal","tag-deporte","tag-felipe-michlig","tag-inclusion","tag-salud-2","tag-valores"],"_links":{"self":[{"href":"https:\/\/www.almargenweb.com.ar\/web\/wp-json\/wp\/v2\/posts\/44693","targetHints":{"allow":["GET"]}}],"collection":[{"href":"https:\/\/www.almargenweb.com.ar\/web\/wp-json\/wp\/v2\/posts"}],"about":[{"href":"https:\/\/www.almargenweb.com.ar\/web\/wp-json\/wp\/v2\/types\/post"}],"author":[{"embeddable":true,"href":"https:\/\/www.almargenweb.com.ar\/web\/wp-json\/wp\/v2\/users\/17"}],"replies":[{"embeddable":true,"href":"https:\/\/www.almargenweb.com.ar\/web\/wp-json\/wp\/v2\/comments?post=44693"}],"version-history":[{"count":1,"href":"https:\/\/www.almargenweb.com.ar\/web\/wp-json\/wp\/v2\/posts\/44693\/revisions"}],"predecessor-version":[{"id":44699,"href":"https:\/\/www.almargenweb.com.ar\/web\/wp-json\/wp\/v2\/posts\/44693\/revisions\/44699"}],"wp:featuredmedia":[{"embeddable":true,"href":"https:\/\/www.almargenweb.com.ar\/web\/wp-json\/wp\/v2\/media\/44696"}],"wp:attachment":[{"href":"https:\/\/www.almargenweb.com.ar\/web\/wp-json\/wp\/v2\/media?parent=44693"}],"wp:term":[{"taxonomy":"category","embeddable":true,"href":"https:\/\/www.almargenweb.com.ar\/web\/wp-json\/wp\/v2\/categories?post=44693"},{"taxonomy":"post_tag","embeddable":true,"href":"https:\/\/www.almargenweb.com.ar\/web\/wp-json\/wp\/v2\/tags?post=44693"}],"curies":[{"name":"wp","href":"https:\/\/api.w.org\/{rel}","templated":true}]}}