{"id":4467,"date":"2013-09-06T00:51:09","date_gmt":"2013-09-06T03:51:09","guid":{"rendered":"http:\/\/www.almargenweb.com.ar\/web\/?p=4467"},"modified":"2013-09-06T00:51:09","modified_gmt":"2013-09-06T03:51:09","slug":"programa-para-la-fiesta-patronal","status":"publish","type":"post","link":"https:\/\/www.almargenweb.com.ar\/web\/programa-para-la-fiesta-patronal\/","title":{"rendered":"Programa para la Fiesta Patronal"},"content":{"rendered":"<p>Este fin de semana se suspenden las misas habituales en las capillas y en la Bas\u00edlica, para propiciar la participaci\u00f3n en la solemne procesi\u00f3n y misa patronal. Solamente tendr\u00e1 lugar la misa correspondiente a la novena el s\u00e1bado 7, a las 18 en Bas\u00edlica de la Natividad.<!--more--><\/p>\n<p>Domingo 8 de Septiembre &#8211; Fiesta de la Natividad de la Sant\u00edsima Virgen<\/p>\n<p>Aniversario de la Declaraci\u00f3n de Bas\u00edlica por el Papa Benedicto XVI (2005)<br \/>\nEn el Bicentenario de la Patria (2010-2016)<br \/>\ny en el \u201cA\u00f1o de la Fe\u201d (11\/10\/12-24\/11\/13)<br \/>\npor los 50 a\u00f1os del inicio del Concilio Vaticano II (11\/10\/1962)<br \/>\ny los 20 a\u00f1os de la edici\u00f3n del Catecismo de la Iglesia Cat\u00f3lica (11\/10\/1992)<\/p>\n<p>\u201cCOMO MAR\u00cdA, CON EL CORAZ\u00d3N CREEMOS Y CON LA BOCA PROFESAMOS LA FE\u201d (Cfr. Rom 10,10)<\/p>\n<p>+ 9.15 hs.: Repique de campanas y \u00c1ngelus.<\/p>\n<p>+ 9.30 hs.: Rosario Comunitario en la Sede Parroquial.<\/p>\n<p>+ 10 hs.: CELEBRACI\u00d3N ECUM\u00c9NICA en la Iglesia Evang\u00e9lica del R\u00edo de la Plata<br \/>\n16.30 hs.: PROCESI\u00d3N Y MISA <\/p>\n<p>+ Preside nuestro Arzobispo Mons. Jos\u00e9 Mar\u00eda Arancedo<\/p>\n<p>+ Coronaci\u00f3n Can\u00f3nica Pontificia de la imagen Patronal de la Virgen Ni\u00f1a.<\/p>\n<p>+ Gratitud a las \u00d3rdenes Franciscana y Jesuita, la Congregaci\u00f3n del Verbo Divino y los P\u00e1rrocos Diocesanos anteriores.<\/p>\n<p>+ CONSAGRACI\u00d3N DE LOS NI\u00d1OS A LA VIRGEN NI\u00d1A.<\/p>\n<p>OFRENDA A LA VIRGEN PARA SEGUIR REPARANDO SU IGLESIA:<br \/>\nDemos una generosa donaci\u00f3n en las Colectas de las Misas de la Novena y en la del D\u00eda Patronal en gratitud a la Virgen Ni\u00f1a por 150 a\u00f1os de intercesi\u00f3n y amparo.<\/p>\n<p>S\u00c1BADO 14 DE SEPTIEMBRE<\/p>\n<p>21 hs.: CENA PATRONAL en el Sal\u00f3n Pquial. Jos\u00e9 M. Estrada<br \/>\n(Chorizo, asado, ensaladas, pan y postre. Entretenimientos. Servicio de buffet. Llevar vajilla).<\/p>\n<!-- AddThis Advanced Settings generic via filter on the_content --><!-- AddThis Share Buttons generic via filter on the_content -->","protected":false},"excerpt":{"rendered":"<p>Este fin de semana se suspenden las misas habituales en las capillas y en la Bas\u00edlica, [&hellip;]<!-- AddThis Advanced Settings generic via filter on get_the_excerpt --><!-- AddThis Share Buttons generic via filter on get_the_excerpt --><\/p>\n","protected":false},"author":1,"featured_media":4468,"comment_status":"open","ping_status":"open","sticky":false,"template":"","format":"standard","meta":{"_seopress_robots_primary_cat":"","_seopress_titles_title":"","_seopress_titles_desc":"","_seopress_robots_index":"","_themeisle_gutenberg_block_has_review":false,"footnotes":""},"categories":[2],"tags":[],"class_list":["post-4467","post","type-post","status-publish","format-standard","has-post-thumbnail","hentry","category-actualidad"],"_links":{"self":[{"href":"https:\/\/www.almargenweb.com.ar\/web\/wp-json\/wp\/v2\/posts\/4467","targetHints":{"allow":["GET"]}}],"collection":[{"href":"https:\/\/www.almargenweb.com.ar\/web\/wp-json\/wp\/v2\/posts"}],"about":[{"href":"https:\/\/www.almargenweb.com.ar\/web\/wp-json\/wp\/v2\/types\/post"}],"author":[{"embeddable":true,"href":"https:\/\/www.almargenweb.com.ar\/web\/wp-json\/wp\/v2\/users\/1"}],"replies":[{"embeddable":true,"href":"https:\/\/www.almargenweb.com.ar\/web\/wp-json\/wp\/v2\/comments?post=4467"}],"version-history":[{"count":1,"href":"https:\/\/www.almargenweb.com.ar\/web\/wp-json\/wp\/v2\/posts\/4467\/revisions"}],"predecessor-version":[{"id":4469,"href":"https:\/\/www.almargenweb.com.ar\/web\/wp-json\/wp\/v2\/posts\/4467\/revisions\/4469"}],"wp:featuredmedia":[{"embeddable":true,"href":"https:\/\/www.almargenweb.com.ar\/web\/wp-json\/wp\/v2\/media\/4468"}],"wp:attachment":[{"href":"https:\/\/www.almargenweb.com.ar\/web\/wp-json\/wp\/v2\/media?parent=4467"}],"wp:term":[{"taxonomy":"category","embeddable":true,"href":"https:\/\/www.almargenweb.com.ar\/web\/wp-json\/wp\/v2\/categories?post=4467"},{"taxonomy":"post_tag","embeddable":true,"href":"https:\/\/www.almargenweb.com.ar\/web\/wp-json\/wp\/v2\/tags?post=4467"}],"curies":[{"name":"wp","href":"https:\/\/api.w.org\/{rel}","templated":true}]}}