{"id":44533,"date":"2025-03-06T16:35:56","date_gmt":"2025-03-06T19:35:56","guid":{"rendered":"https:\/\/www.almargenweb.com.ar\/web\/?p=44533"},"modified":"2025-03-06T16:35:58","modified_gmt":"2025-03-06T19:35:58","slug":"michlig-entrego-aportes-para-mejoras-edilicias-en-escuelas-de-la-ciudad-de-san-cristobal","status":"publish","type":"post","link":"https:\/\/www.almargenweb.com.ar\/web\/michlig-entrego-aportes-para-mejoras-edilicias-en-escuelas-de-la-ciudad-de-san-cristobal\/","title":{"rendered":"Michlig entreg\u00f3 aportes para mejoras edilicias en escuelas de la ciudad de San Crist\u00f3bal"},"content":{"rendered":"\n<p><strong>Este mi\u00e9rcoles, en la ciudad de San Crist\u00f3bal, el senador provincial Felipe Michlig, el diputado Marcelo Gonz\u00e1lez y el delegado regional de Educaci\u00f3n, Horacio Rigo entregaron aportes provenientes del Fondo para la Atenci\u00f3n de Necesidades Inmediatas (FANI), destinados a fortalecer la infraestructura educativa de la regi\u00f3n.<\/strong><\/p>\n\n\n\n<p>En esta oportunidad, se beneficiaron la Escuela Normal Superior N\u00b0 40 &#8220;Mariano Moreno&#8221; y la Escuela de Educaci\u00f3n T\u00e9cnico Profesional N\u00b0 339 &#8220;Lanceros del Sauce&#8221;.<\/p>\n\n\n\n<p>El senador <strong>Felipe Michlig<\/strong> agradeci\u00f3 al <strong>Gobierno Provincial <\/strong>que encabeza<strong> Maximiliano Pullaro<\/strong>, al ministro de <strong>Educaci\u00f3n Jos\u00e9 Goity<\/strong>, las funcionarias <strong>Mar\u00eda Martin<\/strong> y <strong>Carolina Piedrabuena<\/strong> y todo el equipo de trabajo por la excelente tarea y las respuestas inmediatas para fortalecer la infraestructura educativa en escuelas de nuestro departamento. Estos fondos permiten solucionar problem\u00e1ticas urgentes y garantizar espacios adecuados para alumnos y docentes\u201d destac\u00f3.<\/p>\n\n\n\n<p class=\"has-medium-font-size\"><strong>Escuela Normal Superior N\u00b0 40 &#8220;Mariano Moreno&#8221;<\/strong><\/p>\n\n\n\n<p>En primera instancia las autoridades visitaron la Escuela Normal Superior N\u00b0 40 &#8220;Mariano Moreno&#8221; donde fueron recibidos por la rectora <strong>Milena Gonz\u00e1lez<\/strong>, a quien formalmente hizo entrega de un aporte de $26.050.500, otorgado por el <strong>Ministerio de Educaci\u00f3n de la provincia de Santa Fe<\/strong>.<\/p>\n\n\n\n<p><em>\u201cEstos fondos ser\u00e1n utilizados para la ejecuci\u00f3n de trabajos de reparaci\u00f3n de filtraciones en las paredes del establecimiento, una obra fundamental para mejorar las condiciones edilicias y garantizar un ambiente adecuado para el aprendizaje\u201d<\/em>, detall\u00f3 la directora.<\/p>\n\n\n\n<p>Durante el acto tambi\u00e9n participaron los concejales <strong>Pablo Bonacina<\/strong> y <strong>Edgardo Martino<\/strong>, miembros de la comunidad educativa.<\/p>\n\n\n\n<figure class=\"wp-block-gallery has-nested-images columns-default is-cropped wp-block-gallery-1 is-layout-flex wp-block-gallery-is-layout-flex\">\n<figure class=\"wp-block-image size-large\"><img loading=\"lazy\" decoding=\"async\" width=\"1024\" height=\"614\" data-id=\"44537\" src=\"https:\/\/www.almargenweb.com.ar\/web\/wp-content\/uploads\/2025\/03\/escuela-339-1-1024x614.jpg\" alt=\"\" class=\"wp-image-44537\" srcset=\"https:\/\/www.almargenweb.com.ar\/web\/wp-content\/uploads\/2025\/03\/escuela-339-1-1024x614.jpg 1024w, https:\/\/www.almargenweb.com.ar\/web\/wp-content\/uploads\/2025\/03\/escuela-339-1-300x180.jpg 300w, https:\/\/www.almargenweb.com.ar\/web\/wp-content\/uploads\/2025\/03\/escuela-339-1-768x461.jpg 768w, https:\/\/www.almargenweb.com.ar\/web\/wp-content\/uploads\/2025\/03\/escuela-339-1.jpg 1200w\" sizes=\"auto, (max-width: 1024px) 100vw, 1024px\" \/><\/figure>\n<\/figure>\n\n\n\n<p class=\"has-medium-font-size\"><strong>Escuela de Educaci\u00f3n T\u00e9c. Profesional N\u00b0 339 &#8220;Lanceros del Sauce&#8221;<\/strong><\/p>\n\n\n\n<p>Posteriormente, la comitiva se traslad\u00f3 a la E.E.T.P. N\u00b0 339 &#8220;Lanceros del Sauce&#8221;, donde fueron recibidos por el director <strong>Marcos Tolosa<\/strong> y la vicedirectora <strong>In\u00e9s Pergasere<\/strong>. All\u00ed, recorrieron las instalaciones y observaron las remodelaciones de los sanitarios realizadas con un FANI entregado anteriormente.<\/p>\n\n\n\n<p>Durante la ceremonia, el senador <strong>Michlig<\/strong> entreg\u00f3 un nuevo aporte de $25.755.580 para la instituci\u00f3n, destinado a la adecuaci\u00f3n edilicia para el traslado del albergue de mujeres, lo que permitir\u00e1 mejorar las condiciones de alojamiento de las estudiantes que asisten a la escuela.<\/p>\n<!-- AddThis Advanced Settings generic via filter on the_content --><!-- AddThis Share Buttons generic via filter on the_content -->","protected":false},"excerpt":{"rendered":"<p>Este mi\u00e9rcoles, en la ciudad de San Crist\u00f3bal, el senador provincial Felipe Michlig, el diputado Marcelo [&hellip;]<!-- AddThis Advanced Settings generic via filter on get_the_excerpt --><!-- AddThis Share Buttons generic via filter on get_the_excerpt --><\/p>\n","protected":false},"author":17,"featured_media":44536,"comment_status":"closed","ping_status":"open","sticky":false,"template":"","format":"standard","meta":{"_seopress_robots_primary_cat":"none","_seopress_titles_title":"","_seopress_titles_desc":"","_seopress_robots_index":"","_themeisle_gutenberg_block_has_review":false,"footnotes":""},"categories":[19,321],"tags":[910,616,595,340],"class_list":["post-44533","post","type-post","status-publish","format-standard","has-post-thumbnail","hentry","category-educacion","category-san-cristobal","tag-educacion-publica","tag-felipe-michlig","tag-maximiliano-pullaro","tag-senador"],"_links":{"self":[{"href":"https:\/\/www.almargenweb.com.ar\/web\/wp-json\/wp\/v2\/posts\/44533","targetHints":{"allow":["GET"]}}],"collection":[{"href":"https:\/\/www.almargenweb.com.ar\/web\/wp-json\/wp\/v2\/posts"}],"about":[{"href":"https:\/\/www.almargenweb.com.ar\/web\/wp-json\/wp\/v2\/types\/post"}],"author":[{"embeddable":true,"href":"https:\/\/www.almargenweb.com.ar\/web\/wp-json\/wp\/v2\/users\/17"}],"replies":[{"embeddable":true,"href":"https:\/\/www.almargenweb.com.ar\/web\/wp-json\/wp\/v2\/comments?post=44533"}],"version-history":[{"count":1,"href":"https:\/\/www.almargenweb.com.ar\/web\/wp-json\/wp\/v2\/posts\/44533\/revisions"}],"predecessor-version":[{"id":44538,"href":"https:\/\/www.almargenweb.com.ar\/web\/wp-json\/wp\/v2\/posts\/44533\/revisions\/44538"}],"wp:featuredmedia":[{"embeddable":true,"href":"https:\/\/www.almargenweb.com.ar\/web\/wp-json\/wp\/v2\/media\/44536"}],"wp:attachment":[{"href":"https:\/\/www.almargenweb.com.ar\/web\/wp-json\/wp\/v2\/media?parent=44533"}],"wp:term":[{"taxonomy":"category","embeddable":true,"href":"https:\/\/www.almargenweb.com.ar\/web\/wp-json\/wp\/v2\/categories?post=44533"},{"taxonomy":"post_tag","embeddable":true,"href":"https:\/\/www.almargenweb.com.ar\/web\/wp-json\/wp\/v2\/tags?post=44533"}],"curies":[{"name":"wp","href":"https:\/\/api.w.org\/{rel}","templated":true}]}}