{"id":44231,"date":"2025-01-14T14:48:46","date_gmt":"2025-01-14T17:48:46","guid":{"rendered":"https:\/\/www.almargenweb.com.ar\/web\/?p=44231"},"modified":"2025-01-14T14:48:49","modified_gmt":"2025-01-14T17:48:49","slug":"provincia-anuncia-cambios-en-la-formacion-del-isep","status":"publish","type":"post","link":"https:\/\/www.almargenweb.com.ar\/web\/provincia-anuncia-cambios-en-la-formacion-del-isep\/","title":{"rendered":"Provincia anuncia cambios en la formaci\u00f3n del ISeP"},"content":{"rendered":"\n<p><strong>Algunas de las facetas que se reformulan de cara al nuevo ciclo son el r\u00e9gimen de internado y b\u00fasqueda de los porcentajes est\u00e1ndar para hombres y mujeres dentro de la fuerza. El cursado de los aspirantes de este a\u00f1o comienza el 3 de febrero.<\/strong><\/p>\n\n\n\n<p>El <strong>Gobierno de la Provincia<\/strong>, a trav\u00e9s del <strong>Ministerio de Justicia y Seguridad<\/strong>, confirma que el pr\u00f3ximo 3 de febrero comenzar\u00e1 el cursado de la cohorte 2025-2026 de la carrera de <strong>T\u00e9cnico Superior en Seguridad P\u00fablica y Ciudadana<\/strong> orientada a la <strong>Formaci\u00f3n Policial<\/strong> en el Instituto de Seguridad P\u00fablica (ISeP). Al culminar, los egresados se sumar\u00e1n a las filas de la Polic\u00eda de la Provincia de Santa Fe, con el grado de Suboficial de polic\u00eda, Escalaf\u00f3n General &#8211; Subescalaf\u00f3n Seguridad.<br><br>En esta oportunidad, y de acuerdo a la Resoluci\u00f3n Ministerial N\u00ba 1222\/24, la convocatoria establece 1.200 vacantes con cupo para 850 varones y 350 mujeres. <strong>\u201cSe trata de una de las modificaciones que comienzan a regir desde este a\u00f1o\u201d<\/strong>, explic\u00f3 el <strong>ministro de Justicia y Seguridad, Pablo Cococcioni<\/strong>, para luego indicar que se trata de <em>\u201cuna medida que responde, entre otras cosas, a dos motivos principales. En primer lugar, el hecho de convocar m\u00e1s hombres que mujeres para que ingresen a la fuerza policial, se debe a que durante el a\u00f1o 2024 el 75 % de los efectivos policiales que se jubilaron son hombres, por lo que resulta indispensable reforzar y renovar la cantidad de personal policial masculino en actividad. En segundo lugar, la decisi\u00f3n tiene que ver con la proyecci\u00f3n que esta gesti\u00f3n tiene en cuanto de las pol\u00edticas p\u00fablicas en seguridad\u201d<\/em>. Al respecto, el funcionario indic\u00f3 que<em> \u201cel objetivo es alcanzar los est\u00e1ndares utilizados por otras fuerzas de seguridad, tanto a nivel nacional como internacional, donde el porcentaje de mujeres que conforman las fuerzas de seguridad no supera el 30 %, siendo en algunos pa\u00edses inferior al 20 %<\/em>\u201d. Cabe se\u00f1alar que en 2023 el porcentaje de ingresantes mujeres fue del 80% y s\u00f3lo el 20 % de varones.<em> \u201cNecesitamos revertir esos porcentajes para alcanzar los est\u00e1ndares internacionales y tener una fuerza con un balance de g\u00e9nero similar a los que tienen otras polic\u00edas del mundo\u201d<\/em>, concluy\u00f3<strong> Cococcioni<\/strong>.<\/p>\n\n\n\n<p class=\"has-medium-font-size\"><strong>Territorialidad<\/strong><\/p>\n\n\n\n<p><em>\u201cA partir de este a\u00f1o se va a profundizar la b\u00fasqueda de aspirantes del centro sur de la provincia, que es donde est\u00e1 la mayor densidad de poblaci\u00f3n y donde se necesita mayor cantidad de polic\u00edas\u201d,<\/em> continu\u00f3 el Ministro, y complet\u00f3 explicando que <em>\u201cpara esto se modific\u00f3 el sistema de becas, asignando mayor cantidad para las zonas del sur donde hay m\u00e1s necesidad de alumnos\u201d.<\/em><br><br>En l\u00ednea, la <strong>secretaria de Coordinaci\u00f3n T\u00e9cnica y Administraci\u00f3n Financiera del Ministerio de Justicia y Seguridad<\/strong>, <strong>Georgina Orciani<\/strong>, indic\u00f3 que <em>\u201cen la actualidad tenemos una gran cantidad de efectivos policiales radicados en el norte de la provincia. Eso dificulta el trabajo, ya que recorren grandes distancias para ir hasta su lugar de guardia y eso reciente el servicio. Para consolidar esta decisi\u00f3n, se eval\u00faa la el establecer la obligatoriedad de que quienes ingresan mantengan su residencia en la regi\u00f3n donde declararon estar, ya que en muchos casos se anotan con domicilio en el sur; pero inmediatamente de egresados cambian esa residencia para volver al norte. Son problemas que vienen de larga data y que va a llevar a\u00f1os resolver; pero como dice el gobernador Pullaro, vinimos a hacernos cargo de verdades inc\u00f3modas y no a mirar para otro lado\u201d.<\/em><\/p>\n\n\n\n<p class=\"has-medium-font-size\"><strong>Sedes de cursado<\/strong><\/p>\n\n\n\n<p>En cuanto a las instalaciones donde se llevar\u00e1 adelante el cursado, desde la <strong>Subsecretar\u00eda de Formaci\u00f3n y Carrera Policial<\/strong> indicaron que los ingresantes ser\u00e1n distribuidos en las <strong>Sedes Recreo y Rosario del Instituto de Seguridad P\u00fablica &#8211; ISeP<\/strong>, de acuerdo a su domicilio de origen.<\/p>\n\n\n\n<figure class=\"wp-block-gallery has-nested-images columns-default is-cropped wp-block-gallery-1 is-layout-flex wp-block-gallery-is-layout-flex\">\n<figure class=\"wp-block-image size-large\"><img loading=\"lazy\" decoding=\"async\" width=\"1024\" height=\"683\" data-id=\"44234\" src=\"https:\/\/www.almargenweb.com.ar\/web\/wp-content\/uploads\/2025\/01\/2025-01-13NID_282089O_2-1024x683.jpeg\" alt=\"\" class=\"wp-image-44234\" srcset=\"https:\/\/www.almargenweb.com.ar\/web\/wp-content\/uploads\/2025\/01\/2025-01-13NID_282089O_2-1024x683.jpeg 1024w, https:\/\/www.almargenweb.com.ar\/web\/wp-content\/uploads\/2025\/01\/2025-01-13NID_282089O_2-300x200.jpeg 300w, https:\/\/www.almargenweb.com.ar\/web\/wp-content\/uploads\/2025\/01\/2025-01-13NID_282089O_2-768x512.jpeg 768w, https:\/\/www.almargenweb.com.ar\/web\/wp-content\/uploads\/2025\/01\/2025-01-13NID_282089O_2.jpeg 1200w\" sizes=\"auto, (max-width: 1024px) 100vw, 1024px\" \/><\/figure>\n<\/figure>\n\n\n\n<p><\/p>\n<!-- AddThis Advanced Settings generic via filter on the_content --><!-- AddThis Share Buttons generic via filter on the_content -->","protected":false},"excerpt":{"rendered":"<p>Algunas de las facetas que se reformulan de cara al nuevo ciclo son el r\u00e9gimen de [&hellip;]<!-- AddThis Advanced Settings generic via filter on get_the_excerpt --><!-- AddThis Share Buttons generic via filter on get_the_excerpt --><\/p>\n","protected":false},"author":17,"featured_media":44235,"comment_status":"closed","ping_status":"open","sticky":false,"template":"","format":"standard","meta":{"_seopress_robots_primary_cat":"none","_seopress_titles_title":"","_seopress_titles_desc":"","_seopress_robots_index":"","_themeisle_gutenberg_block_has_review":false,"footnotes":""},"categories":[48,709],"tags":[595,651,71],"class_list":["post-44231","post","type-post","status-publish","format-standard","has-post-thumbnail","hentry","category-provinciales","category-seguridad","tag-maximiliano-pullaro","tag-policia","tag-santa-fe"],"_links":{"self":[{"href":"https:\/\/www.almargenweb.com.ar\/web\/wp-json\/wp\/v2\/posts\/44231","targetHints":{"allow":["GET"]}}],"collection":[{"href":"https:\/\/www.almargenweb.com.ar\/web\/wp-json\/wp\/v2\/posts"}],"about":[{"href":"https:\/\/www.almargenweb.com.ar\/web\/wp-json\/wp\/v2\/types\/post"}],"author":[{"embeddable":true,"href":"https:\/\/www.almargenweb.com.ar\/web\/wp-json\/wp\/v2\/users\/17"}],"replies":[{"embeddable":true,"href":"https:\/\/www.almargenweb.com.ar\/web\/wp-json\/wp\/v2\/comments?post=44231"}],"version-history":[{"count":1,"href":"https:\/\/www.almargenweb.com.ar\/web\/wp-json\/wp\/v2\/posts\/44231\/revisions"}],"predecessor-version":[{"id":44236,"href":"https:\/\/www.almargenweb.com.ar\/web\/wp-json\/wp\/v2\/posts\/44231\/revisions\/44236"}],"wp:featuredmedia":[{"embeddable":true,"href":"https:\/\/www.almargenweb.com.ar\/web\/wp-json\/wp\/v2\/media\/44235"}],"wp:attachment":[{"href":"https:\/\/www.almargenweb.com.ar\/web\/wp-json\/wp\/v2\/media?parent=44231"}],"wp:term":[{"taxonomy":"category","embeddable":true,"href":"https:\/\/www.almargenweb.com.ar\/web\/wp-json\/wp\/v2\/categories?post=44231"},{"taxonomy":"post_tag","embeddable":true,"href":"https:\/\/www.almargenweb.com.ar\/web\/wp-json\/wp\/v2\/tags?post=44231"}],"curies":[{"name":"wp","href":"https:\/\/api.w.org\/{rel}","templated":true}]}}