{"id":44164,"date":"2024-12-30T19:04:56","date_gmt":"2024-12-30T22:04:56","guid":{"rendered":"https:\/\/www.almargenweb.com.ar\/web\/?p=44164"},"modified":"2024-12-30T19:04:58","modified_gmt":"2024-12-30T22:04:58","slug":"mas-de-36-mil-ninos-y-adolescentes-disfrutaran-de-las-escuelas-de-verano-de-santa-fe","status":"publish","type":"post","link":"https:\/\/www.almargenweb.com.ar\/web\/mas-de-36-mil-ninos-y-adolescentes-disfrutaran-de-las-escuelas-de-verano-de-santa-fe\/","title":{"rendered":"M\u00e1s de 36 mil ni\u00f1os y adolescentes disfrutar\u00e1n de las Escuelas de Verano de Santa Fe"},"content":{"rendered":"\n<p><strong>Se desarrollar\u00e1n del 2 al 31 de enero en 250 sedes. Combinando educaci\u00f3n, deporte, recreaci\u00f3n y cultura, est\u00e1n pensadas como espacios pedag\u00f3gicos con el objetivo de darle continuidad al proceso de alfabetizaci\u00f3n<\/strong><em><strong>.<\/strong><\/em><\/p>\n\n\n\n<p>En el marco del <strong>programa Santa Fe en Movimiento<\/strong>, m\u00e1s de 36 mil ni\u00f1os y adolescentes de entre 4 y 14 a\u00f1os disfrutar\u00e1n de las <strong>Escuelas de Verano<\/strong> con propuestas que combinan educaci\u00f3n, deporte, recreaci\u00f3n y cultura y que lleva adelante el Gobierno de Santa Fe en 250 sedes de los 19 departamentos del territorio provincial.<\/p>\n\n\n\n<p>Las Escuelas de Verano se desarrollar\u00e1n desde el 2 hasta el 31 de enero con el objetivo de constituirse en espacios pedag\u00f3gicos que den continuidad al proceso de alfabetizaci\u00f3n.<br>Las Escuelas de Verano, que contar\u00e1n con 1.650 agentes entre docentes y guardavidas, tendr\u00e1n como escenario educativo a las escuelas que constituyen las sedes del programa, Centros de Educaci\u00f3n F\u00edsica, clubes, polideportivos comunales y municipales y otras dependencias del Estado provincial. Adem\u00e1s, cuentan con otros espacios educativos, art\u00edsticos y culturales para su realizaci\u00f3n.<\/p>\n\n\n\n<p><em>\u201cEste a\u00f1o, las Escuelas de Verano incluyen a m\u00e1s de 36 mil chicos de toda la provincia, democratizando la posibilidad de disfrutar del verano yendo a un club con pileta para participar de actividades educativas, l\u00fadicas y recreativas que sirven para seguir fortaleciendo los aprendizajes\u201d<\/em>, expres\u00f3 el <strong>ministro de Educaci\u00f3n<\/strong>,<strong> Jos\u00e9 Goity<\/strong>.<\/p>\n\n\n\n<p>Por su parte, la<strong> ministra de Igualdad y Desarrollo Humano<\/strong>, <strong>Victoria Tejeda<\/strong>, sostuvo que<em> \u201csiempre destacamos el deporte como una herramienta para promover la equidad y la integraci\u00f3n social, donde los ni\u00f1os, ni\u00f1as y adolescentes pueden sentirse parte de un equipo y compartir experiencias. Esta actividad es fundamental y permitir\u00e1 que miles de ni\u00f1os y ni\u00f1as disfruten del verano de una manera diferente\u201d.<\/em><\/p>\n\n\n\n<p>Cabe destacar que la iniciativa est\u00e1 organizada por el Ministerio de Educaci\u00f3n, desde la Secretar\u00eda de Educaci\u00f3n, a trav\u00e9s de la Direcci\u00f3n Provincial de Educaci\u00f3n F\u00edsica, y por el Ministerio de Igualdad y Desarrollo Humano, desde la Secretar\u00eda de Deportes.<\/p>\n\n\n\n<p class=\"has-medium-font-size\"><strong>Participaci\u00f3n y convivencia<\/strong><\/p>\n\n\n\n<p>Las <strong>Escuelas de Verano<\/strong> apuntan a ser espacios de <strong>contenci\u00f3n de las infancias y la juventud<\/strong> proponiendo actividades que permitan, en simult\u00e1neo, disfrutar de su tiempo libre y continuar con sus aprendizajes.<\/p>\n\n\n\n<p>La integraci\u00f3n, la participaci\u00f3n y la convivencia son los ejes centrales de esta propuesta educativa que busca, entre otras cosas, ofrecer espacios que favorezcan la inclusi\u00f3n y continuidad educativa de ni\u00f1os, ni\u00f1as y adolescentes en actividades f\u00edsicas y deportivas que tiendan al desarrollo arm\u00f3nico e integral; brindar una propuesta de ense\u00f1anza de calidad; generar estrategias para abordar la continuidad del proceso de alfabetizaci\u00f3n; promover el desarrollo y conocimiento de distintas expresiones art\u00edsticas, l\u00fadicas, culturales, tecnol\u00f3gicas y deportivas; colaborar en la construcci\u00f3n y respeto de las normas como elementos fundamentales de la vida en comunidad; promover el trabajo grupal y colaborativo; contribuir al ejercicio de la capacidad de reflexi\u00f3n cr\u00edtica y de la autonom\u00eda personal; promover v\u00ednculos colaborativos entre la escuela, la familia y la comunidad con instituciones deportivas y espacios de recreaci\u00f3n; garantizar la educaci\u00f3n y alimentaci\u00f3n saludable; y fomentar una conciencia tendiente al cuidado del ambiente, a la seguridad vial, a la educaci\u00f3n emocional y las nuevas tecnolog\u00edas.<\/p>\n\n\n\n<p><a href=\"https:\/\/www.facebook.com\/sharer.php?u=https%3A%2F%2Felcolonodeloeste.com.ar%2Fmas-de-36-mil-ninos-y-adolescentes-disfrutaran-de-las-escuelas-de-verano-de-santa-fe%2F\"><\/a><\/p>\n\n\n\n<p><a href=\"https:\/\/www.facebook.com\/sharer.php?u=https%3A%2F%2Felcolonodeloeste.com.ar%2Fmas-de-36-mil-ninos-y-adolescentes-disfrutaran-de-las-escuelas-de-verano-de-santa-fe%2F\"><\/a><\/p>\n<!-- AddThis Advanced Settings generic via filter on the_content --><!-- AddThis Share Buttons generic via filter on the_content -->","protected":false},"excerpt":{"rendered":"<p>Se desarrollar\u00e1n del 2 al 31 de enero en 250 sedes. Combinando educaci\u00f3n, deporte, recreaci\u00f3n y [&hellip;]<!-- AddThis Advanced Settings generic via filter on get_the_excerpt --><!-- AddThis Share Buttons generic via filter on get_the_excerpt --><\/p>\n","protected":false},"author":17,"featured_media":44167,"comment_status":"closed","ping_status":"open","sticky":false,"template":"","format":"standard","meta":{"_seopress_robots_primary_cat":"none","_seopress_titles_title":"","_seopress_titles_desc":"","_seopress_robots_index":"","_themeisle_gutenberg_block_has_review":false,"footnotes":""},"categories":[230,48],"tags":[722,268,595,721,979,265,71,991],"class_list":["post-44164","post","type-post","status-publish","format-standard","has-post-thumbnail","hentry","category-deportes","category-provinciales","tag-adolescencia","tag-educacion-3","tag-maximiliano-pullaro","tag-ninez","tag-recreacion-2","tag-salud-2","tag-santa-fe","tag-verano-2"],"_links":{"self":[{"href":"https:\/\/www.almargenweb.com.ar\/web\/wp-json\/wp\/v2\/posts\/44164","targetHints":{"allow":["GET"]}}],"collection":[{"href":"https:\/\/www.almargenweb.com.ar\/web\/wp-json\/wp\/v2\/posts"}],"about":[{"href":"https:\/\/www.almargenweb.com.ar\/web\/wp-json\/wp\/v2\/types\/post"}],"author":[{"embeddable":true,"href":"https:\/\/www.almargenweb.com.ar\/web\/wp-json\/wp\/v2\/users\/17"}],"replies":[{"embeddable":true,"href":"https:\/\/www.almargenweb.com.ar\/web\/wp-json\/wp\/v2\/comments?post=44164"}],"version-history":[{"count":1,"href":"https:\/\/www.almargenweb.com.ar\/web\/wp-json\/wp\/v2\/posts\/44164\/revisions"}],"predecessor-version":[{"id":44168,"href":"https:\/\/www.almargenweb.com.ar\/web\/wp-json\/wp\/v2\/posts\/44164\/revisions\/44168"}],"wp:featuredmedia":[{"embeddable":true,"href":"https:\/\/www.almargenweb.com.ar\/web\/wp-json\/wp\/v2\/media\/44167"}],"wp:attachment":[{"href":"https:\/\/www.almargenweb.com.ar\/web\/wp-json\/wp\/v2\/media?parent=44164"}],"wp:term":[{"taxonomy":"category","embeddable":true,"href":"https:\/\/www.almargenweb.com.ar\/web\/wp-json\/wp\/v2\/categories?post=44164"},{"taxonomy":"post_tag","embeddable":true,"href":"https:\/\/www.almargenweb.com.ar\/web\/wp-json\/wp\/v2\/tags?post=44164"}],"curies":[{"name":"wp","href":"https:\/\/api.w.org\/{rel}","templated":true}]}}