{"id":44124,"date":"2024-12-20T10:06:44","date_gmt":"2024-12-20T13:06:44","guid":{"rendered":"https:\/\/www.almargenweb.com.ar\/web\/?p=44124"},"modified":"2024-12-20T10:06:46","modified_gmt":"2024-12-20T13:06:46","slug":"san-jeronimo-sud-sorteo-de-viviendas-10-familias-mas-cerca-de-la-casa-propia","status":"publish","type":"post","link":"https:\/\/www.almargenweb.com.ar\/web\/san-jeronimo-sud-sorteo-de-viviendas-10-familias-mas-cerca-de-la-casa-propia\/","title":{"rendered":"San Jer\u00f3nimo Sud: sorteo de viviendas, 10 familias m\u00e1s cerca de la casa propia"},"content":{"rendered":"\n<p><strong>El pasado lunes, junto a la Direcci\u00f3n Provincial de Vivienda y Urbanismo, la Comuna de San Jer\u00f3nimo Sud llev\u00f3 adelante el sorteo de viviendas del programa Demanda Global.<\/strong><\/p>\n\n\n\n<p>El sorteo se realiz\u00f3 en el <strong>SUM del Club Atl\u00e9tico San Jer\u00f3nimo<\/strong>, en donde los vecinos interesados pudieron acercarse a presenciar el mismo, con el acompa\u00f1amiento de la <strong>Directora provincial de intervenci\u00f3n del h\u00e1bitat de Rosario<\/strong>, <strong>Mar\u00eda Laura Lucci<\/strong> y el <strong>Secretario de Gobierno, Comunas y Municipios Horacio Ciancio<\/strong>. Fue conducido por el <strong>Director provincial Lucas Crivelli<\/strong> y con la fiscalizaci\u00f3n de la escribana <strong>Vanina Cuefati<\/strong>.<\/p>\n\n\n\n<p>El mismo se realiz\u00f3 seg\u00fan lo previsto bajo los t\u00e9rminos y condiciones legales de la provincia, y fue transmitido en vivo y en directo a trav\u00e9s de las redes sociales de la comuna, sorte\u00e1ndose los cupos correspondientes a Bomberos Voluntarios (un titular), Fuerzas de Seguridad mayor a 15 a\u00f1os (un titular), Fuerzas de seguridad menos a 5 a\u00f1os (un titular y un suplente), Discapacidad (un titular y dos suplentes), Demanda general con antig\u00fcedad (un titular y dos suplentes) y Demanda General (5 titulares y 10 suplentes).<\/p>\n\n\n\n<p>Los ganadores del sorteo ahora deber\u00e1n afrontar la etapa de constataci\u00f3n de los datos cargados en la declaraci\u00f3n jurada con la Direcci\u00f3n Provincial de Vivienda y Urbanismo, por lo cual el listado de quienes salieron sorteados puede tener cambios, proceso que lleva 45 d\u00edas.<\/p>\n\n\n\n<p>Al sorteo accedieron todos los vecinos inscriptos en el <strong>Registro Digital de Acceso a la vivienda <\/strong>confeccionado por la provincia tras evaluar que todos los inscriptos cumpl\u00edan con los requisitos legales establecidos por la misma.<\/p>\n\n\n\n<p>Los inscriptos sorteados a cada cupo son los siguientes, Bomberos Voluntarios (titular: Abreu Nicolas Dar\u00edo), Fuerzas de Seguridad mayor a 15 a\u00f1os (titular: Machado Julio C.), Fuerzas de seguridad menos a 5 a\u00f1os (titular: Pedernera Alan Martin y suplente: Bravin Andrea Soledad), Discapacidad (titular: Sandoval Fernanda Daniela y suplentes: Santi Wanda Lina y Reynoso Diaz Mar\u00eda del Rosario), Demanda general con antig\u00fcedad (titular: Rodr\u00edguez Elba Ver\u00f3nica y suplentes: Reinoso Guadalupe y Valle H\u00e9ctor Dar\u00edo ) y Demanda General ( titulares: Mara\u00f1es Dar\u00edo, Suarez Pablo David, Fontana Miriam Mara, Arga\u00f1araz Lorena Lucia, Rodr\u00edguez Eduardo Gast\u00f3n, y suplentes: Suarez Melina Lucia, Godetti Enzo Emanuel, Orellano Barbara Melina, Herrera Diego Martin, Galv\u00e1n Fabian Andr\u00e9s, Godetti Isabelino Rub\u00e9n, Mu\u00f1oz Leonel David, Godoy Noeli Anabel, Ram\u00edrez Juana Marisel y Godoy Pamela Alejandra).<\/p>\n\n\n\n<p>Las viviendas, una vez determinados los beneficiarios por parte de la provincia, se estar\u00edan entregando en el primer trimestre de 2025.<\/p>\n<!-- AddThis Advanced Settings generic via filter on the_content --><!-- AddThis Share Buttons generic via filter on the_content -->","protected":false},"excerpt":{"rendered":"<p>El pasado lunes, junto a la Direcci\u00f3n Provincial de Vivienda y Urbanismo, la Comuna de San [&hellip;]<!-- AddThis Advanced Settings generic via filter on get_the_excerpt --><!-- AddThis Share Buttons generic via filter on get_the_excerpt --><\/p>\n","protected":false},"author":17,"featured_media":44127,"comment_status":"closed","ping_status":"open","sticky":false,"template":"","format":"standard","meta":{"_seopress_robots_primary_cat":"none","_seopress_titles_title":"","_seopress_titles_desc":"","_seopress_robots_index":"","_themeisle_gutenberg_block_has_review":false,"footnotes":""},"categories":[20,24],"tags":[741,595,812,682],"class_list":["post-44124","post","type-post","status-publish","format-standard","has-post-thumbnail","hentry","category-departamentales","category-obras-publicas","tag-casa-propia","tag-maximiliano-pullaro","tag-san-jeronimo-sud","tag-vivienda"],"_links":{"self":[{"href":"https:\/\/www.almargenweb.com.ar\/web\/wp-json\/wp\/v2\/posts\/44124","targetHints":{"allow":["GET"]}}],"collection":[{"href":"https:\/\/www.almargenweb.com.ar\/web\/wp-json\/wp\/v2\/posts"}],"about":[{"href":"https:\/\/www.almargenweb.com.ar\/web\/wp-json\/wp\/v2\/types\/post"}],"author":[{"embeddable":true,"href":"https:\/\/www.almargenweb.com.ar\/web\/wp-json\/wp\/v2\/users\/17"}],"replies":[{"embeddable":true,"href":"https:\/\/www.almargenweb.com.ar\/web\/wp-json\/wp\/v2\/comments?post=44124"}],"version-history":[{"count":1,"href":"https:\/\/www.almargenweb.com.ar\/web\/wp-json\/wp\/v2\/posts\/44124\/revisions"}],"predecessor-version":[{"id":44128,"href":"https:\/\/www.almargenweb.com.ar\/web\/wp-json\/wp\/v2\/posts\/44124\/revisions\/44128"}],"wp:featuredmedia":[{"embeddable":true,"href":"https:\/\/www.almargenweb.com.ar\/web\/wp-json\/wp\/v2\/media\/44127"}],"wp:attachment":[{"href":"https:\/\/www.almargenweb.com.ar\/web\/wp-json\/wp\/v2\/media?parent=44124"}],"wp:term":[{"taxonomy":"category","embeddable":true,"href":"https:\/\/www.almargenweb.com.ar\/web\/wp-json\/wp\/v2\/categories?post=44124"},{"taxonomy":"post_tag","embeddable":true,"href":"https:\/\/www.almargenweb.com.ar\/web\/wp-json\/wp\/v2\/tags?post=44124"}],"curies":[{"name":"wp","href":"https:\/\/api.w.org\/{rel}","templated":true}]}}