{"id":43827,"date":"2024-11-04T11:34:42","date_gmt":"2024-11-04T14:34:42","guid":{"rendered":"https:\/\/www.almargenweb.com.ar\/web\/?p=43827"},"modified":"2024-11-04T11:49:59","modified_gmt":"2024-11-04T14:49:59","slug":"enrico-y-michlig-anunciaron-la-construccion-de-la-rotonda-en-rn34-y-rp39-y-la-repavimentacion-de-tramos-de-rp39-y-rp23","status":"publish","type":"post","link":"https:\/\/www.almargenweb.com.ar\/web\/enrico-y-michlig-anunciaron-la-construccion-de-la-rotonda-en-rn34-y-rp39-y-la-repavimentacion-de-tramos-de-rp39-y-rp23\/","title":{"rendered":"Enrico y Michlig anunciaron la construcci\u00f3n de la Rotonda en RN34 y RP39; y la repavimentaci\u00f3n de tramos de RP39 y RP23"},"content":{"rendered":"\n<p><strong>El pr\u00f3ximo 11 de Febrero ser\u00e1 la licitaci\u00f3n p\u00fablica, en el Dpto. San Crist\u00f3bal.<\/strong><\/p>\n\n\n\n<p>El <strong>Senador Felipe Michlig<\/strong> y el <strong>Ministro de Obras P\u00fablicas Lisandro Enrico<\/strong>, mantuvieron una reuni\u00f3n de trabajo en donde se repasaron las obras en marcha que despliega el Gobierno de la Provincia en el <strong>Departamento San Crist\u00f3bal<\/strong>, las previstas para el pr\u00f3ximo a\u00f1o en el marco del proyecto del presupuesto 2025, de donde surgi\u00f3 el anunci\u00f3 de parte del ministro de llamado a licitaci\u00f3n p\u00fablica de otras de suma trascendencia.<\/p>\n\n\n\n<p>En tal sentido <strong>Enrico<\/strong> confirm\u00f3 que <em>\u201cel pr\u00f3ximo 11 de febrero se realizar\u00e1 el acto de licitaci\u00f3n p\u00fablica para la construcci\u00f3n de la ROTONDA en la intersecci\u00f3n RN34 y RP39; adem\u00e1s de la REPAVIMENTACI\u00d3N del tramo de la RP39 entre ARRUF\u00d3 A VILLA TRINIDAD; y la REPAVIMENTACI\u00d3N del tramo de la RP23 desde VILLA TRINIDAD, pasando por SAN GUILLERMO y SUARDI, hasta el l\u00edmite con la Pcia. de C\u00f3rdoba\u201d.<\/em><\/p>\n\n\n\n<p class=\"has-text-align-center\"><em>\u201cEn estos meses de gesti\u00f3n recorrimos en tres oportunidades estas rutas que vamos a intervenir por la que tanto viene pidiendo el senador Michlig y el diputado Gonz\u00e1lez, lo cual nos lleva a darle prioridad para que en los pr\u00f3ximos meses se ponga en marcha el proceso pertinente, en beneficio de una gran regi\u00f3n productiva y de mucha transitabilidad\u201d.<\/em><\/p>\n\n\n\n<p class=\"has-medium-font-size\"><strong>\u201cEs un sue\u00f1o a punto de ser realidad\u201d<\/strong><\/p>\n\n\n\n<p>El <strong>Senador Michlig<\/strong> indic\u00f3 que <em>\u201cson obras que venimos gestionando hace m\u00e1s de 20 a\u00f1os y ahora est\u00e1n a punto de convertirse en realidad, en tan solo 11 meses del gobierno que conduce Maxi Pullaro\u201d.<\/em><\/p>\n\n\n\n<p><em>\u201cPara nosotros es un sue\u00f1o, porque son obras de infraestructura de una gran envergadura y complejidad, a la vez que merece de decisi\u00f3n pol\u00edtica e inversi\u00f3n, que es lo que por fin estamos viendo para que esto sea una realidad en favor del interior productivo y&nbsp;&nbsp;para brindar seguridad y mejorar la calidad de vida de todos los habitantes\u201d<\/em>, resalt\u00f3 el Senador.<\/p>\n\n\n\n<p class=\"has-medium-font-size\"><strong>Cumplimiento de la palabra empe\u00f1ada<\/strong><\/p>\n\n\n\n<p>A su vez el legislador indic\u00f3 que <em>\u201ctambi\u00e9n venimos trabajando con el diputado Marcelo Omar Gonz\u00e1lez para que todas estas obras est\u00e9n comprendidas en el proyecto de PRESUPUESTO 2025, que pronto trataremos en la legislatura provincial, lo cual va de la mano con la decisi\u00f3n del Gobierno Provincial que nos comunic\u00f3 el ministro Enrico\u201d.<\/em><\/p>\n\n\n\n<p>Finalmente <strong>Michlig<\/strong> manifest\u00f3 su <\/p>\n\n\n\n<p class=\"has-text-align-center\"><em>\u201cenorme agradecimiento al <strong>Gobernador&nbsp;Maximiliano&nbsp;&nbsp;Pullaro<\/strong>, al <\/em><strong><em>Ministro&nbsp;<\/em>Lisandro Enrico<\/strong><em>, al <strong>titular de la DPV Pablo Seghezzo<\/strong> y todo el equipo de trabajo del gobierno provincial que cumple con la palabra empe\u00f1ada, pese a las dificultades macroecon\u00f3micas imperantes\u201d.<\/em><\/p>\n\n\n\n<p><\/p>\n<!-- AddThis Advanced Settings generic via filter on the_content --><!-- AddThis Share Buttons generic via filter on the_content -->","protected":false},"excerpt":{"rendered":"<p>El pr\u00f3ximo 11 de Febrero ser\u00e1 la licitaci\u00f3n p\u00fablica, en el Dpto. San Crist\u00f3bal. El Senador [&hellip;]<!-- AddThis Advanced Settings generic via filter on get_the_excerpt --><!-- AddThis Share Buttons generic via filter on get_the_excerpt --><\/p>\n","protected":false},"author":17,"featured_media":43830,"comment_status":"closed","ping_status":"open","sticky":false,"template":"","format":"standard","meta":{"_seopress_robots_primary_cat":"none","_seopress_titles_title":"","_seopress_titles_desc":"","_seopress_robots_index":"","_themeisle_gutenberg_block_has_review":false,"footnotes":""},"categories":[24,321],"tags":[616,977,595],"class_list":["post-43827","post","type-post","status-publish","format-standard","has-post-thumbnail","hentry","category-obras-publicas","category-san-cristobal","tag-felipe-michlig","tag-lisandro-enrico","tag-maximiliano-pullaro"],"_links":{"self":[{"href":"https:\/\/www.almargenweb.com.ar\/web\/wp-json\/wp\/v2\/posts\/43827","targetHints":{"allow":["GET"]}}],"collection":[{"href":"https:\/\/www.almargenweb.com.ar\/web\/wp-json\/wp\/v2\/posts"}],"about":[{"href":"https:\/\/www.almargenweb.com.ar\/web\/wp-json\/wp\/v2\/types\/post"}],"author":[{"embeddable":true,"href":"https:\/\/www.almargenweb.com.ar\/web\/wp-json\/wp\/v2\/users\/17"}],"replies":[{"embeddable":true,"href":"https:\/\/www.almargenweb.com.ar\/web\/wp-json\/wp\/v2\/comments?post=43827"}],"version-history":[{"count":2,"href":"https:\/\/www.almargenweb.com.ar\/web\/wp-json\/wp\/v2\/posts\/43827\/revisions"}],"predecessor-version":[{"id":43835,"href":"https:\/\/www.almargenweb.com.ar\/web\/wp-json\/wp\/v2\/posts\/43827\/revisions\/43835"}],"wp:featuredmedia":[{"embeddable":true,"href":"https:\/\/www.almargenweb.com.ar\/web\/wp-json\/wp\/v2\/media\/43830"}],"wp:attachment":[{"href":"https:\/\/www.almargenweb.com.ar\/web\/wp-json\/wp\/v2\/media?parent=43827"}],"wp:term":[{"taxonomy":"category","embeddable":true,"href":"https:\/\/www.almargenweb.com.ar\/web\/wp-json\/wp\/v2\/categories?post=43827"},{"taxonomy":"post_tag","embeddable":true,"href":"https:\/\/www.almargenweb.com.ar\/web\/wp-json\/wp\/v2\/tags?post=43827"}],"curies":[{"name":"wp","href":"https:\/\/api.w.org\/{rel}","templated":true}]}}