{"id":43791,"date":"2024-10-29T15:45:13","date_gmt":"2024-10-29T18:45:13","guid":{"rendered":"https:\/\/www.almargenweb.com.ar\/web\/?p=43791"},"modified":"2024-10-29T15:45:16","modified_gmt":"2024-10-29T18:45:16","slug":"exitosa-edicion-de-la-9-fiesta-de-la-confraternidad-departamental-en-hersilia","status":"publish","type":"post","link":"https:\/\/www.almargenweb.com.ar\/web\/exitosa-edicion-de-la-9-fiesta-de-la-confraternidad-departamental-en-hersilia\/","title":{"rendered":"Exitosa edici\u00f3n de la 9\u00b0 Fiesta de la Confraternidad Departamental en Hersilia"},"content":{"rendered":"\n<p><strong>M\u00e1s de 20 mil personas participaron durante este s\u00e1bado y domingo del evento m\u00e1s convocante del Centro \u2013 Norte Provincial<br><\/strong><br>El senador<strong> Felipe Michlig<\/strong> a manera de balance manifest\u00f3 sentirse <em>\u201cfeliz, satisfecho y sumamente agradecido con todo lo vivido en est\u00e1 <strong>9\u00b0 Fiesta de la Confraternidad Departamental<\/strong>, a la vez que felicit\u00f3 a todos los que trabajaron incansablemente para este rotundo \u00e9xito que culmin\u00f3 con la presencia de m\u00e1s de 20 mil personas, que durante el s\u00e1bado y domingo colmaron el predio de la Sociedad Rural y disfrutaron de espect\u00e1culos \u00fanicos y de excelencia para toda la regi\u00f3n&#8221;<\/em>.<\/p>\n\n\n\n<p>En el mismo sentido, la <strong>Presidente Comunal de Hersilia, Silvana Romero<\/strong> se\u00f1al\u00f3 que <\/p>\n\n\n\n<p class=\"has-text-align-center\"><em>\u201csiento una profunda emoci\u00f3n por todo lo que hemos vivido este fin de semana. Todo sali\u00f3 muy bien, sin ning\u00fan incidente, la gente disfrutando a pleno y con un gran r\u00e9dito para nuestra localidad y las instituciones que participaron, al igual que emprendedores y artesanos\u201d.<\/em><\/p>\n\n\n\n<p><em>\u201cSolo tengo palabras de agradecimiento para todos los que trabajaron codo a codo para que esto sea posible, y por toda la confianza que deposit\u00f3 nuestro senador Felipe Michlig (gestor de la fiesta) y permitirnos organizar esta edici\u00f3n 2024. Tambi\u00e9n un especial agradecimiento a nuestro gobernador Pullaro por visitarnos y apoyarnos siempre\u201d.<\/em><\/p>\n\n\n\n<p class=\"has-medium-font-size\"><strong>Felicitaciones y Agradecimientos<\/strong><\/p>\n\n\n\n<p>Tambi\u00e9n el <strong>Senador Michlig<\/strong> y el <strong>Diputado Gonz\u00e1lez<\/strong> reiteraron <em>\u201cel agradecimiento a todos los artistas que aceptaron ser parte de esa edici\u00f3n de la Confraternidad, en una comunidad peque\u00f1a, pero con un coraz\u00f3n gigante: Monchito Merlo, Cacho Buenaventura, Somos los Piratas, Juan Fuentes, Los Lirios, Jorge Rojas, Q\u2019 Lokura, adem\u00e1s de todos los n\u00fameros art\u00edsticos locales y de la regi\u00f3n\u201d<\/em> resalt\u00f3.<\/p>\n\n\n\n<p>Asimismo los legisladores resaltaron <em>\u201ctodos los que trabajaron incansablemente, con una organizaci\u00f3n impecable, que ofreci\u00f3 adem\u00e1s los atractivos de la Exposici\u00f3n anual de la industria y el Comercio y la muestra cultual \u201cDepartamento San Crist\u00f3bal Desde el aire<\/em>\u201d, agregando <em>\u201cun especial agradecimiento al Gobernador Maxiiliano Pullaro y elenco gubernamental que nos visitaron y acompa\u00f1aron\u201d<\/em>, detall\u00f3 Michlig.<\/p>\n\n\n\n<figure class=\"wp-block-gallery has-nested-images columns-default is-cropped wp-block-gallery-1 is-layout-flex wp-block-gallery-is-layout-flex\">\n<figure class=\"wp-block-image size-large\"><img loading=\"lazy\" decoding=\"async\" width=\"1024\" height=\"614\" data-id=\"43796\" src=\"https:\/\/www.almargenweb.com.ar\/web\/wp-content\/uploads\/2024\/10\/confraternidad-10-1024x614.jpg\" alt=\"\" class=\"wp-image-43796\" srcset=\"https:\/\/www.almargenweb.com.ar\/web\/wp-content\/uploads\/2024\/10\/confraternidad-10-1024x614.jpg 1024w, https:\/\/www.almargenweb.com.ar\/web\/wp-content\/uploads\/2024\/10\/confraternidad-10-300x180.jpg 300w, https:\/\/www.almargenweb.com.ar\/web\/wp-content\/uploads\/2024\/10\/confraternidad-10-768x461.jpg 768w, https:\/\/www.almargenweb.com.ar\/web\/wp-content\/uploads\/2024\/10\/confraternidad-10.jpg 1200w\" sizes=\"auto, (max-width: 1024px) 100vw, 1024px\" \/><\/figure>\n<\/figure>\n\n\n\n<p class=\"has-medium-font-size\"><strong>\u201cLa Fiesta antigrieta, de la familia y la amistad\u201d<\/strong><\/p>\n\n\n\n<p>En particular el senador expres\u00f3 sus <em>\u201cfelicitaciones a la Pte. comunal Silvana Romero y todo el equipo de trabajo Comunal y departamental, como tambi\u00e9n a los encargados de salud, de Seguridad, Registro Civil, de t\u00e9cnica y sonido, a todas las instituciones, a los anfitriones por poner el coraz\u00f3n en este desafi\u00f3. Asimismo, a los sponsors p\u00fablicos y privados a todas las instituciones, artesanos y emprendedores, expositores, prensa y p\u00fablico en general, todos en pos de seguir haciendo m\u00e1s grande La Fiesta antigrieta, de la familia y la amistad\u201d.<\/em><\/p>\n\n\n\n<p>Durante el curso de ambas jornada se destacaron la presencia del <strong>Gobernador Maximiliano Pullaro<\/strong> y de la<strong> Vicegobernadora Gisela Scaglia<\/strong>, de los ministros <strong>Gustavo Puccini<\/strong>, <strong>Pablo Olivares<\/strong>, <strong>Susana Rueda<\/strong>, <strong>Fabian Bastia<\/strong>, <strong>Jos\u00e9 Goity<\/strong>; adem\u00e1s de funcionarios de distintas entre ellos, <strong>Juan Cruz C\u00e1ndido<\/strong>, <strong>Virginia Coudanes<\/strong>, <strong>Horacio Ciancio<\/strong>, los diputados <strong>Marcelo Gonz\u00e1lez<\/strong> y <strong>Jos\u00e9 Corral<\/strong>, entre otras autoridades provinciales, regionales y locales.<\/p>\n\n\n\n<p class=\"has-medium-font-size\"><strong>Conferencia de Prensa<\/strong><\/p>\n\n\n\n<p>En conferencia de prensa, el gobernador de Santa Fe, <strong>Maximiliano Pullaro <\/strong>resalt\u00f3 la realizaci\u00f3n de eventos culturales en el interior de la provincia destacando que <\/p>\n\n\n\n<p class=\"has-text-align-center\"><em>\u201cla cultura tiene que llegar a las localidades del interior con el apoyo del Estado. Este evento nacido en 2014 de la mano de Felipe es un ejemplo y lo tenemos que repetir en toda la provincia\u201d.<\/em><\/p>\n\n\n\n<p><em>\u201cLos que provenimos del interior sabemos la importancia que tiene para todo el pueblo tener un evento de est\u00e1s caracter\u00edsticas, uno no se olvida nunca m\u00e1s\u201d<\/em> mencion\u00f3 el Gobernador Pullaro.<\/p>\n\n\n\n<p>En la misma el <strong>Senador Michlig<\/strong> esboz\u00f3 que <em>\u201cen las pr\u00f3ximas semanas ya nos pondremos a trabajar para la d\u00e9cima edici\u00f3n\u201d<\/em>, descartando que a\u00fan hay\u00e1 un lugar determinado, <em>\u201cpero por cumplirse 10 a\u00f1os tendr\u00e1 que ser mejor a\u00fan\u201d.<\/em><\/p>\n\n\n\n<figure class=\"wp-block-gallery has-nested-images columns-default is-cropped wp-block-gallery-2 is-layout-flex wp-block-gallery-is-layout-flex\">\n<figure class=\"wp-block-image size-large\"><img loading=\"lazy\" decoding=\"async\" width=\"1024\" height=\"614\" data-id=\"43794\" src=\"https:\/\/www.almargenweb.com.ar\/web\/wp-content\/uploads\/2024\/10\/confraternidad-4-1024x614.jpg\" alt=\"\" class=\"wp-image-43794\" srcset=\"https:\/\/www.almargenweb.com.ar\/web\/wp-content\/uploads\/2024\/10\/confraternidad-4-1024x614.jpg 1024w, https:\/\/www.almargenweb.com.ar\/web\/wp-content\/uploads\/2024\/10\/confraternidad-4-300x180.jpg 300w, https:\/\/www.almargenweb.com.ar\/web\/wp-content\/uploads\/2024\/10\/confraternidad-4-768x461.jpg 768w, https:\/\/www.almargenweb.com.ar\/web\/wp-content\/uploads\/2024\/10\/confraternidad-4.jpg 1200w\" sizes=\"auto, (max-width: 1024px) 100vw, 1024px\" \/><\/figure>\n<\/figure>\n<!-- AddThis Advanced Settings generic via filter on the_content --><!-- AddThis Share Buttons generic via filter on the_content -->","protected":false},"excerpt":{"rendered":"<p>M\u00e1s de 20 mil personas participaron durante este s\u00e1bado y domingo del evento m\u00e1s convocante del [&hellip;]<!-- AddThis Advanced Settings generic via filter on get_the_excerpt --><!-- AddThis Share Buttons generic via filter on get_the_excerpt --><\/p>\n","protected":false},"author":17,"featured_media":43795,"comment_status":"closed","ping_status":"open","sticky":false,"template":"","format":"standard","meta":{"_seopress_robots_primary_cat":"none","_seopress_titles_title":"","_seopress_titles_desc":"","_seopress_robots_index":"","_themeisle_gutenberg_block_has_review":false,"footnotes":""},"categories":[28,321],"tags":[972,616,971,595,71,340],"class_list":["post-43791","post","type-post","status-publish","format-standard","has-post-thumbnail","hentry","category-fiestas","category-san-cristobal","tag-confraternidad","tag-felipe-michlig","tag-hersilla","tag-maximiliano-pullaro","tag-santa-fe","tag-senador"],"_links":{"self":[{"href":"https:\/\/www.almargenweb.com.ar\/web\/wp-json\/wp\/v2\/posts\/43791","targetHints":{"allow":["GET"]}}],"collection":[{"href":"https:\/\/www.almargenweb.com.ar\/web\/wp-json\/wp\/v2\/posts"}],"about":[{"href":"https:\/\/www.almargenweb.com.ar\/web\/wp-json\/wp\/v2\/types\/post"}],"author":[{"embeddable":true,"href":"https:\/\/www.almargenweb.com.ar\/web\/wp-json\/wp\/v2\/users\/17"}],"replies":[{"embeddable":true,"href":"https:\/\/www.almargenweb.com.ar\/web\/wp-json\/wp\/v2\/comments?post=43791"}],"version-history":[{"count":1,"href":"https:\/\/www.almargenweb.com.ar\/web\/wp-json\/wp\/v2\/posts\/43791\/revisions"}],"predecessor-version":[{"id":43797,"href":"https:\/\/www.almargenweb.com.ar\/web\/wp-json\/wp\/v2\/posts\/43791\/revisions\/43797"}],"wp:featuredmedia":[{"embeddable":true,"href":"https:\/\/www.almargenweb.com.ar\/web\/wp-json\/wp\/v2\/media\/43795"}],"wp:attachment":[{"href":"https:\/\/www.almargenweb.com.ar\/web\/wp-json\/wp\/v2\/media?parent=43791"}],"wp:term":[{"taxonomy":"category","embeddable":true,"href":"https:\/\/www.almargenweb.com.ar\/web\/wp-json\/wp\/v2\/categories?post=43791"},{"taxonomy":"post_tag","embeddable":true,"href":"https:\/\/www.almargenweb.com.ar\/web\/wp-json\/wp\/v2\/tags?post=43791"}],"curies":[{"name":"wp","href":"https:\/\/api.w.org\/{rel}","templated":true}]}}