{"id":43768,"date":"2024-10-24T08:27:48","date_gmt":"2024-10-24T11:27:48","guid":{"rendered":"https:\/\/www.almargenweb.com.ar\/web\/?p=43768"},"modified":"2024-10-24T08:27:51","modified_gmt":"2024-10-24T11:27:51","slug":"el-senador-michlig-y-el-diputado-gonzalez-entregaron-en-huanqueros-y-la-clara-valiosos-aportes-legislativos","status":"publish","type":"post","link":"https:\/\/www.almargenweb.com.ar\/web\/el-senador-michlig-y-el-diputado-gonzalez-entregaron-en-huanqueros-y-la-clara-valiosos-aportes-legislativos\/","title":{"rendered":"El senador Michlig y el diputado Gonz\u00e1lez entregaron en Huanqueros y La Clara valiosos aportes legislativos"},"content":{"rendered":"\n<p><strong>Durante una larga jornada de actividades territoriales los legisladores visitaron las localidades de\u00a0 Huanqueros y La Clara para apoyar objetivos de numerosas instituciones sociales.<\/strong><\/p>\n\n\n\n<p>Este martes el Senador<strong> Felipe Michlig <\/strong>y el Diputado <strong>Marcelo Gonz\u00e1lez<\/strong> visitaron las localidades de Huanqueros y La Clara en donde se reunieron con representantes de numerosas instituciones, recepcionaron inquietudes y solicitudes, recorrieron obras y entregaron valiosos aportes legislativos de fortalecimiento institucional (PFI).<\/p>\n\n\n\n<p><em>\u201cVisitar cada rinc\u00f3n del departamento, estar con cada una de las instituciones, colaborar en la realizaci\u00f3n de sus sue\u00f1os y objetivos de bien com\u00fan, no solo es una obligaci\u00f3n, sino una gran satisfacci\u00f3n\u201d<\/em> indic\u00f3 el Senador <strong>Michlig<\/strong>.<\/p>\n\n\n\n<p class=\"has-medium-font-size\"><strong>Aportes a instituciones<\/strong><\/p>\n\n\n\n<p>En Huanqueros los legisladores encabezaron un acto en la Escuela N\u00b0 6042 &#8220;25 de mayo&#8221;, acompa\u00f1ados por la directora de la instituci\u00f3n, <strong>Mariela Valenzuela<\/strong>, junto a docentes y representantes de otras escuelas del \u00e1rea, los Ptes. comunales <strong>Felipe Vieira<\/strong>, <strong>Luis Mezzenasco<\/strong>, el referente local Roque Ferreyra, adem\u00e1s de representantes de la comunidad educativa y alumnos de los establecimientos beneficiados.<\/p>\n\n\n\n<p>En la oportunidad se entregaron aportes del <strong>Programa de Fortalecimiento Institucional de la C\u00e1mara de Senadores<\/strong> (PFI), a saber:<\/p>\n\n\n\n<ul class=\"wp-block-list\">\n<li>Escuela N\u00b0 6042 recibi\u00f3 un nuevo aporte en manos de su directora, Mariela Valenzuela, para la adquisici\u00f3n de juegos infantiles. En este sentido, se anunci\u00f3 que la instituci\u00f3n recibir\u00e1 pr\u00f3ximamente otro aporte que completar\u00e1 el total necesario para finalizar esta importante compra, \u201cdestinada a mejorar los espacios de recreaci\u00f3n para los alumnos\u201d.<\/li>\n\n\n\n<li>Comuna de La Cabral: Su presidente comunal, Luis Mezzenasco, recibi\u00f3 un aporte destinado al equipo de f\u00fatbol femenino de la localidad, en reconocimiento a su crecimiento y contribuci\u00f3n al desarrollo deportivo local.<\/li>\n\n\n\n<li>C.E.R. N\u00b0 277 Pje. El Tigre: Recibi\u00f3 un aporte que ser\u00e1 utilizado para cubrir los gastos de sonido en la celebraci\u00f3n del 50\u00ba aniversario del establecimiento educativo.<\/li>\n\n\n\n<li>Escuela de Taekwondo de Huanqueros: Fue beneficiada con un aporte destinado a la adquisici\u00f3n de insumos necesarios para la pr\u00e1ctica del deporte.<\/li>\n\n\n\n<li>Centros Educativos Rurales (CER) para solventar los costos de un viaje educativo a las ciudades de Rosario y San Lorenzo, permitiendo a los alumnos conocer espacios hist\u00f3ricos y culturales de gran relevancia: -Escuela N\u00b0681 Ing. A. Arcos &#8220;El Fisco&#8221;. \/\/ &#8211; Escuela N\u00b01395 &#8220;S.R. Brigadier&#8221; Las Avispas. \/\/ -C.E.R. N\u00b0157 R. Foster &#8220;El Simbol&#8221;. \/\/ -C.E.R. N\u00b0277 E. Amisis &#8220;Paraje El Tigre&#8221;. \/\/ -C.E.R. N\u00b0581 C. San Lorenzo &#8220;Paraje La Polvareda&#8221;. \/\/ -C.E.R. N\u00b0609 F.B. Guiraz\u00fa &#8220;Paraje Monte Avispas&#8221;.+<\/li>\n<\/ul>\n\n\n\n<figure class=\"wp-block-image size-large\"><img loading=\"lazy\" decoding=\"async\" width=\"1024\" height=\"614\" src=\"https:\/\/www.almargenweb.com.ar\/web\/wp-content\/uploads\/2024\/10\/aportes-huanqueros-2-1024x614.jpg\" alt=\"\" class=\"wp-image-43773\" srcset=\"https:\/\/www.almargenweb.com.ar\/web\/wp-content\/uploads\/2024\/10\/aportes-huanqueros-2-1024x614.jpg 1024w, https:\/\/www.almargenweb.com.ar\/web\/wp-content\/uploads\/2024\/10\/aportes-huanqueros-2-300x180.jpg 300w, https:\/\/www.almargenweb.com.ar\/web\/wp-content\/uploads\/2024\/10\/aportes-huanqueros-2-768x461.jpg 768w, https:\/\/www.almargenweb.com.ar\/web\/wp-content\/uploads\/2024\/10\/aportes-huanqueros-2.jpg 1200w\" sizes=\"auto, (max-width: 1024px) 100vw, 1024px\" \/><\/figure>\n\n\n\n<p class=\"has-medium-font-size\"><strong>Visita a La Clara<\/strong><\/p>\n\n\n\n<p>Posteriormente los legisladores visitaron la localidad de La Clara en donde junto a la presidenta comunal <strong>Patricia Mandrile<\/strong>, entregaron un aporte econ\u00f3mico por un monto de $3.812.319 en la Capilla &#8220;Nuestra Se\u00f1ora de los Milagros, destinado a la adquisici\u00f3n de materiales para el recambio del techo del edificio religioso.<\/p>\n\n\n\n<figure class=\"wp-block-image size-large\"><img loading=\"lazy\" decoding=\"async\" width=\"1024\" height=\"614\" src=\"https:\/\/www.almargenweb.com.ar\/web\/wp-content\/uploads\/2024\/10\/la-clara-aportes-1-1024x614.jpg\" alt=\"\" class=\"wp-image-43772\" srcset=\"https:\/\/www.almargenweb.com.ar\/web\/wp-content\/uploads\/2024\/10\/la-clara-aportes-1-1024x614.jpg 1024w, https:\/\/www.almargenweb.com.ar\/web\/wp-content\/uploads\/2024\/10\/la-clara-aportes-1-300x180.jpg 300w, https:\/\/www.almargenweb.com.ar\/web\/wp-content\/uploads\/2024\/10\/la-clara-aportes-1-768x461.jpg 768w, https:\/\/www.almargenweb.com.ar\/web\/wp-content\/uploads\/2024\/10\/la-clara-aportes-1.jpg 1200w\" sizes=\"auto, (max-width: 1024px) 100vw, 1024px\" \/><\/figure>\n\n\n\n<p>El aporte fue recibido por el p\u00e1rroco Daniel Ferrero y los colaboradores de la capilla, quienes agradecieron el \u201csignificativo apoyo brindado\u201d.<em> &#8220;Seguiremos trabajando en conjunto para que esta obra tan significativa para la comunidad de La Clara se lleve adelante en su totalidad&#8221;<\/em>, subray\u00f3 el Senador <strong>Michlig<\/strong>.<\/p>\n\n\n\n<p>En el encuentro, tambi\u00e9n estuvieron presentes el presidente Bochazo club de colonia la clara La Clara, <strong>H\u00e9ctor Giordano<\/strong>, y el tesorero de la comuna, <strong>Oscar Galope<\/strong>, quienes acompa\u00f1aron la jornada y destacaron la importancia de las obras que se realizar\u00e1n en la capilla, un espacio clave para la vida religiosa y social de la comunidad.<\/p>\n<!-- AddThis Advanced Settings generic via filter on the_content --><!-- AddThis Share Buttons generic via filter on the_content -->","protected":false},"excerpt":{"rendered":"<p>Durante una larga jornada de actividades territoriales los legisladores visitaron las localidades de\u00a0 Huanqueros y La [&hellip;]<!-- AddThis Advanced Settings generic via filter on get_the_excerpt --><!-- AddThis Share Buttons generic via filter on get_the_excerpt --><\/p>\n","protected":false},"author":17,"featured_media":43771,"comment_status":"closed","ping_status":"open","sticky":false,"template":"","format":"standard","meta":{"_seopress_robots_primary_cat":"none","_seopress_titles_title":"","_seopress_titles_desc":"","_seopress_robots_index":"","_themeisle_gutenberg_block_has_review":false,"footnotes":""},"categories":[321],"tags":[616,964,938,340],"class_list":["post-43768","post","type-post","status-publish","format-standard","has-post-thumbnail","hentry","category-san-cristobal","tag-felipe-michlig","tag-la-clara","tag-marcelo-gonzalez-2","tag-senador"],"_links":{"self":[{"href":"https:\/\/www.almargenweb.com.ar\/web\/wp-json\/wp\/v2\/posts\/43768","targetHints":{"allow":["GET"]}}],"collection":[{"href":"https:\/\/www.almargenweb.com.ar\/web\/wp-json\/wp\/v2\/posts"}],"about":[{"href":"https:\/\/www.almargenweb.com.ar\/web\/wp-json\/wp\/v2\/types\/post"}],"author":[{"embeddable":true,"href":"https:\/\/www.almargenweb.com.ar\/web\/wp-json\/wp\/v2\/users\/17"}],"replies":[{"embeddable":true,"href":"https:\/\/www.almargenweb.com.ar\/web\/wp-json\/wp\/v2\/comments?post=43768"}],"version-history":[{"count":1,"href":"https:\/\/www.almargenweb.com.ar\/web\/wp-json\/wp\/v2\/posts\/43768\/revisions"}],"predecessor-version":[{"id":43774,"href":"https:\/\/www.almargenweb.com.ar\/web\/wp-json\/wp\/v2\/posts\/43768\/revisions\/43774"}],"wp:featuredmedia":[{"embeddable":true,"href":"https:\/\/www.almargenweb.com.ar\/web\/wp-json\/wp\/v2\/media\/43771"}],"wp:attachment":[{"href":"https:\/\/www.almargenweb.com.ar\/web\/wp-json\/wp\/v2\/media?parent=43768"}],"wp:term":[{"taxonomy":"category","embeddable":true,"href":"https:\/\/www.almargenweb.com.ar\/web\/wp-json\/wp\/v2\/categories?post=43768"},{"taxonomy":"post_tag","embeddable":true,"href":"https:\/\/www.almargenweb.com.ar\/web\/wp-json\/wp\/v2\/tags?post=43768"}],"curies":[{"name":"wp","href":"https:\/\/api.w.org\/{rel}","templated":true}]}}